{"id":929,"date":"2021-09-12T22:34:20","date_gmt":"2021-09-12T22:34:20","guid":{"rendered":"https:\/\/pps.ma\/elections2021\/?p=929"},"modified":"2021-09-12T22:45:24","modified_gmt":"2021-09-12T22:45:24","slug":"communique-du-bureau-politique-du-pps-du-vendredi-10-septembre-2021","status":"publish","type":"post","link":"https:\/\/pps.ma\/elections2021\/?p=929","title":{"rendered":"Communiqu\u00e9 du bureau politique du PPS du vendredi 10 septembre 2021"},"content":{"rendered":"<h2 dir=\"ltr\"><span style=\"color: #418ff6;\">Communiqu\u00e9 du bureau politique du PPS du vendredi 10 septembre 2021<\/span><\/h2>\n<p dir=\"ltr\">Au cours de sa r\u00e9union, tenue vendredi 10 septembre 2021 pour l\u2019\u00e9valuation pr\u00e9liminaire du scrutin du 8 septembre, le bureau politique a enregistr\u00e9 positivement l\u2019organisation par notre pays des \u00e9lections des membres de la Chambre des Repr\u00e9sentants et des conseils des Communes et des R\u00e9gions, dans le respect des d\u00e9lais constitutionnels, en d\u00e9pit les\u00a0 difficult\u00e9s li\u00e9es \u00e0 la pand\u00e9mie du Covid-19 et \u00e0 de ses r\u00e9percussions n\u00e9gatives \u00e0 divers niveaux, y compris \u00e0 celui des moyens et des formes des campagnes \u00e9lectorales. Il s\u2019est \u00e9galement f\u00e9licit\u00e9 de l\u2019augmentation tangible du taux de participation et de la repr\u00e9sentation f\u00e9minine, renfor\u00e7ant ainsi la progression\u00a0 vers la r\u00e9alisation du principe de la parit\u00e9.<\/p>\n<p dir=\"ltr\">Le bureau politique s\u2019est arr\u00eat\u00e9 sur les conditions g\u00e9n\u00e9rales dans lesquelles cette \u00e9ch\u00e9ance nationale importante s\u2019est d\u00e9roul\u00e9e ainsi que sur les r\u00f4les que les autorit\u00e9s publiques ont jou\u00e9s pour l\u2019organisation de cette op\u00e9ration \u00e9lectorale dans un climat sain, nonobstant des violations \u00e9manant principalement de pratiques locales ill\u00e9gales limit\u00e9es.<\/p>\n<p dir=\"ltr\">Dans son \u00e9valuation pr\u00e9liminaire de ce processus \u00e9lectoral, le bureau politique se fonde sur son aspiration \u00e0 la consolidation de la construction d\u00e9mocratique dans notre pays, au renforcement de la pratique \u00e9lectorale et \u00e0 son \u00e9l\u00e9vation au niveau qui sied \u00e0 son image, \u00e0 sa r\u00e9putation et \u00e0 sa place. Sur cette base, le bureau politique du Parti du Progr\u00e8s et du Socialisme consid\u00e8re qu\u2019il est de son devoir, tout en se f\u00e9licitant des aspects positifs de ce processus, d\u2019attirer dans le m\u00eame temps l\u2019attention sur un ph\u00e9nom\u00e8ne dangereux constitu\u00e9 par l\u2019utilisation sans pr\u00e9c\u00e9dent de l\u2019argent lors de ces \u00e9lections.<\/p>\n<p dir=\"ltr\">Dans l\u2019attente de revenir sur les aspects de cette question pour en pr\u00e9ciser et examiner tous les aspects y aff\u00e9rents, le bureau politique consid\u00e8re que ce ph\u00e9nom\u00e8ne est susceptible de porter pr\u00e9judice aux institutions \u00e9lues, \u00e0 leur cr\u00e9dibilit\u00e9 et au degr\u00e9 de confiance dans les \u00e9lus d\u2019une part, et \u00e0 la r\u00e9silience m\u00eame des partis politiques en ce qui concerne leurs d\u00e9cisions et leurs orientations d\u2019autre part.<\/p>\n<p dir=\"ltr\">Apr\u00e8s avoir pass\u00e9 en revue les r\u00e9sultats pr\u00e9liminaires globaux, le bureau politique a exprim\u00e9 sa fiert\u00e9 \u00e0 l\u2019\u00e9gard des r\u00e9sultats historiques in\u00e9dits r\u00e9alis\u00e9s par le Parti du Progr\u00e8s et du Socialisme lors de ces \u00e9ch\u00e9ances, notamment au niveau de la Chambre des Repr\u00e9sentants dans laquelle il a doubl\u00e9 sa repr\u00e9sentation au sein de la Chambre des Repr\u00e9sentants sur la base de la parit\u00e9 totale entre les \u00e9lues femmes et les \u00e9lus hommes.<\/p>\n<p dir=\"ltr\">A cette occasion, le bureau politique se f\u00e9licite des efforts \u00e9normes d\u00e9ploy\u00e9s par le staff du parti charg\u00e9 de la gestion de ces \u00e9lections, avec \u00e0 sa t\u00eate le camarade Mohammed Nabil Benabdallah, Secr\u00e9taire G\u00e9n\u00e9ral du parti, dans la r\u00e9alisation de ces r\u00e9sultats positifs in\u00e9dits.<\/p>\n<p dir=\"ltr\">Dans le m\u00eame temps, le bureau politique adresse ses vives f\u00e9licitations \u00e0 toutes et \u00e0 tous les camarades \u00e9lus (es) lors de ces \u00e9ch\u00e9ances \u00e9lectorales l\u00e9gislatives, r\u00e9gionales et communales. Il adresse aussi ses hautes salutations aux milliers de candidates et de candidats qui ont port\u00e9 avec honneur et probit\u00e9 l\u2019\u00e9tendard du parti et men\u00e9 des campagnes \u00e9lectorales militantes fortes et propres. Le bureau politique exprime aussi sa gratitude et sa consid\u00e9ration aux centaines de milliers d\u2019\u00e9lectrices et d\u2019\u00e9lecteurs qui ont mis leur confiance dans le parti et \u00e0 l\u2019ensemble des sympathisants qui ont contribu\u00e9 d\u2019une mani\u00e8re ou d\u2019une autre au succ\u00e8s de sa campagne \u00e9lectorale.<\/p>\n<p dir=\"ltr\">Le bureau politique a abord\u00e9 \u00e9galement aussi l\u2019\u00e9tape prochaine li\u00e9e \u00e0 l\u2019\u00e9mergence des pr\u00e9sidences et des bureaux des assembl\u00e9es territoriales \u00e0 l\u2019\u00e9lection des membres de la Chambre des Conseillers et appel\u00e9 \u00e0 ce propos l\u2019ensemble des \u00e9lus (es) du parti et toutes ses organisations, ses militantes et ses militants \u00e0 la mobilisation continue pour la r\u00e9alisation de r\u00e9sultats positifs qui confortent et consacrent la position ascendante de notre parti dans le paysage politique national.<\/p>\n<p dir=\"ltr\">\n","protected":false},"excerpt":{"rendered":"<p>Communiqu\u00e9 du bureau politique du PPS du vendredi 10 septembre 2021 Au cours de sa r\u00e9union, tenue vendredi 10 septembre 2021 pour l\u2019\u00e9valuation pr\u00e9liminaire du scrutin du 8 septembre, le bureau politique a enregistr\u00e9 &#8230; <a class=\"cz_readmore cz_readmore_no_title\" href=\"https:\/\/pps.ma\/elections2021\/?p=929\"><i class=\"fa czico-133-arrows-7\"><\/i><span><\/span><\/a><\/p>\n","protected":false},"author":1,"featured_media":936,"comment_status":"open","ping_status":"open","sticky":false,"template":"","format":"standard","meta":{"footnotes":""},"categories":[12],"tags":[],"yoast_head":"<!-- This site is optimized with the Yoast SEO plugin v17.2.1 - https:\/\/yoast.com\/wordpress\/plugins\/seo\/ -->\n<title>Communiqu\u00e9 du bureau politique du PPS du vendredi 10 septembre 2021 - \u062d\u0632\u0628 \u0627\u0644\u062a\u0642\u062f\u0645 \u0648 \u0627\u0644\u0627\u0634\u062a\u0631\u0627\u0643\u064a\u0629<\/title>\n<meta name=\"description\" content=\"Au cours de sa r\u00e9union, tenue vendredi 10 septembre 2021 pour l\u2019\u00e9valuation pr\u00e9liminaire du scrutin du 8 septembre, le bureau\" \/>\n<meta name=\"robots\" content=\"index, follow, max-snippet:-1, max-image-preview:large, max-video-preview:-1\" \/>\n<link rel=\"canonical\" href=\"https:\/\/pps.ma\/elections2021\/?p=929\" \/>\n<meta property=\"og:locale\" content=\"ar_AR\" \/>\n<meta property=\"og:type\" content=\"article\" \/>\n<meta property=\"og:title\" content=\"Communiqu\u00e9 du bureau politique du PPS du vendredi 10 septembre 2021 - \u062d\u0632\u0628 \u0627\u0644\u062a\u0642\u062f\u0645 \u0648 \u0627\u0644\u0627\u0634\u062a\u0631\u0627\u0643\u064a\u0629\" \/>\n<meta property=\"og:description\" content=\"Au cours de sa r\u00e9union, tenue vendredi 10 septembre 2021 pour l\u2019\u00e9valuation pr\u00e9liminaire du scrutin du 8 septembre, le bureau\" \/>\n<meta property=\"og:url\" content=\"https:\/\/pps.ma\/elections2021\/?p=929\" \/>\n<meta property=\"og:site_name\" content=\"\u062d\u0632\u0628 \u0627\u0644\u062a\u0642\u062f\u0645 \u0648 \u0627\u0644\u0627\u0634\u062a\u0631\u0627\u0643\u064a\u0629\" \/>\n<meta property=\"article:published_time\" content=\"2021-09-12T22:34:20+00:00\" \/>\n<meta property=\"article:modified_time\" content=\"2021-09-12T22:45:24+00:00\" \/>\n<meta property=\"og:image\" content=\"https:\/\/pps.ma\/elections2021\/wp-content\/uploads\/2021\/09\/pps_logo_fr2.jpg\" \/>\n\t<meta property=\"og:image:width\" content=\"1200\" \/>\n\t<meta property=\"og:image:height\" content=\"628\" \/>\n<meta name=\"twitter:card\" content=\"summary_large_image\" \/>\n<meta name=\"twitter:label1\" content=\"\u0643\u064f\u062a\u0628 \u0628\u0648\u0627\u0633\u0637\u0629\" \/>\n\t<meta name=\"twitter:data1\" content=\"pps.ma\" \/>\n\t<meta name=\"twitter:label2\" content=\"\u0648\u0642\u062a \u0627\u0644\u0642\u0631\u0627\u0621\u0629 \u0627\u0644\u0645\u064f\u0642\u062f\u0651\u0631\" \/>\n\t<meta name=\"twitter:data2\" content=\"3 \u062f\u0642\u0627\u0626\u0642\" \/>\n<script type=\"application\/ld+json\" class=\"yoast-schema-graph\">{\"@context\":\"https:\/\/schema.org\",\"@graph\":[{\"@type\":\"WebSite\",\"@id\":\"https:\/\/pps.ma\/elections2021\/#website\",\"url\":\"https:\/\/pps.ma\/elections2021\/\",\"name\":\"\\u062d\\u0632\\u0628 \\u0627\\u0644\\u062a\\u0642\\u062f\\u0645 \\u0648 \\u0627\\u0644\\u0627\\u0634\\u062a\\u0631\\u0627\\u0643\\u064a\\u0629\",\"description\":\"\\u0627\\u0644\\u0627\\u0646\\u062a\\u062e\\u0627\\u0628\\u0627\\u062a \\u0627\\u0644\\u062a\\u0634\\u0631\\u064a\\u0639\\u064a\\u0629 2021\",\"potentialAction\":[{\"@type\":\"SearchAction\",\"target\":{\"@type\":\"EntryPoint\",\"urlTemplate\":\"https:\/\/pps.ma\/elections2021\/?s={search_term_string}\"},\"query-input\":\"required name=search_term_string\"}],\"inLanguage\":\"ar\"},{\"@type\":\"ImageObject\",\"@id\":\"https:\/\/pps.ma\/elections2021\/?p=929#primaryimage\",\"inLanguage\":\"ar\",\"url\":\"https:\/\/pps.ma\/elections2021\/wp-content\/uploads\/2021\/09\/pps_logo_fr2.jpg\",\"contentUrl\":\"https:\/\/pps.ma\/elections2021\/wp-content\/uploads\/2021\/09\/pps_logo_fr2.jpg\",\"width\":1200,\"height\":628},{\"@type\":\"WebPage\",\"@id\":\"https:\/\/pps.ma\/elections2021\/?p=929#webpage\",\"url\":\"https:\/\/pps.ma\/elections2021\/?p=929\",\"name\":\"Communiqu\\u00e9 du bureau politique du PPS du vendredi 10 septembre 2021 - \\u062d\\u0632\\u0628 \\u0627\\u0644\\u062a\\u0642\\u062f\\u0645 \\u0648 \\u0627\\u0644\\u0627\\u0634\\u062a\\u0631\\u0627\\u0643\\u064a\\u0629\",\"isPartOf\":{\"@id\":\"https:\/\/pps.ma\/elections2021\/#website\"},\"primaryImageOfPage\":{\"@id\":\"https:\/\/pps.ma\/elections2021\/?p=929#primaryimage\"},\"datePublished\":\"2021-09-12T22:34:20+00:00\",\"dateModified\":\"2021-09-12T22:45:24+00:00\",\"author\":{\"@id\":\"https:\/\/pps.ma\/elections2021\/#\/schema\/person\/49067fa000f0b5348c4d30568cdccbe7\"},\"description\":\"Au cours de sa r\\u00e9union, tenue vendredi 10 septembre 2021 pour l\\u2019\\u00e9valuation pr\\u00e9liminaire du scrutin du 8 septembre, le bureau\",\"breadcrumb\":{\"@id\":\"https:\/\/pps.ma\/elections2021\/?p=929#breadcrumb\"},\"inLanguage\":\"ar\",\"potentialAction\":[{\"@type\":\"ReadAction\",\"target\":[\"https:\/\/pps.ma\/elections2021\/?p=929\"]}]},{\"@type\":\"BreadcrumbList\",\"@id\":\"https:\/\/pps.ma\/elections2021\/?p=929#breadcrumb\",\"itemListElement\":[{\"@type\":\"ListItem\",\"position\":1,\"name\":\"\\u0627\\u0644\\u0631\\u0626\\u064a\\u0633\\u064a\\u0629\",\"item\":\"https:\/\/pps.ma\/elections2021\/\"},{\"@type\":\"ListItem\",\"position\":2,\"name\":\"Communiqu\\u00e9 du bureau politique du PPS du vendredi 10 septembre 2021\"}]},{\"@type\":\"Person\",\"@id\":\"https:\/\/pps.ma\/elections2021\/#\/schema\/person\/49067fa000f0b5348c4d30568cdccbe7\",\"name\":\"pps.ma\",\"image\":{\"@type\":\"ImageObject\",\"@id\":\"https:\/\/pps.ma\/elections2021\/#personlogo\",\"inLanguage\":\"ar\",\"url\":\"https:\/\/secure.gravatar.com\/avatar\/3cbec0a2f47a99973c3fce6d61e605eb?s=96&d=mm&r=g\",\"contentUrl\":\"https:\/\/secure.gravatar.com\/avatar\/3cbec0a2f47a99973c3fce6d61e605eb?s=96&d=mm&r=g\",\"caption\":\"pps.ma\"},\"sameAs\":[\"https:\/\/pps.ma\/elections2021\"],\"url\":\"https:\/\/pps.ma\/elections2021\/?author=1\"}]}<\/script>\n<!-- \/ Yoast SEO plugin. -->","yoast_head_json":{"title":"Communiqu\u00e9 du bureau politique du PPS du vendredi 10 septembre 2021 - \u062d\u0632\u0628 \u0627\u0644\u062a\u0642\u062f\u0645 \u0648 \u0627\u0644\u0627\u0634\u062a\u0631\u0627\u0643\u064a\u0629","description":"Au cours de sa r\u00e9union, tenue vendredi 10 septembre 2021 pour l\u2019\u00e9valuation pr\u00e9liminaire du scrutin du 8 septembre, le bureau","robots":{"index":"index","follow":"follow","max-snippet":"max-snippet:-1","max-image-preview":"max-image-preview:large","max-video-preview":"max-video-preview:-1"},"canonical":"https:\/\/pps.ma\/elections2021\/?p=929","og_locale":"ar_AR","og_type":"article","og_title":"Communiqu\u00e9 du bureau politique du PPS du vendredi 10 septembre 2021 - \u062d\u0632\u0628 \u0627\u0644\u062a\u0642\u062f\u0645 \u0648 \u0627\u0644\u0627\u0634\u062a\u0631\u0627\u0643\u064a\u0629","og_description":"Au cours de sa r\u00e9union, tenue vendredi 10 septembre 2021 pour l\u2019\u00e9valuation pr\u00e9liminaire du scrutin du 8 septembre, le bureau","og_url":"https:\/\/pps.ma\/elections2021\/?p=929","og_site_name":"\u062d\u0632\u0628 \u0627\u0644\u062a\u0642\u062f\u0645 \u0648 \u0627\u0644\u0627\u0634\u062a\u0631\u0627\u0643\u064a\u0629","article_published_time":"2021-09-12T22:34:20+00:00","article_modified_time":"2021-09-12T22:45:24+00:00","og_image":[{"width":1200,"height":628,"url":"https:\/\/pps.ma\/elections2021\/wp-content\/uploads\/2021\/09\/pps_logo_fr2.jpg","path":"\/home\/ppsmaroc\/public_html\/elections2021\/wp-content\/uploads\/2021\/09\/pps_logo_fr2.jpg","size":"full","id":936,"alt":"","pixels":753600,"type":"image\/jpeg"}],"twitter_card":"summary_large_image","twitter_misc":{"\u0643\u064f\u062a\u0628 \u0628\u0648\u0627\u0633\u0637\u0629":"pps.ma","\u0648\u0642\u062a \u0627\u0644\u0642\u0631\u0627\u0621\u0629 \u0627\u0644\u0645\u064f\u0642\u062f\u0651\u0631":"3 \u062f\u0642\u0627\u0626\u0642"},"schema":{"@context":"https:\/\/schema.org","@graph":[{"@type":"WebSite","@id":"https:\/\/pps.ma\/elections2021\/#website","url":"https:\/\/pps.ma\/elections2021\/","name":"\u062d\u0632\u0628 \u0627\u0644\u062a\u0642\u062f\u0645 \u0648 \u0627\u0644\u0627\u0634\u062a\u0631\u0627\u0643\u064a\u0629","description":"\u0627\u0644\u0627\u0646\u062a\u062e\u0627\u0628\u0627\u062a \u0627\u0644\u062a\u0634\u0631\u064a\u0639\u064a\u0629 2021","potentialAction":[{"@type":"SearchAction","target":{"@type":"EntryPoint","urlTemplate":"https:\/\/pps.ma\/elections2021\/?s={search_term_string}"},"query-input":"required name=search_term_string"}],"inLanguage":"ar"},{"@type":"ImageObject","@id":"https:\/\/pps.ma\/elections2021\/?p=929#primaryimage","inLanguage":"ar","url":"https:\/\/pps.ma\/elections2021\/wp-content\/uploads\/2021\/09\/pps_logo_fr2.jpg","contentUrl":"https:\/\/pps.ma\/elections2021\/wp-content\/uploads\/2021\/09\/pps_logo_fr2.jpg","width":1200,"height":628},{"@type":"WebPage","@id":"https:\/\/pps.ma\/elections2021\/?p=929#webpage","url":"https:\/\/pps.ma\/elections2021\/?p=929","name":"Communiqu\u00e9 du bureau politique du PPS du vendredi 10 septembre 2021 - \u062d\u0632\u0628 \u0627\u0644\u062a\u0642\u062f\u0645 \u0648 \u0627\u0644\u0627\u0634\u062a\u0631\u0627\u0643\u064a\u0629","isPartOf":{"@id":"https:\/\/pps.ma\/elections2021\/#website"},"primaryImageOfPage":{"@id":"https:\/\/pps.ma\/elections2021\/?p=929#primaryimage"},"datePublished":"2021-09-12T22:34:20+00:00","dateModified":"2021-09-12T22:45:24+00:00","author":{"@id":"https:\/\/pps.ma\/elections2021\/#\/schema\/person\/49067fa000f0b5348c4d30568cdccbe7"},"description":"Au cours de sa r\u00e9union, tenue vendredi 10 septembre 2021 pour l\u2019\u00e9valuation pr\u00e9liminaire du scrutin du 8 septembre, le bureau","breadcrumb":{"@id":"https:\/\/pps.ma\/elections2021\/?p=929#breadcrumb"},"inLanguage":"ar","potentialAction":[{"@type":"ReadAction","target":["https:\/\/pps.ma\/elections2021\/?p=929"]}]},{"@type":"BreadcrumbList","@id":"https:\/\/pps.ma\/elections2021\/?p=929#breadcrumb","itemListElement":[{"@type":"ListItem","position":1,"name":"\u0627\u0644\u0631\u0626\u064a\u0633\u064a\u0629","item":"https:\/\/pps.ma\/elections2021\/"},{"@type":"ListItem","position":2,"name":"Communiqu\u00e9 du bureau politique du PPS du vendredi 10 septembre 2021"}]},{"@type":"Person","@id":"https:\/\/pps.ma\/elections2021\/#\/schema\/person\/49067fa000f0b5348c4d30568cdccbe7","name":"pps.ma","image":{"@type":"ImageObject","@id":"https:\/\/pps.ma\/elections2021\/#personlogo","inLanguage":"ar","url":"https:\/\/secure.gravatar.com\/avatar\/3cbec0a2f47a99973c3fce6d61e605eb?s=96&d=mm&r=g","contentUrl":"https:\/\/secure.gravatar.com\/avatar\/3cbec0a2f47a99973c3fce6d61e605eb?s=96&d=mm&r=g","caption":"pps.ma"},"sameAs":["https:\/\/pps.ma\/elections2021"],"url":"https:\/\/pps.ma\/elections2021\/?author=1"}]}},"_links":{"self":[{"href":"https:\/\/pps.ma\/elections2021\/index.php?rest_route=\/wp\/v2\/posts\/929"}],"collection":[{"href":"https:\/\/pps.ma\/elections2021\/index.php?rest_route=\/wp\/v2\/posts"}],"about":[{"href":"https:\/\/pps.ma\/elections2021\/index.php?rest_route=\/wp\/v2\/types\/post"}],"author":[{"embeddable":true,"href":"https:\/\/pps.ma\/elections2021\/index.php?rest_route=\/wp\/v2\/users\/1"}],"replies":[{"embeddable":true,"href":"https:\/\/pps.ma\/elections2021\/index.php?rest_route=%2Fwp%2Fv2%2Fcomments&post=929"}],"version-history":[{"count":2,"href":"https:\/\/pps.ma\/elections2021\/index.php?rest_route=\/wp\/v2\/posts\/929\/revisions"}],"predecessor-version":[{"id":932,"href":"https:\/\/pps.ma\/elections2021\/index.php?rest_route=\/wp\/v2\/posts\/929\/revisions\/932"}],"wp:featuredmedia":[{"embeddable":true,"href":"https:\/\/pps.ma\/elections2021\/index.php?rest_route=\/wp\/v2\/media\/936"}],"wp:attachment":[{"href":"https:\/\/pps.ma\/elections2021\/index.php?rest_route=%2Fwp%2Fv2%2Fmedia&parent=929"}],"wp:term":[{"taxonomy":"category","embeddable":true,"href":"https:\/\/pps.ma\/elections2021\/index.php?rest_route=%2Fwp%2Fv2%2Fcategories&post=929"},{"taxonomy":"post_tag","embeddable":true,"href":"https:\/\/pps.ma\/elections2021\/index.php?rest_route=%2Fwp%2Fv2%2Ftags&post=929"}],"curies":[{"name":"wp","href":"https:\/\/api.w.org\/{rel}","templated":true}]}}