{"id":4584,"date":"2013-10-28T11:14:14","date_gmt":"2013-10-28T11:14:14","guid":{"rendered":"http:\/\/ppsmaroc.com\/fr3\/?p=4584"},"modified":"2013-11-25T23:01:14","modified_gmt":"2013-11-25T23:01:14","slug":"oeuvrer-pour-la-democratisation-des-institutions-lancrage-des-libertes-et-linstauration-de-la-justice-sociale","status":"publish","type":"post","link":"https:\/\/pps.ma\/fr\/4584\/","title":{"rendered":"\u0152uvrer pour la d\u00e9mocratisation des institutions, l\u2019ancrage des libert\u00e9s et l\u2019instauration de la justice sociale"},"content":{"rendered":"<div id='gallery-1' class='gallery galleryid-4584 gallery-columns-4 gallery-size-thumbnail'><figure class='gallery-item'>\n\t\t\t<div class='gallery-icon landscape'>\n\t\t\t\t<a href='https:\/\/pps.ma\/fr\/4584\/70ans_pps_fest2\/'><img loading=\"lazy\" decoding=\"async\" width=\"150\" height=\"150\" src=\"https:\/\/pps.ma\/fr\/wp-content\/uploads\/2013\/10\/70ans_pps_fest2-150x150.jpg\" class=\"attachment-thumbnail size-thumbnail\" alt=\"\" \/><\/a>\n\t\t\t<\/div><\/figure><figure class='gallery-item'>\n\t\t\t<div class='gallery-icon landscape'>\n\t\t\t\t<a href='https:\/\/pps.ma\/fr\/4584\/70ans_pps_fest3\/'><img loading=\"lazy\" decoding=\"async\" width=\"150\" height=\"150\" src=\"https:\/\/pps.ma\/fr\/wp-content\/uploads\/2013\/10\/70ans_pps_fest3-150x150.jpg\" class=\"attachment-thumbnail size-thumbnail\" alt=\"\" \/><\/a>\n\t\t\t<\/div><\/figure><figure class='gallery-item'>\n\t\t\t<div class='gallery-icon landscape'>\n\t\t\t\t<a href='https:\/\/pps.ma\/fr\/4584\/70ans_pps_fest1\/'><img loading=\"lazy\" decoding=\"async\" width=\"150\" height=\"150\" src=\"https:\/\/pps.ma\/fr\/wp-content\/uploads\/2013\/10\/70ans_pps_fest1-150x150.jpg\" class=\"attachment-thumbnail size-thumbnail\" alt=\"\" \/><\/a>\n\t\t\t<\/div><\/figure><figure class='gallery-item'>\n\t\t\t<div class='gallery-icon landscape'>\n\t\t\t\t<a href='https:\/\/pps.ma\/fr\/4584\/70ans_pps_fest4\/'><img loading=\"lazy\" decoding=\"async\" width=\"150\" height=\"150\" src=\"https:\/\/pps.ma\/fr\/wp-content\/uploads\/2013\/10\/70ans_pps_fest4-150x150.jpg\" class=\"attachment-thumbnail size-thumbnail\" alt=\"\" \/><\/a>\n\t\t\t<\/div><\/figure>\n\t\t<\/div>\n\n<p><span style=\"color: #800080;\"><b>D\u00e9marrage des festivit\u00e9s le 70e anniversaire du PPS<\/b><\/span><\/p>\n<p>Le coup d\u2019envoi des festivit\u00e9s comm\u00e9morant le 70e anniversaire du PPS, qui devront se poursuivre jusqu\u2019au 31 d\u00e9cembre de l\u2019ann\u00e9e en cours, a \u00e9t\u00e9 donn\u00e9 vendredi 25 octobre \u00e0 Casablanca. Comme l\u2019a annonc\u00e9 Ahmed Zaki, pr\u00e9sident du Comit\u00e9 charg\u00e9 de l\u2019organisation des festivit\u00e9s, le Bureau politique du parti a voulu que ces manifestations soient\u00a0 une occasion de renouer le contact avec l\u2019ensemble des citoyens, soulignant dans le m\u00eame ordre d\u2019id\u00e9es que l\u2019objectif ultime du PPS est d\u2019\u0153uvrer pour la d\u00e9mocratisation des institutions, l\u2019ancrage des libert\u00e9s et l\u2019instauration de la justice sociale.<\/p>\n<p>Cette rencontre, consacr\u00e9e au th\u00e8me \u00abla soci\u00e9t\u00e9 marocaine entre le pass\u00e9 et le pr\u00e9sent\u00bb, a \u00e9t\u00e9 encadr\u00e9e par Abdeslam Seddiki, membre du BP du PPS et ministre de l\u2019Emploi et des affaires sociales, et Abdelfatah Ezzine, professeur de sociologie. Fid\u00e8le \u00e0 son style acad\u00e9mique, Seddiki a entam\u00e9 le d\u00e9bat en proc\u00e9dant par un diagnostic minutieux de la soci\u00e9t\u00e9 marocaine tout en r\u00e9pertoriant les multiples changements qu\u2019a connus le Maroc depuis l\u2019ind\u00e9pendance. Faisant r\u00e9f\u00e9rence\u00a0 \u00e0 l\u2019\u00e9conomiste feu\u00a0 Aziz Blal, le membre du BP a fait remarquer que la th\u00e9orie dialectique constitue une v\u00e9ritable d\u00e9marche pour\u00a0 appr\u00e9hender la soci\u00e9t\u00e9 marocaine.<\/p>\n<p><span style=\"color: #800080;\"><b>Instaurer un mod\u00e8le de d\u00e9veloppement marocain<\/b><\/span><\/p>\n<p>En r\u00e9cusant les visions nihilistes, l\u2019intervenant a expliqu\u00e9 que le PPS a toujours inscrit son action dans une approche r\u00e9aliste sans sombrer dans les jugements de valeurs\u2026 Il est certain que le Maroc a connu d\u2019\u00e9normes transformations depuis l\u2019ind\u00e9pendance jusqu\u2019\u00e0 nos jours, mais cela a \u00e9t\u00e9 op\u00e9r\u00e9 sans rupture au niveau des structures socio-\u00e9conomiques ou institutionnelles. Chiffres \u00e0 l\u2019appui, l\u2019\u00e9conomiste du PPS a cit\u00e9 quelques indicateurs \u00e9conomiques t\u00e9moignant de ce changement, \u00e0 commencer par le PIB de l\u2019agriculture qui s\u2019\u00e9l\u00e8ve aujourd\u2019hui \u00e0 14%, soit le double de ce qu\u2019il \u00e9tait depuis l\u2019ind\u00e9pendance. Idem pour l\u2019industrie qui constitue actuellement 19% du PIB. S\u2019agissant du secteur des assurances et des banques, il a connu une forte \u00e9volution. Quant au facteur d\u00e9mographique, Seddiki a fait remarquer que la population urbaine a connu une croissance rapide, avec 60% de la population globale qui appartiennent au monde citadin. Sur le plan politique, le pays a certes connu une \u00e9claircie politique, consolid\u00e9e par une ouverture d\u00e9mocratique, des \u00e9lections cr\u00e9dibles et l\u2019\u00e9largissement des libert\u00e9s publiques. Toutefois, le conf\u00e9rencier n\u2019a pas omis de rappeler que ces changements sont producteurs de contradictions. En d\u2019autres termes, vu le nombre des partis politiques s\u2019\u00e9levant \u00e0 34,\u00a0 le pluralisme politique a \u00e9t\u00e9 vid\u00e9 de son sens, a tenu \u00e0 pr\u00e9ciser Seddiki. Le m\u00eame constat peut \u00e9galement s\u2019appliquer aux syndicats. La prolif\u00e9ration des syndicats a largement port\u00e9 pr\u00e9judice \u00e0 l\u2019action syndicale. En proc\u00e9dant \u00e0 l\u2019analyse du champ \u00e9conomique, le leader du PPS a soulign\u00e9 que la soci\u00e9t\u00e9 marocaine est synonyme d\u2019une soci\u00e9t\u00e9 lib\u00e9rale sous-d\u00e9velopp\u00e9e, marqu\u00e9e essentiellement par la domination des modes de productions qui rel\u00e8vent de l\u2019\u00e8re avant-capitaliste, que ce soit dans l\u2019agriculture, l\u2019industrie&#8230; d&rsquo;une mani\u00e8re ou d&rsquo;une autre,\u00a0 Il n\u2019y a aucune homog\u00e9n\u00e9it\u00e9 entre les valeurs et le praxis a martel\u00e9 Seddiki. L\u2019absence de la citoyennet\u00e9 fiscale en est la preuve. En fait, seulement 2% de l\u2019ensemble des entreprises composant\u00a0 le tissu industriel paient 80% des imp\u00f4ts.\u00a0 Il s\u2019agit bel et bien d\u2019une bourgeoisie sous-d\u00e9velopp\u00e9e qui exploite la classe ouvri\u00e8re et\u00a0 dont 70% vivent dans la pr\u00e9carit\u00e9. Et la solution ? Pour Seddiki, le moment est venu pour mettre en place des modes de productions \u00e9quilibr\u00e9s et modernes. Cela n\u00e9cessite d\u2019abord de quitter le syst\u00e8me de production traditionnel et instaurer un mod\u00e8le de d\u00e9veloppement marocain. Cela ne peut se faire, insiste-t-il, que par\u00a0 l\u2019implication de toutes les consciences vives du pays et la mise en place de l\u2019intelligence collective de tous les citoyens. Au final, le professeur a conclu son intervention en rappelant \u00e0 l\u2019audience que le grand combat pour l\u2019\u00e9dification d\u2019une soci\u00e9t\u00e9 \u00e9quitable, l\u2019instauration de l\u2019Etat de droit,\u00a0 la lutte contre les in\u00e9galit\u00e9s entre les classes et les disparit\u00e9s sociales a constitu\u00e9 et constituera toujours l\u2019un des objectifs sublimes du parti du feu Ali Yata.<\/p>\n<p>Trois ruptures<\/p>\n<p>Par ailleurs, le sociologue Abdelfatah Ezzine a ax\u00e9 son intervention sur les ruptures qui ont marqu\u00e9 l\u2019histoire politique du Maroc moderne. Ces ruptures, le sociologue les r\u00e9sume en trois cat\u00e9gories principales : le politique et le syndical, le politique et l\u2019intellectuel\u00a0 et enfin le politique et le civil. Pour le professeur,\u00a0 ces fragmentations\u00a0 sont aujourd\u2019hui des caract\u00e9ristiques essentielles du champ politique marocain. En fait, au moment o\u00f9 le Maroc enregistre des avanc\u00e9es positives vers une soci\u00e9t\u00e9 modernes et d\u00e9mocratique, certains ont un fort sentiment de nostalgie pour le pass\u00e9. Le chercheur fait dans ce sens allusion \u00e0\u00a0 la lev\u00e9e des r\u00e9serves sur la CEDAW par l\u2019Etat marocain\u00a0 alors qu\u2019en m\u00eame temps des voix brandissent encore la carte de la religion. Pour l\u2019intervenant, la soci\u00e9t\u00e9 marocaine a d\u00e9j\u00e0 fait son choix, celui de la construction d\u2019une soci\u00e9t\u00e9 moderne et d\u00e9mocratique. Le Maroc connait une dynamique d\u00e9mocratique qui est a d\u00e9marr\u00e9 depuis les ann\u00e9es 70, mais on est encore loin de notre objectif, a-t-il pr\u00e9cis\u00e9. Il n\u2019existe point, selon lui, un mod\u00e8le d\u00e9mocratique pr\u00eat-\u00e0 porter, mais l\u2019important c\u2019est d\u2019ouvrir un\u00a0 d\u00e9bat afin d\u2019y impliquer tout le monde. Pour lui, la construction d\u00e9mocratique ne se r\u00e9duit pas uniquement \u00e0 l\u2019organisation des \u00e9lections et au droit au vote. Loin s\u2019en faut ! Mais, il s\u2019agit d\u2019un long processus d\u2019\u00e9dification et\u00a0 d\u2019apprentissage. Et dans tout cela, Abdelfattah Ezzine insiste sur le r\u00f4le que doit jouer le politique dans ce processus. \u00abLe politique doit prendre la place qui lui \u00e9choit et jouer un r\u00f4le capital. C\u2019est-\u00e0-dire d\u2019\u00eatre \u00e0 l\u2019avant-garde de la soci\u00e9t\u00e9 et le v\u00e9ritable artisan des politiques publiques\u2026\u00bb.\u00a0 D\u2019un autre c\u00f4t\u00e9, le chercheur a \u00e9voqu\u00e9 les d\u00e9fis auxquels se heurte la soci\u00e9t\u00e9 marocaine. Il s\u2019agit en l\u2019occurrence de trois d\u00e9fis. En premier lieu se pose la question de la transition politique et la n\u00e9cessit\u00e9 de la reconstruction du champ politique. En deuxi\u00e8me lieu, figure la transition d\u00e9mographique o\u00f9 a\u00a0 pass\u00e9 de la famille \u00e9tendue \u00e0 la famille nucl\u00e9aire. Et en dernier lieu, ce qu\u2019il a d\u00e9sign\u00e9 par la transition urbaine qui a suscit\u00e9 des contradictions au niveau du paysage architectural. C\u2019est-\u00e0-dire qu\u2019on est pass\u00e9 des villes-bidonvilles \u00e0 des villes-bidons et une soci\u00e9t\u00e9 citadine qui n\u2019a de la citadinit\u00e9 que le mot. Pour pallier ces d\u00e9faillances, il est aujourd&rsquo;hui plus que jamais urgent d\u2019ouvrir un d\u00e9bat responsable et s\u00e9rieux afin de d\u00e9terminer les responsabilit\u00e9s et trouver des solutions, a conclu Abdelfattah Ezzine.<\/p>\n<p>Dans le m\u00eame registre, Abderrahim Bansar, secr\u00e9taire r\u00e9gional du PPS \u00e0 Casablanca et directeur de l\u2019administration nationale du parti, a soulev\u00e9 la question de l\u2019ambig\u00fcit\u00e9 politique dans le pays, la crise de la gauche et certaines man\u0153uvres qui battent en br\u00e8che le processus d\u00e9mocratique et les fondements de l\u2019Etat de droit, appelant \u00e0 \u0153uvrer pour mettre en place des solutions appropri\u00e9es. Par la suite, la parole a \u00e9t\u00e9 donn\u00e9e \u00e0 l\u2019assistance qui a soulev\u00e9 plusieurs questions qui ont \u00e9t\u00e9 d\u00e9battues lors de cette rencontre.<\/p>\n<p><span style=\"color: #3366ff;\">\u00c9crit par K.Darfaf (ALBAYANE )<\/span><\/p>\n<p>&nbsp;<\/p>\n","protected":false},"excerpt":{"rendered":"<p>D\u00e9marrage des festivit\u00e9s le 70e anniversaire du PPS Le coup d\u2019envoi des festivit\u00e9s comm\u00e9morant le 70e anniversaire du PPS, qui devront se poursuivre jusqu\u2019au 31 d\u00e9cembre de l\u2019ann\u00e9e en cours, a \u00e9t\u00e9 donn\u00e9 vendredi 25 octobre \u00e0 Casablanca. Comme l\u2019a annonc\u00e9 Ahmed Zaki, pr\u00e9sident du Comit\u00e9 charg\u00e9 de l\u2019organisation des festivit\u00e9s, le Bureau politique du [&hellip;]<\/p>\n","protected":false},"author":1,"featured_media":4588,"comment_status":"open","ping_status":"open","sticky":false,"template":"","format":"standard","meta":{"footnotes":""},"categories":[3],"tags":[],"class_list":["post-4584","post","type-post","status-publish","format-standard","has-post-thumbnail","hentry","category-actualites"],"_links":{"self":[{"href":"https:\/\/pps.ma\/fr\/wp-json\/wp\/v2\/posts\/4584","targetHints":{"allow":["GET"]}}],"collection":[{"href":"https:\/\/pps.ma\/fr\/wp-json\/wp\/v2\/posts"}],"about":[{"href":"https:\/\/pps.ma\/fr\/wp-json\/wp\/v2\/types\/post"}],"author":[{"embeddable":true,"href":"https:\/\/pps.ma\/fr\/wp-json\/wp\/v2\/users\/1"}],"replies":[{"embeddable":true,"href":"https:\/\/pps.ma\/fr\/wp-json\/wp\/v2\/comments?post=4584"}],"version-history":[{"count":1,"href":"https:\/\/pps.ma\/fr\/wp-json\/wp\/v2\/posts\/4584\/revisions"}],"predecessor-version":[{"id":4589,"href":"https:\/\/pps.ma\/fr\/wp-json\/wp\/v2\/posts\/4584\/revisions\/4589"}],"wp:featuredmedia":[{"embeddable":true,"href":"https:\/\/pps.ma\/fr\/wp-json\/wp\/v2\/media\/4588"}],"wp:attachment":[{"href":"https:\/\/pps.ma\/fr\/wp-json\/wp\/v2\/media?parent=4584"}],"wp:term":[{"taxonomy":"category","embeddable":true,"href":"https:\/\/pps.ma\/fr\/wp-json\/wp\/v2\/categories?post=4584"},{"taxonomy":"post_tag","embeddable":true,"href":"https:\/\/pps.ma\/fr\/wp-json\/wp\/v2\/tags?post=4584"}],"curies":[{"name":"wp","href":"https:\/\/api.w.org\/{rel}","templated":true}]}}