{"id":46,"date":"2012-06-13T12:43:33","date_gmt":"2012-06-13T12:43:33","guid":{"rendered":"http:\/\/ppsmaroc.com\/fr3\/?p=46"},"modified":"2022-11-21T11:30:45","modified_gmt":"2022-11-21T11:30:45","slug":"oraganisation-des-pionniers-enfants-du-maroc","status":"publish","type":"post","link":"https:\/\/pps.ma\/fr\/46\/","title":{"rendered":"Oraganisation des pionniers enfants du Maroc"},"content":{"rendered":"<p><img loading=\"lazy\" decoding=\"async\" class=\"aligncenter size-full wp-image-7147\" src=\"http:\/\/ppsmaroc.com\/fr\/wp-content\/uploads\/2012\/06\/opem_banner2-1.gif\" alt=\"\" width=\"640\" height=\"480\" \/><\/p>\n<blockquote>\n<h2><strong><span style=\"color: #ff0000;\">OPEM<\/span><\/strong><\/h2>\n<p><strong>L\u2019Organisation Pionniers Enfants du Maroc (Aziz Belal) est un cadre associatif qui s\u2019int\u00e9resse \u00e0 l\u2019enfance et qui d\u00e9fend ses droits \u00e0 l\u2019\u00e9ducation, \u00e0 la sant\u00e9, au divertissement, \u00e0 l\u2019alimentation et au logement.<\/strong><\/p><\/blockquote>\n<p><span style=\"color: #ff0000;\"><strong>Chronologie de l\u2019organisation :<\/strong><\/span><\/p>\n<ul>\n<li><strong>Mars 1984 (le 25):<\/strong> constitution de l\u2019organisation sous le th\u00e8me : \u00ab la jeunesse au service de l\u2019enfance \u00bb sous la pr\u00e9sidence de Rachida Tahiri.<\/li>\n<li><strong>Mars 1990 (les 10\/11) :<\/strong> organisation du premier congr\u00e8s national sous le th\u00e8me : \u00ab les droits de l\u2019enfant, perspectives d\u2019avenir \u00bb sous la pr\u00e9sidence de Mohamed almaliyani.<\/li>\n<li><strong>Mars 1993 (les 8\/9) :<\/strong> organisation de la premi\u00e8re conf\u00e9rence nationale au m\u00eame titre que la reconnaissance juridique de l\u2019organisation.Pr\u00e9sident : Attaybi Twil.<\/li>\n<li><strong>Avril 2001 (les 28\/29\/30) :<\/strong> organisation de la deuxi\u00e8me \u00e9dition du congr\u00e8s national sous le th\u00e8me : \u00ab le travail \u00e9ducatif, renouvellement et responsabilit\u00e9 \u00bb.Pr\u00e9sident : Rachid Roukbane.<\/li>\n<li><strong>D\u00e9cembre 2005(30\/31)\/ 1er janvier 2006 :<\/strong> troisi\u00e8me congr\u00e8s national \u00e0 Bouznika sous le th\u00e8me : \u00ab nos enfants, nos avenirs \u00bb.Pr\u00e9sident : Rachid Roukbane.<\/li>\n<li><strong>Avril 2010<\/strong> : Congr\u00e8s national \u00e0 Bouznika sous le th\u00e8me \u00abProt\u00e9geons nos enfants\u00bb, Pr\u00e9sident Rachid Roukbane.<\/li>\n<li><strong>Avril 2016 :<\/strong> Cinqui\u00e8me congr\u00e8s national au th\u00e9\u00e2tre national Mohammed V \u00e0 Rabat sous le th\u00e8me \u00abLaissez nous participer\u00bb.<\/li>\n<\/ul>\n","protected":false},"excerpt":{"rendered":"<p>OPEM L\u2019Organisation Pionniers Enfants du Maroc (Aziz Belal) est un cadre associatif qui s\u2019int\u00e9resse \u00e0 l\u2019enfance et qui d\u00e9fend ses droits \u00e0 l\u2019\u00e9ducation, \u00e0 la sant\u00e9, au divertissement, \u00e0 l\u2019alimentation et au logement. Chronologie de l\u2019organisation : Mars 1984 (le 25): constitution de l\u2019organisation sous le th\u00e8me : \u00ab la jeunesse au service de l\u2019enfance [&hellip;]<\/p>\n","protected":false},"author":1,"featured_media":48,"comment_status":"open","ping_status":"open","sticky":false,"template":"","format":"standard","meta":{"footnotes":""},"categories":[11],"tags":[],"class_list":["post-46","post","type-post","status-publish","format-standard","has-post-thumbnail","hentry","category-organisations-pps"],"_links":{"self":[{"href":"https:\/\/pps.ma\/fr\/wp-json\/wp\/v2\/posts\/46","targetHints":{"allow":["GET"]}}],"collection":[{"href":"https:\/\/pps.ma\/fr\/wp-json\/wp\/v2\/posts"}],"about":[{"href":"https:\/\/pps.ma\/fr\/wp-json\/wp\/v2\/types\/post"}],"author":[{"embeddable":true,"href":"https:\/\/pps.ma\/fr\/wp-json\/wp\/v2\/users\/1"}],"replies":[{"embeddable":true,"href":"https:\/\/pps.ma\/fr\/wp-json\/wp\/v2\/comments?post=46"}],"version-history":[{"count":10,"href":"https:\/\/pps.ma\/fr\/wp-json\/wp\/v2\/posts\/46\/revisions"}],"predecessor-version":[{"id":9022,"href":"https:\/\/pps.ma\/fr\/wp-json\/wp\/v2\/posts\/46\/revisions\/9022"}],"wp:featuredmedia":[{"embeddable":true,"href":"https:\/\/pps.ma\/fr\/wp-json\/wp\/v2\/media\/48"}],"wp:attachment":[{"href":"https:\/\/pps.ma\/fr\/wp-json\/wp\/v2\/media?parent=46"}],"wp:term":[{"taxonomy":"category","embeddable":true,"href":"https:\/\/pps.ma\/fr\/wp-json\/wp\/v2\/categories?post=46"},{"taxonomy":"post_tag","embeddable":true,"href":"https:\/\/pps.ma\/fr\/wp-json\/wp\/v2\/tags?post=46"}],"curies":[{"name":"wp","href":"https:\/\/api.w.org\/{rel}","templated":true}]}}