{"id":6278,"date":"2015-02-09T11:13:51","date_gmt":"2015-02-09T11:13:51","guid":{"rendered":"http:\/\/ppsmaroc.com\/fr3\/?p=6278"},"modified":"2015-02-09T11:13:51","modified_gmt":"2015-02-09T11:13:51","slug":"ppsiste","status":"publish","type":"post","link":"https:\/\/pps.ma\/fr\/6278\/","title":{"rendered":"Ppsiste"},"content":{"rendered":"<p><a href=\"http:\/\/ppsmaroc.com\/fr3\/wp-content\/uploads\/2014\/05\/Mustapha-Labraimi-2.jpg\"><img loading=\"lazy\" decoding=\"async\" class=\"alignleft  wp-image-5897\" src=\"http:\/\/ppsmaroc.com\/fr3\/wp-content\/uploads\/2014\/05\/Mustapha-Labraimi-2.jpg\" alt=\"Mustapha Labraimi 2\" width=\"170\" height=\"208\" srcset=\"https:\/\/pps.ma\/fr\/wp-content\/uploads\/2014\/05\/Mustapha-Labraimi-2.jpg 264w, https:\/\/pps.ma\/fr\/wp-content\/uploads\/2014\/05\/Mustapha-Labraimi-2-245x300.jpg 245w\" sizes=\"auto, (max-width: 170px) 100vw, 170px\" \/><\/a>La Jeunesse socialiste vient d\u2019ouvrir une nouvelle page de son histoire. Apr\u00e8s l\u2019\u00e9lection de son Conseil central et de son Secr\u00e9taire g\u00e9n\u00e9ral, le Bureau national de l\u2019organisation vient d\u2019\u00eatre \u00e9lu. Il incombe d\u00e9s lors \u00e0 cette organisation li\u00e9e au Parti du progr\u00e8s et du socialisme de s\u2019attacher \u00e0 affirmer sa pr\u00e9sence effective, organisationnelle et active, \u00e0 travers les nombreux et diff\u00e9rents points g\u00e9ographiques investis lors de la pr\u00e9paration de son septi\u00e8me congr\u00e8s national. La t\u00e2che est d\u2019autant plus urgente que les \u00e9ch\u00e9ances \u00e9lectorales sont proches. C\u2019est l\u00e0 un test a posteriori de la solidit\u00e9 de l\u2019implantation \u00e0 travers l\u2019ensemble du territoire national de la Jeunesse socialiste et de l\u2019enthousiasme des jeunes pour concr\u00e9tiser leur volont\u00e9 de participer \u00e0 la gestion des affaires publiques.<\/p>\n<p>La relation avec le parti \u00e0 laquelle elle est li\u00e9e statutairement doit \u00eatre claire et bien \u00e9tablie. Se trompent lourdement celles et ceux, aussi peu nombreux soient-ils, qui croient pouvoir se comporter comme des refuzniks \u00e9tablis. Jouer au \u00abfront de refus\u00bb, par esprit de revanche ou par infantilisme id\u00e9ologique, ne peut conduire qu\u2019\u00e0 la confrontation st\u00e9rile et \u00e0 l\u2019immobilisme. Les diverses exp\u00e9riences v\u00e9cues par la Jeunesse socialiste elle-m\u00eame et par d\u2019autres organisations de jeunes li\u00e9es aux partis politiques, au Maroc et ailleurs, sont riches en enseignements \u00e0 ce propos. Il ne s\u2019agit nullement d\u2019un quelconque jeu dans le cadre d\u2019un derby entre deux \u00e9quipes dirigeantes dont seul l\u2019\u00e2ge et l\u2019exp\u00e9rience font la diff\u00e9rence entre elles. A chacune ses pr\u00e9rogatives et \u00e0 chacune ses obligations. Sans oublier, \u00e0 ce propos, l\u2019adage populaire qui relie ce qui se passe dans la t\u00eate du chameau \u00e0 ce qui se passe dans la t\u00eate du chamelier \u00e0 qui il appartient.<\/p>\n<p>Le processus d\u2019autonomisation de la Jeunesse socialiste est encore \u00e0 consolider aussi bien mat\u00e9riellement que politiquement. Mener \u00e0 bien une t\u00e2che politique sp\u00e9cifique en direction de la jeunesse doit englober l\u2019ensemble des domaines de la vie active, de l\u2019\u00e9ducation et la formation professionnelle \u00e0 l\u2019apprentissage et la production jusqu\u2019aux sports, les loisirs et la culture; et ce, aussi bien dans les villes que dans le milieu rural. Les engagements juv\u00e9niles doivent contribuer \u00e0 la mobilisation sociale et \u00e9lectorale des jeunes dans le cadre du parti politique investi. Les valeurs d\u00e9mocratiques de la jeunesse doivent \u00eatre consolid\u00e9es par une formation politique ad\u00e9quate, \u00e0 m\u00eame de les pr\u00e9server de tout d\u00e9viationnisme issu de leur fragilit\u00e9, de la non ma\u00eetrise des codes et jeux politiques et de la pratique contestataire. Cela ne veut aucunement signifier un comportement b\u00e9ni-oui-oui, mais une responsabilit\u00e9 en phase avec le d\u00e9veloppement de la strat\u00e9gie et de la tactique adopt\u00e9es par les instances partisanes.<\/p>\n<p>La construction de carri\u00e8res politiques, aussi l\u00e9gitime soit-elle, ne peut se faire aux d\u00e9pens du militantisme n\u00e9cessaire et du respect de l\u2019\u00e9thique de l\u2019\u00e9cole politique que constitue le Parti du progr\u00e8s et du socialisme. Elle doit se faire loin de l\u2019opportunisme et des opportunit\u00e9s qui peuvent s\u2019offrir aux jeunes pour se trouver dans la vie active en tant qu\u2019auxiliaires politiques. Cette t\u00e2che doit s\u2019attribuer \u00e0 l\u2019aune de leurs comp\u00e9tences et non \u00e0 celle de leur ob\u00e9dience \u00e0 tel positionnement ou tel autre. La tendance \u00e0 vouloir pr\u00e9parer, avant l\u2019heure, des \u00e9ch\u00e9ances charg\u00e9es de responsabilit\u00e9 est \u00e0 bannir. La logique client\u00e9liste ne peut renforcer l\u2019adh\u00e9sion mais au contraire ne peut conduire qu\u2019\u00e0 la d\u00e9faite de celle ou de celui qui la d\u00e9veloppe. L\u2019implication militante pratique ne peut s\u2019\u00e9tablir par le rapport int\u00e9ress\u00e9 et individualis\u00e9 avec l\u2019organisation juv\u00e9nile, consid\u00e9r\u00e9e elle-m\u00eame comme un fonds de commerce.<\/p>\n<p>Sans nostalgie aucune, et maintenant plus que par le pass\u00e9, ce sont le d\u00e9vouement, le sacrifice, l\u2019enthousiasme, la combativit\u00e9, la capacit\u00e9 de faire r\u00e9ussir le projet politique du Parti du progr\u00e8s et du socialisme qui doivent tenir l\u2019engagement ppsiste au sein de la JS. Notre jeunesse est avide de changements pour assurer le bien \u00eatre des Marocaines et des Marocains dans le cadre de l\u2019int\u00e9grit\u00e9 territoriale du pays, de sa prosp\u00e9rit\u00e9 et de la justice sociale. La Jeunesse Socialiste ne peut s\u2019accommoder de l\u2019apathie et de la d\u00e9saffection d\u2019une partie de la population pour la politique, suite \u00e0 des man\u0153uvres et \u00e0 des pratiques politiciennes ill\u00e9gales et r\u00e9actionnaires. La r\u00e9ussite de son congr\u00e8s impose \u00e0 l\u2019ensemble de ses adh\u00e9rents de se mobiliser, loin des m\u00e9andres du blabla non productif affich\u00e9 dans les r\u00e9seaux virtuels, et d\u2019\u0153uvrer pour valoriser cette organisation au sein de laquelle les ressources militantes ne manquent pas et o\u00f9 l\u2019esprit ppsiste est h\u00e9g\u00e9monique.<\/p>\n<p>&nbsp;<\/p>\n","protected":false},"excerpt":{"rendered":"<p>La Jeunesse socialiste vient d\u2019ouvrir une nouvelle page de son histoire. Apr\u00e8s l\u2019\u00e9lection de son Conseil central et de son Secr\u00e9taire g\u00e9n\u00e9ral, le Bureau national de l\u2019organisation vient d\u2019\u00eatre \u00e9lu. Il incombe d\u00e9s lors \u00e0 cette organisation li\u00e9e au Parti du progr\u00e8s et du socialisme de s\u2019attacher \u00e0 affirmer sa pr\u00e9sence effective, organisationnelle et active, [&hellip;]<\/p>\n","protected":false},"author":1,"featured_media":5897,"comment_status":"open","ping_status":"open","sticky":false,"template":"","format":"standard","meta":{"footnotes":""},"categories":[18],"tags":[],"class_list":["post-6278","post","type-post","status-publish","format-standard","has-post-thumbnail","hentry","category-point-de-vue"],"_links":{"self":[{"href":"https:\/\/pps.ma\/fr\/wp-json\/wp\/v2\/posts\/6278","targetHints":{"allow":["GET"]}}],"collection":[{"href":"https:\/\/pps.ma\/fr\/wp-json\/wp\/v2\/posts"}],"about":[{"href":"https:\/\/pps.ma\/fr\/wp-json\/wp\/v2\/types\/post"}],"author":[{"embeddable":true,"href":"https:\/\/pps.ma\/fr\/wp-json\/wp\/v2\/users\/1"}],"replies":[{"embeddable":true,"href":"https:\/\/pps.ma\/fr\/wp-json\/wp\/v2\/comments?post=6278"}],"version-history":[{"count":1,"href":"https:\/\/pps.ma\/fr\/wp-json\/wp\/v2\/posts\/6278\/revisions"}],"predecessor-version":[{"id":6279,"href":"https:\/\/pps.ma\/fr\/wp-json\/wp\/v2\/posts\/6278\/revisions\/6279"}],"wp:featuredmedia":[{"embeddable":true,"href":"https:\/\/pps.ma\/fr\/wp-json\/wp\/v2\/media\/5897"}],"wp:attachment":[{"href":"https:\/\/pps.ma\/fr\/wp-json\/wp\/v2\/media?parent=6278"}],"wp:term":[{"taxonomy":"category","embeddable":true,"href":"https:\/\/pps.ma\/fr\/wp-json\/wp\/v2\/categories?post=6278"},{"taxonomy":"post_tag","embeddable":true,"href":"https:\/\/pps.ma\/fr\/wp-json\/wp\/v2\/tags?post=6278"}],"curies":[{"name":"wp","href":"https:\/\/api.w.org\/{rel}","templated":true}]}}