{"id":6298,"date":"2015-02-19T15:19:50","date_gmt":"2015-02-19T15:19:50","guid":{"rendered":"http:\/\/ppsmaroc.com\/fr3\/?p=6298"},"modified":"2015-02-19T15:53:18","modified_gmt":"2015-02-19T15:53:18","slug":"ennemie","status":"publish","type":"post","link":"https:\/\/pps.ma\/fr\/6298\/","title":{"rendered":"Ennemie!"},"content":{"rendered":"<p><a href=\"http:\/\/ppsmaroc.com\/fr3\/wp-content\/uploads\/2014\/05\/Mustapha-Labraimi-2.jpg\"><img loading=\"lazy\" decoding=\"async\" class=\"alignleft  wp-image-5897\" src=\"http:\/\/ppsmaroc.com\/fr3\/wp-content\/uploads\/2014\/05\/Mustapha-Labraimi-2.jpg\" alt=\"Mustapha Labraimi 2\" width=\"177\" height=\"217\" srcset=\"https:\/\/pps.ma\/fr\/wp-content\/uploads\/2014\/05\/Mustapha-Labraimi-2.jpg 264w, https:\/\/pps.ma\/fr\/wp-content\/uploads\/2014\/05\/Mustapha-Labraimi-2-245x300.jpg 245w\" sizes=\"auto, (max-width: 177px) 100vw, 177px\" \/><\/a>Si, comme le veut l\u2019adage, le chameau ne peut pas voir sa bosse; que peut-on dire d\u2019une chamelle? La question se pose surtout quand on cherche \u00e0 vouloir se construire une virginit\u00e9 politique exemplaire sur le dos du Parti du Progr\u00e8s et du Socialisme. Ainsi, apr\u00e8s plus de trois ann\u00e9es d\u2019actions gouvernementales dans l\u2019int\u00e9r\u00eat du pays et de sa population, et apr\u00e8s des explications donn\u00e9es par diff\u00e9rentes instances du PPS, il plait encore \u00e0 certaine plume de revenir sur l\u2019alliance du PPS et du PJD \u00e0 l\u2019issue des l\u00e9gislatives de novembre 2011. C\u2019est le cas de s\u0153ur Z. H. dont je ne suis pas l\u2019ennemi. A moins que notre s\u0153ur use de cette feuille de vigne qui voudrait cacher les interrogations qu\u2019elle se pose avec ses locuteurs qui se cherchent encore dans ce Maroc qui change.<\/p>\n<p>Elle entend ainsi un toll\u00e9 g\u00e9n\u00e9ral, suite \u00e0 l\u2019annonce de la formation de la coalition gouvernementale entre le PJD et le PPS. L\u2019Istiqlal, le MP et les ind\u00e9pendants ne sont pas mentionn\u00e9s et sans pr\u00e9ciser toutefois o\u00f9 le vacarme s\u2019effectue. Au sein du PPS, le choix a \u00e9t\u00e9 largement d\u00e9lib\u00e9r\u00e9 au sein des instances dirigeantes du parti et son option s\u2019est effectu\u00e9e par un vote tr\u00e8s largement majoritaire au sein du comit\u00e9 central tenu \u00e0 cet effet. Il faut dire que certaines oreilles l\u2019ont per\u00e7u du c\u00f4t\u00e9 de certains fr\u00e8res qui en toute ind\u00e9pendance voulaient continuer l\u2019action men\u00e9e par le premier secr\u00e9taire de l\u2019\u00e9poque en 1998.<\/p>\n<p>S\u0153ur ZH se demande comment alli\u00e9s au sein de la Koutla d\u00e9mocratique et ayant des actions divergentes vis-\u00e0-vis du PJD? (comme si l\u2019Istiqlal n\u2019\u00e9tait pas de la coalition gouvernementale). Au fait, les malentendus pour ne pas dire divergences au sein de la Koutla d\u00e9mocratique \u00e9taient d\u00e9velopp\u00e9s par qui? Le PPS a toujours \u0153uvr\u00e9 pour que cette structure puisse s\u2019organiser au sein du peuple et puisse toujours se retrouver unie, dans le gouvernement ou dans l\u2019opposition.<\/p>\n<p>Alors au lieu de s\u2019adonner \u00e0 la critique et \u00e0 l\u2019autocritique n\u00e9cessaire, ZH proc\u00e8de \u00e0 la fuite vers les origines pour essayer d\u2019\u00e9tayer son propos. Ainsi, eu \u00e9gard \u00abaux nombreuses difficult\u00e9s\u00bb rencontr\u00e9es, souffrant \u00abdes accusations d\u2019incompatibilit\u00e9 de l\u2019id\u00e9ologie communiste avec les valeurs de l\u2019Islam\u00bb, maintenu dans \u00ab la clandestinit\u00e9\u00bb et souffrant \u00abde la censure et de la r\u00e9pression pendant les ann\u00e9es de plomb\u00bb le concept de \u00abparti de masse\u00bb n\u2019a pu \u00eatre concr\u00e9tis\u00e9 autant par le PCM que par le PLS puis par le PPS. Partis qui ont eu \u00abbeaucoup de mal\u00bb \u00e0 le faire. Masochistes qu\u2019ils sont! Ce sont les militants de ces partis qui voulaient souffrir de tout cela pour faire plaisir \u00e0 leurs bourreaux! Les autres composantes du mouvement national et progressiste, eux, se plaisaient \u00e0 \u00eatre le parti de masse h\u00e9g\u00e9monique dont la cr\u00e9ation \u00abest un tournant historique dans le paysage politique marocain\u00bb.<\/p>\n<p>Que Moulay Bouazza soit cl\u00e9ment avec les chamelles qui ne savent pas qu\u2019elles portent une grande bosse sur leur dos! Que la rue Oued Souss, avant l\u2019avenue Al Araar, et bien avant certains si\u00e8ges de partis \u00e0 Rabat et dans les quartiers de Casablanca et ailleurs, se souviennent de ce que certains ont fait subir \u00e0 d\u2019autres pour asseoir leur h\u00e9g\u00e9monie petite bourgeoise. Il faut dire que depuis lors et encore par les temps qui courent, les affres de la scission ne cessent de s\u2019exercer dans les champs de radis, rouge \u00e0 l\u2019aspect et blanc dans le c\u0153ur, faute d\u2019avoir compris convenablement \u00abcette m\u00e9thode d\u2019analyse scientifique conduisant \u00e0 la seule voie de r\u00e9aliser les aspirations des masses populaires\u00bb. Il ne s\u2019agit aucunement de man\u0153uvres pour devenir ministre quand on est reconnu \u00abpour son populisme\u00bb et tout tenter pour occuper la sc\u00e8ne m\u00e9diatique au point de flirter avec le PJD. Si crise identitaire il y a chez certains, il faudrait qu\u2019ils s\u2019occupent profond\u00e9ment de leur propre bosse avant de vouloir se trouver des ennemis pour s\u2019identifier a contrario. L\u2019identit\u00e9 ne peut souffrir de l\u2019amn\u00e9sie ni de l\u2019opportunisme et encore moins de la propagation de l\u2019ambig\u00fcit\u00e9 en pr\u00f4nant un militantisme d\u00e9sincarn\u00e9 et jargonnant par lequel se trouvent confondus \u00abradis et navets\u00bb dans un populisme tout azimuts.<\/p>\n<p>Au parti du Progr\u00e8s et du Socialisme, nos alliances sont d\u00e9termin\u00e9es suite \u00e0 une analyse objective de la soci\u00e9t\u00e9 marocaine et des \u00e9tapes historiques dans lesquelles elle \u00e9volue. Avec le PJD, les ministres du Parti du Progr\u00e8s et du Socialisme \u0153uvrent, selon un programme gouvernemental et loin des fondements de l\u2019id\u00e9ologie, pour consolider le processus d\u00e9mocratique entam\u00e9 depuis 1974 par les forces vives nationales dans le but d\u2019affirmer la stabilit\u00e9 de notre pays, la d\u00e9fense de son int\u00e9grit\u00e9 territoriale et son \u00e9volution sereine vers la croissance \u00e9conomique par la r\u00e9forme et le d\u00e9veloppement de ses forces productives. Que ZH se rassure, nous ne pouvons \u00eatre ennemis car le Parti du Progr\u00e8s et du Socialisme est devenu le parti qui incarne la gauche marocaine, celle qui milite depuis fort longtemps pour l\u2019\u00e9tablissement d\u2019un Etat national et d\u00e9mocratique o\u00f9 r\u00e8gnent la justice sociale et le bien\u00eatre pour toutes les Marocaines et les Marocains. Sans rancune ZH !<\/p>\n<p><span style=\"color: #ff0000;\">AL BAYANE<\/span><\/p>\n","protected":false},"excerpt":{"rendered":"<p>Si, comme le veut l\u2019adage, le chameau ne peut pas voir sa bosse; que peut-on dire d\u2019une chamelle? La question se pose surtout quand on cherche \u00e0 vouloir se construire une virginit\u00e9 politique exemplaire sur le dos du Parti du Progr\u00e8s et du Socialisme. Ainsi, apr\u00e8s plus de trois ann\u00e9es d\u2019actions gouvernementales dans l\u2019int\u00e9r\u00eat du [&hellip;]<\/p>\n","protected":false},"author":1,"featured_media":5897,"comment_status":"open","ping_status":"open","sticky":false,"template":"","format":"standard","meta":{"footnotes":""},"categories":[18],"tags":[],"class_list":["post-6298","post","type-post","status-publish","format-standard","has-post-thumbnail","hentry","category-point-de-vue"],"_links":{"self":[{"href":"https:\/\/pps.ma\/fr\/wp-json\/wp\/v2\/posts\/6298","targetHints":{"allow":["GET"]}}],"collection":[{"href":"https:\/\/pps.ma\/fr\/wp-json\/wp\/v2\/posts"}],"about":[{"href":"https:\/\/pps.ma\/fr\/wp-json\/wp\/v2\/types\/post"}],"author":[{"embeddable":true,"href":"https:\/\/pps.ma\/fr\/wp-json\/wp\/v2\/users\/1"}],"replies":[{"embeddable":true,"href":"https:\/\/pps.ma\/fr\/wp-json\/wp\/v2\/comments?post=6298"}],"version-history":[{"count":2,"href":"https:\/\/pps.ma\/fr\/wp-json\/wp\/v2\/posts\/6298\/revisions"}],"predecessor-version":[{"id":6300,"href":"https:\/\/pps.ma\/fr\/wp-json\/wp\/v2\/posts\/6298\/revisions\/6300"}],"wp:featuredmedia":[{"embeddable":true,"href":"https:\/\/pps.ma\/fr\/wp-json\/wp\/v2\/media\/5897"}],"wp:attachment":[{"href":"https:\/\/pps.ma\/fr\/wp-json\/wp\/v2\/media?parent=6298"}],"wp:term":[{"taxonomy":"category","embeddable":true,"href":"https:\/\/pps.ma\/fr\/wp-json\/wp\/v2\/categories?post=6298"},{"taxonomy":"post_tag","embeddable":true,"href":"https:\/\/pps.ma\/fr\/wp-json\/wp\/v2\/tags?post=6298"}],"curies":[{"name":"wp","href":"https:\/\/api.w.org\/{rel}","templated":true}]}}