{"id":6368,"date":"2015-03-19T13:50:28","date_gmt":"2015-03-19T13:50:28","guid":{"rendered":"http:\/\/ppsmaroc.com\/fr3\/?p=6368"},"modified":"2015-03-19T13:50:28","modified_gmt":"2015-03-19T13:50:28","slug":"pourriture","status":"publish","type":"post","link":"https:\/\/pps.ma\/fr\/6368\/","title":{"rendered":"Pourriture"},"content":{"rendered":"<p><a href=\"http:\/\/ppsmaroc.com\/fr3\/wp-content\/uploads\/2014\/05\/Mustapha-Labraimi-2.jpg\"><img loading=\"lazy\" decoding=\"async\" class=\"alignleft  wp-image-5897\" src=\"http:\/\/ppsmaroc.com\/fr3\/wp-content\/uploads\/2014\/05\/Mustapha-Labraimi-2.jpg\" alt=\"Mustapha Labraimi 2\" width=\"191\" height=\"234\" srcset=\"https:\/\/pps.ma\/fr\/wp-content\/uploads\/2014\/05\/Mustapha-Labraimi-2.jpg 264w, https:\/\/pps.ma\/fr\/wp-content\/uploads\/2014\/05\/Mustapha-Labraimi-2-245x300.jpg 245w\" sizes=\"auto, (max-width: 191px) 100vw, 191px\" \/><\/a>Cela commence \u00e0 sentir du c\u00f4t\u00e9 des fr\u00e8res de l\u2019Usfp! Bouscul\u00e9e par les \u00e9v\u00e9nements organisationnels qu\u2019elle conna\u00eet et d\u00e9sar\u00e7onn\u00e9e par l\u2019\u00e9volution du champ politique national, la direction de ce parti, malmen\u00e9e par sa base, sort de sa r\u00e9serve, non pas pour clarifier et r\u00e9soudre ses probl\u00e8mes qui risquent de l\u2019affaiblir encore plus qu\u2019elle ne l\u2019est; mais pour se lancer dans des d\u00e9clarations d\u00e9plac\u00e9es sur le Parti du Progr\u00e8s et du Socialisme et sa direction.<\/p>\n<p>Cela montre clairement que ces gens l\u00e0 sont loin de croire \u00e0 la d\u00e9mocratie et veulent pratiquer une tutelle h\u00e9g\u00e9monique opportuniste sur l\u2019ensemble des forces politiques nationales.<\/p>\n<p>Faut-il rappeler l\u2019analyse malsaine de certains sur l\u2019alternance consensuelle qui f\u00fbt retard\u00e9e par cette absence d\u2019une juste appr\u00e9ciation du rapport de forces, caract\u00e9ristique des \u00abr\u00e9volutionnaires\u00bb chim\u00e9riques, ceux dont les d\u00e9clarations enflamm\u00e9es du jour sont enterr\u00e9es par quelques verres la nuit.<\/p>\n<p>Celui qui d\u00e9clarait, juste avant l\u2019alternance consensuelle, que l\u2019autre \u00abavait baiss\u00e9 le pantalon\u00bb n\u2019est-il pas entrain de fourvoyer l\u2019Usfp dans des m\u00e9andres naus\u00e9abonds et asphyxiants? Celui qui d\u00e9fendait mordicus le seuil de 10% aux \u00e9lections, devant les fonctionnaires du minist\u00e8re de l\u2019Int\u00e9rieur et les repr\u00e9sentants des partis politiques, est-il capable de d\u00e9clarer l\u2019obtention de ce pourcentage aux prochaines \u00e9ch\u00e9ances \u00e9lectorales par la formation politique qu\u2019il dirige enfin? Il se sent largu\u00e9 et veut se faire rassurer sur son parcours. C\u2019est ce qui explique cette effervescence \u00e0 l\u2019approche des \u00e9ch\u00e9ances \u00e9lectorales. Se faire mousser par des d\u00e9clarations tonitruantes et des effets de manche, \u00e9go\u00efstes \u00e0 l\u2019extr\u00eame, sans penser \u00e0 l\u2019int\u00e9r\u00eat national et aux besoins, toujours pr\u00e9sents, de consolider le processus d\u00e9mocratique et de confirmer la stabilit\u00e9 des institutions et du socle politique marocains; cela, amalgam\u00e9 \u00e0 une grande gueule, semble devenir la nouvelle politique de la direction actuelle de l\u2019Usfp.<\/p>\n<p>Les populistes croient avoir les forces des socialistes dans cette union! Sur ce chapitre, le PPS s\u2019est toujours gard\u00e9 de se prononcer sur cette clarification interne et n\u2019a jamais, d\u2019une mani\u00e8re ou d\u2019une autre et depuis fort longtemps, pris parti dans ce d\u00e9bat historique au sein du parti de la rose. Que certains se placent pour tel poste ou telle responsabilit\u00e9 dans les instances organisationnelles ou la presse de l\u2019Usfp ne constitue nullement un motif de discussion ou de pol\u00e9mique. Que cela se fasse en voulant \u00abmanger de l\u2019ail de la bouche\u00bb du PPS est inacceptable, d\u2019autant plus que l\u2019argumentaire \u00e0 ce propos est fallacieux.<\/p>\n<p>Le Parti du Progr\u00e8s et du Socialisme peut pr\u00e9tendre \u00e0 juste titre \u00eatre devenu le leader de la gauche d\u00e9mocratique et r\u00e9formatrice dans ce pays qui nous est tr\u00e8s cher. Cela ne s\u2019est pas fait comme cela! Il s\u2019est fait par un travail assidu. Un effort toujours port\u00e9 sur la justesse et la clart\u00e9 de sa ligne politique, une ouverture organisationnelle maitris\u00e9e, des alliances bas\u00e9es sur l\u2019int\u00e9r\u00eat national et la d\u00e9fense des couches d\u00e9favoris\u00e9es de la soci\u00e9t\u00e9. De la r\u00e9forme, du progr\u00e8s pour ouvrir la voie encore plus \u00e0 la justice sociale, \u00e0 l\u2019\u00e9galit\u00e9 entre les personnes et les territoires. Le Parti du Progr\u00e8s et du Socialisme est le d\u00e9positaire de la vocation de la Koutla d\u00e9mocratique, celle qui a fait dans ce pays la promotion, dans la stabilit\u00e9 et le respect des institutions du royaume, de la transition d\u00e9mocratique, des droits de la personne humaine, de la protection de l\u2019environnement. Il ne s\u2019est jamais alli\u00e9 \u00e0 un \u00e2ne pour manifester dans la rue. Si cela \u00e9tait n\u00e9cessaire, il \u00e9tait le compagnon des intellectuels militants, des artistes engag\u00e9s, des jeunes enthousiastes, des hommes et des femmes qui luttent pour le progr\u00e8s de leur nation, celles et ceux qui \u00abvoient plus haut que l\u2019horizon\u00bb et non pas le bout de leur appareil nasal.<\/p>\n<p>L\u2019antipathie de certains pour le PPS est connue depuis fort longtemps. C\u2019est une donn\u00e9e historique; car ce parti, v\u00e9ritable \u00e9cole politique de patriotisme et de solidarit\u00e9 internationale, est porteur de valeurs qui se contredisent avec leurs int\u00e9r\u00eats et leurs positions. Nous avons toujours \u00e9t\u00e9, et nous le resterons, unitaires pour deux, voire pour trois, quatre ou cinq \u2026 Nous sommes respectueux des choix politiques et soci\u00e9taux des uns et des autres mais nous n\u2019avons jamais \u00e9t\u00e9 pour donner la joue \u00e0 celui qui \u00e0 l\u2019intention de nous gifler. A bon entendeur, salut! Les Marocaines et les Marocains connaissent notre lutte acharn\u00e9e contre l\u2019opportunisme de gauche, du si\u00e8ge de l\u2019UNEM, rue Lavoisier \u00e0 Rabat, Boulevard Abou Chouaib Doukkali actuellement, \u00e0 la tour de la Maison du Maroc, au hall de le l\u2019AEMNAF \u00e0 Paris, jusqu\u2019aux avenues et immeubles du pays lors des manifestations et des meetings populaires. Nous continuons ce combat en l\u2019\u00e9largissant contre l\u2019opportunisme de droite car nous ne voulons pas que la pourriture gangr\u00e8ne l\u2019effort du peuple marocain \u00e0 jouir de la d\u00e9mocratie, du bien\u00eatre et de la justice sociale.<\/p>\n<p><span style=\"color: #ff0000;\">Par Mustapha LABRAIMI <\/span><\/p>\n","protected":false},"excerpt":{"rendered":"<p>Cela commence \u00e0 sentir du c\u00f4t\u00e9 des fr\u00e8res de l\u2019Usfp! Bouscul\u00e9e par les \u00e9v\u00e9nements organisationnels qu\u2019elle conna\u00eet et d\u00e9sar\u00e7onn\u00e9e par l\u2019\u00e9volution du champ politique national, la direction de ce parti, malmen\u00e9e par sa base, sort de sa r\u00e9serve, non pas pour clarifier et r\u00e9soudre ses probl\u00e8mes qui risquent de l\u2019affaiblir encore plus qu\u2019elle ne l\u2019est; [&hellip;]<\/p>\n","protected":false},"author":1,"featured_media":5897,"comment_status":"open","ping_status":"open","sticky":false,"template":"","format":"standard","meta":{"footnotes":""},"categories":[18],"tags":[],"class_list":["post-6368","post","type-post","status-publish","format-standard","has-post-thumbnail","hentry","category-point-de-vue"],"_links":{"self":[{"href":"https:\/\/pps.ma\/fr\/wp-json\/wp\/v2\/posts\/6368","targetHints":{"allow":["GET"]}}],"collection":[{"href":"https:\/\/pps.ma\/fr\/wp-json\/wp\/v2\/posts"}],"about":[{"href":"https:\/\/pps.ma\/fr\/wp-json\/wp\/v2\/types\/post"}],"author":[{"embeddable":true,"href":"https:\/\/pps.ma\/fr\/wp-json\/wp\/v2\/users\/1"}],"replies":[{"embeddable":true,"href":"https:\/\/pps.ma\/fr\/wp-json\/wp\/v2\/comments?post=6368"}],"version-history":[{"count":1,"href":"https:\/\/pps.ma\/fr\/wp-json\/wp\/v2\/posts\/6368\/revisions"}],"predecessor-version":[{"id":6369,"href":"https:\/\/pps.ma\/fr\/wp-json\/wp\/v2\/posts\/6368\/revisions\/6369"}],"wp:featuredmedia":[{"embeddable":true,"href":"https:\/\/pps.ma\/fr\/wp-json\/wp\/v2\/media\/5897"}],"wp:attachment":[{"href":"https:\/\/pps.ma\/fr\/wp-json\/wp\/v2\/media?parent=6368"}],"wp:term":[{"taxonomy":"category","embeddable":true,"href":"https:\/\/pps.ma\/fr\/wp-json\/wp\/v2\/categories?post=6368"},{"taxonomy":"post_tag","embeddable":true,"href":"https:\/\/pps.ma\/fr\/wp-json\/wp\/v2\/tags?post=6368"}],"curies":[{"name":"wp","href":"https:\/\/api.w.org\/{rel}","templated":true}]}}