{"id":6400,"date":"2015-04-03T13:07:26","date_gmt":"2015-04-03T13:07:26","guid":{"rendered":"http:\/\/ppsmaroc.com\/fr3\/?p=6400"},"modified":"2015-04-03T13:07:26","modified_gmt":"2015-04-03T13:07:26","slug":"indigniteindignation","status":"publish","type":"post","link":"https:\/\/pps.ma\/fr\/6400\/","title":{"rendered":"Indignit\u00e9\/Indignation"},"content":{"rendered":"<p><a href=\"http:\/\/ppsmaroc.com\/fr3\/wp-content\/uploads\/2014\/05\/Mustapha-Labraimi-2.jpg\"><img loading=\"lazy\" decoding=\"async\" class=\"alignleft  wp-image-5897\" src=\"http:\/\/ppsmaroc.com\/fr3\/wp-content\/uploads\/2014\/05\/Mustapha-Labraimi-2.jpg\" alt=\"Mustapha Labraimi 2\" width=\"206\" height=\"252\" srcset=\"https:\/\/pps.ma\/fr\/wp-content\/uploads\/2014\/05\/Mustapha-Labraimi-2.jpg 264w, https:\/\/pps.ma\/fr\/wp-content\/uploads\/2014\/05\/Mustapha-Labraimi-2-245x300.jpg 245w\" sizes=\"auto, (max-width: 206px) 100vw, 206px\" \/><\/a>Scotchez votre bouche. Ne vous permettez aucun commentaire. Encore moins de formuler une pens\u00e9e. Ne vous d\u00e9fendez pas. Ne soyez pas p\u00e9dagogue. Pourquoi expliquez ce que vous faites ? Un \u00e9claircissement, une pr\u00e9cision; pourquoi faire ? Dans le cas o\u00f9 vous vous ne soumettez pas \u00e0 ce diktat, eh bien on ira se plaindre. Vous plaindre! O\u00f9 ? Au minist\u00e8re de l\u2019Int\u00e9rieur.<\/p>\n<p>C\u2019est la nouvelle conception du d\u00e9bat politique que certains semblent non seulement pr\u00e9coniser, mais pratiquer sans vergogne. Comment vouloir emp\u00eacher un parti politique de s\u2019exprimer? Cela doit avoir un nom qui ne peut \u00eatre Lib\u00e9ration ou d\u00e9mocratie et encore moins libert\u00e9. Il faudrait chercher dans des pratiques d\u00e9pass\u00e9es \u00e0 l\u2019universel et au local pour qualifier ce comportement.<\/p>\n<p>Cela ravive des souvenirs sombres o\u00f9 \u00abdame censure\u00bb se permettait de b\u00e2illonner celles et ceux qui luttaient pour la dignit\u00e9 et les droits de la personne humaine. La v\u00e9rit\u00e9, tout d\u2019abord; disait l\u2019autre. Se taire par obligation, lui r\u00e9pondent actuellement les ma\u00eetres des temples de l\u2019opposition.<\/p>\n<p>Sous quels cieux sommes-nous ? De m\u00e9moire de militant, m\u00eame du temps des ann\u00e9es de plomb, on ne faisait pas \u00e9tat de ce d\u00e9ni. Emp\u00eacher l\u2019autre de s\u2019exprimer, et pire que l\u2019id\u00e9e en elle-m\u00eame, se plaindre de l\u2019usage de la libert\u00e9 d\u2019expression reconnue par la constitution aupr\u00e8s du minist\u00e8re de l\u2019Int\u00e9rieur. Que ne lui-a-ton pas sugg\u00e9rer de faire taire les membres de la Chambre des Repr\u00e9sentants ou ceux et celles de la Chambre des Conseillers ? Pourquoi ne pas pousser le bouchon plus loin jusqu\u2019\u00e0 demander l\u2019\u00e9tat d\u2019exception si l\u2019usage de la libert\u00e9 d\u2019expression reconnue et pratiqu\u00e9e toujours avec force leur porte de l\u2019ombre. Dans le m\u00eame ordre d\u2019id\u00e9es, il leur est loisible de pr\u00e9senter un projet de loi pour juguler l\u2019information, faire obstacle au d\u00e9bat, organiser la censure, et imposer la pens\u00e9e unique; celle qui leur convient pour qu\u2019ils se sentent v\u00e9ritablement en position, pardon en opposition avec les attentes du peuple marocain.<\/p>\n<p>Le socialisme, le patriotisme et le modernisme sont loin de tout cela. D\u2019autres \u00abismes\u00bb immondes, bruns et totalitaires, ont us\u00e9 de cette n\u00e9gation de la libert\u00e9 pour conduire leurs peuples \u00e0 la guerre, \u00e0 la dictature, \u00e0 la d\u00e9faite et \u00e0 la honte.<\/p>\n<p>Que veulent prouver ceux qui se plaignent au minist\u00e8re de l\u2019Int\u00e9rieur des d\u00e9clarations d\u2019autres leaders ou responsables politiques ? Qu\u2019ils sont capables d\u2019ouvrir des crises pour retarder tel processus ou tel autre ? Qu\u2019ils sont devenus les gardiens du temple de l\u2019immobilisme, du non droit et de l\u2019arbitraire ? Qu\u2019ils sont devenus allergiques au d\u00e9bat d\u00e9mocratique sur les affaires g\u00e9n\u00e9rales du pays ? Qu\u2019ils estiment que l\u2019ordre public est menac\u00e9 par la clameur de la v\u00e9rit\u00e9 ? Que le minist\u00e8re de l\u2019Int\u00e9rieur est le garant des droits de l\u2019opposition ? Que l\u2019\u00e9coute du minist\u00e8re de l\u2019Int\u00e9rieur est plus fine que celle des Marocaines et des Marocains ?<\/p>\n<p>Ane, o\u00f9 es-tu ? Toi, v\u00e9n\u00e9rable \u00e9quid\u00e9 qui a us\u00e9 de sa libert\u00e9 de manifester pour exprimer ta solidarit\u00e9 avec ceux qui t\u2019accompagnaient en plein c\u0153ur de la capitale. Bourricot! Que peux-tu attendre de ceux l\u00e0 m\u00eames qui t\u2019ont conduit \u00e0 cette mascarade et qui se plaignent aupr\u00e8s de la police de ton braiment courageux pour crier \u00abBasta!\u00bb.<\/p>\n<p>Faut-il le rappeler, n\u2019est pas aveugle celui qui ne voit pas, mais est aveugle celui qui nie la r\u00e9alit\u00e9 et qui ne se respecte plus lui m\u00eame. Les libert\u00e9s d\u2019opinion, d\u2019expression, et de r\u00e9union, garanties par la constitution dans son article 10, ne veulent aucunement dire que seule l\u2019opposition en b\u00e9n\u00e9ficie pour \u00abs&rsquo;acquitter convenablement de ses missions aff\u00e9rentes au travail parlementaire et \u00e0 la vie politique\u00bb. Il en va de m\u00eame pour les partis politiques de la majorit\u00e9 et n\u2019en d\u00e9plaise \u00e0 ceux qui se lamentent aupr\u00e8s du minist\u00e8re de l\u2019Int\u00e9rieur, la libert\u00e9 d\u2019expression est garantie par la constitution aux Marocaines et aux Marocains individuellement (article 25).<\/p>\n<p>Que l\u2019on nous entende, le Parti du Progr\u00e8s et du Socialisme usera de son droit l\u00e9gitime \u00e0 faire \u00e9tat publiquement de ses opinions et de ses analyses comme il l\u2019a toujours fait et assum\u00e9, dans l\u2019ind\u00e9pendance et le respect de l\u2019int\u00e9r\u00eat sup\u00e9rieur de la Nation. Notre peuple en est juge et non pas le minist\u00e8re de l\u2019Int\u00e9rieur dont l\u2019organisation et les attributions sont d\u00e9termin\u00e9es par les d\u00e9crets et les arr\u00eat\u00e9s parus au Bulletin Officiel. (D\u00e9cret n\u00b0 2.79.176 du 19 D\u00e9cembre 1997- BO n\u00b0 4558) D\u00e9cret n\u00b0 2-04-750 du 27 d\u00e9cembre 2004 (BO n\u00b0 5280 du 6 Janvier 2006) Voir version arabe (D\u00e9cret n\u00b0 2.08.159 du 16 Janvier 2009- BO n\u00b0 4558) Voir version arabe (Arr\u00eat\u00e9 n\u00b0 292-09 du 17 Janvier 2009 &#8211; BO n\u00b0 5713) Voir version arabe (Arr\u00eat\u00e9 n\u00b0 1229-09 du 13 Mai 2009 &#8211; BO n\u00b0 5746).<\/p>\n<p><span style=\"color: #800080;\">\u00c9crit par Mustapha Labraimi<\/span><\/p>\n","protected":false},"excerpt":{"rendered":"<p>Scotchez votre bouche. Ne vous permettez aucun commentaire. Encore moins de formuler une pens\u00e9e. Ne vous d\u00e9fendez pas. Ne soyez pas p\u00e9dagogue. Pourquoi expliquez ce que vous faites ? Un \u00e9claircissement, une pr\u00e9cision; pourquoi faire ? Dans le cas o\u00f9 vous vous ne soumettez pas \u00e0 ce diktat, eh bien on ira se plaindre. Vous [&hellip;]<\/p>\n","protected":false},"author":1,"featured_media":5897,"comment_status":"open","ping_status":"open","sticky":false,"template":"","format":"standard","meta":{"footnotes":""},"categories":[18],"tags":[],"class_list":["post-6400","post","type-post","status-publish","format-standard","has-post-thumbnail","hentry","category-point-de-vue"],"_links":{"self":[{"href":"https:\/\/pps.ma\/fr\/wp-json\/wp\/v2\/posts\/6400","targetHints":{"allow":["GET"]}}],"collection":[{"href":"https:\/\/pps.ma\/fr\/wp-json\/wp\/v2\/posts"}],"about":[{"href":"https:\/\/pps.ma\/fr\/wp-json\/wp\/v2\/types\/post"}],"author":[{"embeddable":true,"href":"https:\/\/pps.ma\/fr\/wp-json\/wp\/v2\/users\/1"}],"replies":[{"embeddable":true,"href":"https:\/\/pps.ma\/fr\/wp-json\/wp\/v2\/comments?post=6400"}],"version-history":[{"count":1,"href":"https:\/\/pps.ma\/fr\/wp-json\/wp\/v2\/posts\/6400\/revisions"}],"predecessor-version":[{"id":6401,"href":"https:\/\/pps.ma\/fr\/wp-json\/wp\/v2\/posts\/6400\/revisions\/6401"}],"wp:featuredmedia":[{"embeddable":true,"href":"https:\/\/pps.ma\/fr\/wp-json\/wp\/v2\/media\/5897"}],"wp:attachment":[{"href":"https:\/\/pps.ma\/fr\/wp-json\/wp\/v2\/media?parent=6400"}],"wp:term":[{"taxonomy":"category","embeddable":true,"href":"https:\/\/pps.ma\/fr\/wp-json\/wp\/v2\/categories?post=6400"},{"taxonomy":"post_tag","embeddable":true,"href":"https:\/\/pps.ma\/fr\/wp-json\/wp\/v2\/tags?post=6400"}],"curies":[{"name":"wp","href":"https:\/\/api.w.org\/{rel}","templated":true}]}}