{"id":6453,"date":"2015-05-21T16:15:15","date_gmt":"2015-05-21T16:15:15","guid":{"rendered":"http:\/\/ppsmaroc.com\/fr\/?p=6453"},"modified":"2015-05-21T16:15:15","modified_gmt":"2015-05-21T16:15:15","slug":"avorter","status":"publish","type":"post","link":"https:\/\/pps.ma\/fr\/6453\/","title":{"rendered":"Avorter"},"content":{"rendered":"<p><span style=\"color: #3366ff;\">\u00c9crit par Mustapha Labraimi &#8211;\u00a0<\/span><\/p>\n<p><a href=\"http:\/\/ppsmaroc.com\/fr\/wp-content\/uploads\/2014\/05\/Mustapha-Labraimi-2.jpg\"><img loading=\"lazy\" decoding=\"async\" class=\"  wp-image-5897 alignleft\" src=\"http:\/\/ppsmaroc.com\/fr\/wp-content\/uploads\/2014\/05\/Mustapha-Labraimi-2.jpg\" alt=\"Mustapha Labraimi 2\" width=\"184\" height=\"225\" srcset=\"https:\/\/pps.ma\/fr\/wp-content\/uploads\/2014\/05\/Mustapha-Labraimi-2.jpg 264w, https:\/\/pps.ma\/fr\/wp-content\/uploads\/2014\/05\/Mustapha-Labraimi-2-245x300.jpg 245w\" sizes=\"auto, (max-width: 184px) 100vw, 184px\" \/><\/a>Le Maroc de 2015 vit enti\u00e8rement dans son \u00e9thique en l\u00e9gif\u00e9rant sur l\u2019avortement. Au-del\u00e0 de la normalisation et de la restriction morales, il fallait \u00abagir le mieux possible\u00bb pour le bien des Marocaines et des Marocains afin de r\u00e9pondre \u00e0 un besoin dans un domaine o\u00f9 tout se m\u00eale pour taire l\u2019essentiel, le droit de la femme. Les autorit\u00e9s publiques, \u00e0 tous les niveaux, les comp\u00e9tences m\u00e9dicales, juridiques et religieuses, ne peuvent plus se soustraire de leurs responsabilit\u00e9s pour trouver une issue autre que la clandestinit\u00e9, totale ou partielle, ou le risque pouvant entrainer la mort d\u2019une femme.<\/p>\n<p>Dans cette affaire et actuellement, loin des certitudes orgueilleuses, l\u2019appr\u00e9ciation ne peut se faire sur la base d\u2019\u00eatre pour \u00abla libert\u00e9 de disposer de son corps\u00bb ou de rester \u00abherm\u00e9tique \u00e0 toute id\u00e9e de changement par rapport \u00e0 la r\u00e9alit\u00e9 sociale\u00bb. Sans n\u00e9gliger ce qui nous s\u00e9pare et ce qui nous unit, il s\u2019agit tout simplement de passer du tabou et de l\u2019occultation pure et simple de l\u2019avortement au droit tel qu\u2019il peut \u00eatre prononc\u00e9 et \u00e9tabli dans une soci\u00e9t\u00e9 comme la n\u00f4tre. Loin de toute surench\u00e8re, il nous semble que l\u2019\u00e9tablissement et l\u2019acceptation de la r\u00e8gle de droit, dans le cas de l\u2019avortement qui se discute actuellement, ainsi que l\u2019\u00e9l\u00e9vation de son effectivit\u00e9 sont susceptibles d\u2019induire en plus de sa validit\u00e9, l\u2019efficacit\u00e9 et l\u2019efficience de la loi dans sa mise en \u0153uvre.<\/p>\n<p>L\u2019\u00e9volution r\u00e9cente de notre soci\u00e9t\u00e9 a montr\u00e9 qu\u2019il existe \u00abdes grossesses non pr\u00e9vues et\/ou non souhait\u00e9es\u00bb r\u00e9sultats de conduites inconscientes, de pulsions non ma\u00eetris\u00e9es, de comportements irresponsables ou simplement \u00abd\u2019accidents\u00bb impr\u00e9vus. Ainsi, certaines statistiques signalent 800 avortements clandestins pratiqu\u00e9s quotidiennement, dans des conditions qui ne sont pas sans cons\u00e9quences sur la sant\u00e9 de la femme quelque soit sa condition de classe, son \u00e2ge et son \u00e9tat civil. Aucune femme ne cherche \u00e0 devenir enceinte pour avorter. L\u2019avortement n\u2019est pas un plaisir ou un acte aussi simple que l\u2019extraction d\u2019une dent de lait. Il est v\u00e9cu p\u00e9niblement, avec inqui\u00e9tude.<\/p>\n<p>Dans le cadre d\u2019un d\u00e9bat public initi\u00e9 par le minist\u00e8re de la sant\u00e9, l\u2019analyse de cette d\u00e9tresse a \u00e9t\u00e9 effectu\u00e9e et la constitution d\u2019une commission ad hoc a permis aux forces vives de la Nation de s\u2019exprimer sur le sujet. Le Parti du Progr\u00e8s et du Socialisme s\u2019est investi dans ce processus par ses interventions dans les d\u00e9bats organis\u00e9s \u00e0 ce sujet et aussi par la pr\u00e9sentation d\u2019un m\u00e9morandum afin de cristalliser ses positions sur l\u2019interruption volontaire de la grossesse.<\/p>\n<p>Dans l\u2019humilit\u00e9, la s\u00e9r\u00e9nit\u00e9 et l\u2019objectivit\u00e9, le PPS s\u2019est \u00e9vertu\u00e9 de penser au pr\u00e9sent sur un probl\u00e8me actuel \u00e0 l\u2019\u00e9chelle plan\u00e9taire. La conformit\u00e9 aux exigences du temps a conduit un certain nombre d\u2019\u00e9tats, parmi lesquels des \u00e9tats musulmans, \u00e0 lever tout obstacle contre l\u2019IVG. Dans ces \u00e9tats, il est apparu une nette diminution de la mort des femmes enceintes. Au Maroc, 4,2% de la mortalit\u00e9 maternelle rel\u00e8vent des suites de l\u2019avortement tel qu\u2019il est pratiqu\u00e9 \u00e0 ce jour, dans la clandestinit\u00e9; alors que la mortalit\u00e9 suite \u00e0 des complications survenant lors de l&rsquo;accouchement est de 5,5%. La pr\u00e9servation de la sant\u00e9 de la femme marocaine et son droit de r\u00e9aliser son potentiel humain et de vivre la vie qu\u2019elle d\u00e9sire impose la r\u00e9vision du code p\u00e9nal marocain, notamment dans ses articles allant de 449 \u00e0 458.<\/p>\n<p>L&rsquo;interruption volontaire de la grossesse doit \u00eatre autoris\u00e9e en cas de maladie mentale de la m\u00e8re, de malformation f\u0153tale, de viol, et d&rsquo;inceste.<\/p>\n<p>L\u2019acc\u00e8s \u00e0 l\u2019avortement m\u00e9dicalis\u00e9 et s\u00e9curis\u00e9 permettra sans doute de diminuer l\u2019impact social de l\u2019avortement et des cons\u00e9quences qui en d\u00e9coulent (crimes d\u2019honneur, tendances suicidaires, expulsion du foyer familial, abandon du nouveau-n\u00e9\u2026). Le recul de l\u2019avortement sera substantiel suite \u00e0 l\u2019am\u00e9lioration de la pr\u00e9vention des grossesses non voulues, de la promotion de la planification familiale, de l\u2019\u00e9ducation sexuelle des jeunes et de la contraception efficace.<\/p>\n<p>La diminution des in\u00e9galit\u00e9s de sant\u00e9 dans notre soci\u00e9t\u00e9, la diminution des \u00e9carts entre les riches et les pauvres, entre les populations \u00e0 faible revenu et \u00e0 revenu \u00e9lev\u00e9 et entre les populations rurales et urbaines, dans le cas de la sant\u00e9 maternelle, n\u00e9onatale, celle de l\u2019enfance, de l\u2019adolescence et de la jeunesse sont des priorit\u00e9s pour permettre aux Marocaines et aux Marocains de vivre dans la justice sociale et le bien\u00eatre et d\u2019envisager un avenir radieux et prosp\u00e8re.<\/p>\n","protected":false},"excerpt":{"rendered":"<p>\u00c9crit par Mustapha Labraimi &#8211;\u00a0 Le Maroc de 2015 vit enti\u00e8rement dans son \u00e9thique en l\u00e9gif\u00e9rant sur l\u2019avortement. Au-del\u00e0 de la normalisation et de la restriction morales, il fallait \u00abagir le mieux possible\u00bb pour le bien des Marocaines et des Marocains afin de r\u00e9pondre \u00e0 un besoin dans un domaine o\u00f9 tout se m\u00eale pour [&hellip;]<\/p>\n","protected":false},"author":1,"featured_media":5897,"comment_status":"open","ping_status":"open","sticky":false,"template":"","format":"standard","meta":{"footnotes":""},"categories":[18],"tags":[72,71,73],"class_list":["post-6453","post","type-post","status-publish","format-standard","has-post-thumbnail","hentry","category-point-de-vue","tag-avortement-maroc","tag-avorter","tag-mustapha-labraimi"],"_links":{"self":[{"href":"https:\/\/pps.ma\/fr\/wp-json\/wp\/v2\/posts\/6453","targetHints":{"allow":["GET"]}}],"collection":[{"href":"https:\/\/pps.ma\/fr\/wp-json\/wp\/v2\/posts"}],"about":[{"href":"https:\/\/pps.ma\/fr\/wp-json\/wp\/v2\/types\/post"}],"author":[{"embeddable":true,"href":"https:\/\/pps.ma\/fr\/wp-json\/wp\/v2\/users\/1"}],"replies":[{"embeddable":true,"href":"https:\/\/pps.ma\/fr\/wp-json\/wp\/v2\/comments?post=6453"}],"version-history":[{"count":1,"href":"https:\/\/pps.ma\/fr\/wp-json\/wp\/v2\/posts\/6453\/revisions"}],"predecessor-version":[{"id":6454,"href":"https:\/\/pps.ma\/fr\/wp-json\/wp\/v2\/posts\/6453\/revisions\/6454"}],"wp:featuredmedia":[{"embeddable":true,"href":"https:\/\/pps.ma\/fr\/wp-json\/wp\/v2\/media\/5897"}],"wp:attachment":[{"href":"https:\/\/pps.ma\/fr\/wp-json\/wp\/v2\/media?parent=6453"}],"wp:term":[{"taxonomy":"category","embeddable":true,"href":"https:\/\/pps.ma\/fr\/wp-json\/wp\/v2\/categories?post=6453"},{"taxonomy":"post_tag","embeddable":true,"href":"https:\/\/pps.ma\/fr\/wp-json\/wp\/v2\/tags?post=6453"}],"curies":[{"name":"wp","href":"https:\/\/api.w.org\/{rel}","templated":true}]}}