{"id":6530,"date":"2015-06-15T09:46:18","date_gmt":"2015-06-15T09:46:18","guid":{"rendered":"http:\/\/ppsmaroc.com\/fr\/?p=6530"},"modified":"2015-06-15T09:46:18","modified_gmt":"2015-06-15T09:46:18","slug":"lkorrinti","status":"publish","type":"post","link":"https:\/\/pps.ma\/fr\/6530\/","title":{"rendered":"Lkorrinti !"},"content":{"rendered":"<p><span style=\"color: #3366ff;\">\u00c9crit par Mustapha Labraimi &#8211;\u00a0<\/span><\/p>\n<p><a href=\"http:\/\/ppsmaroc.com\/fr\/wp-content\/uploads\/2014\/05\/Mustapha-Labraimi-2.jpg\"><img loading=\"lazy\" decoding=\"async\" class=\"  wp-image-5897 alignright\" src=\"http:\/\/ppsmaroc.com\/fr\/wp-content\/uploads\/2014\/05\/Mustapha-Labraimi-2.jpg\" alt=\"Mustapha Labraimi 2\" width=\"174\" height=\"213\" srcset=\"https:\/\/pps.ma\/fr\/wp-content\/uploads\/2014\/05\/Mustapha-Labraimi-2.jpg 264w, https:\/\/pps.ma\/fr\/wp-content\/uploads\/2014\/05\/Mustapha-Labraimi-2-245x300.jpg 245w\" sizes=\"auto, (max-width: 174px) 100vw, 174px\" \/><\/a>C\u2019est par un \u00e9v\u00e9nement tragique que la mer s\u2019est rappel\u00e9e aux Marocaines et aux Marocains. Aux abords de l\u2019embouchure de l\u2019oued Cherrat, une plage non gard\u00e9e a connu la noyade d\u2019un certain nombre de jeunes venus de quartiers populaires de Benslimane pour se d\u00e9tendre et profiter d\u2019une journ\u00e9e ensoleill\u00e9e au bord de l\u2019oc\u00e9an. Un membre d\u2019une autre famille a connu le m\u00eame malheur aux environs d\u2019Elouatia, pr\u00e8s de Tan Tan. L\u2019\u00e9moi est grand; et, on ne peut \u00e0 ce niveau, qu\u2019exprimer nos condol\u00e9ances aux familles et implorer la mis\u00e9ricorde pour les jeunes disparus.<\/p>\n<p>Ne pas se laisser emporter par \u00ablkorrinti\u00bb \u00e0 ce propos ne signifie aucunement aller \u00e0 contrecourant de la volont\u00e9 populaire, mais c\u2019est la bonne voie pour consolider les acquis d\u00e9mocratiques de notre peuple. Aucune surench\u00e8re n\u2019est permise, aucune pol\u00e9mique ne peut \u00eatre admise \u00e0 ce sujet. L\u2019usage abusif de l\u2019invective tout azimut, au sein de la Chambre des Repr\u00e9sentants et ailleurs, surtout en m\u00e9langeant les genres, ne peut aboutir \u00e0 la sensibilisation n\u00e9cessaire, ni \u00e0 la mobilisation constructive pour r\u00e9pondre \u00e0 des interpellations qui int\u00e9ressent l\u2019ensemble de la nation et non pas une partie de la population au lieu d\u2019une autre.<\/p>\n<p>Il s\u2019agit d\u2019une partie de notre territoire, sa frange littorale, dont l\u2019int\u00e9grit\u00e9 est souvent menac\u00e9e. A chacun(e) de faire un effort pour que la gestion int\u00e9gr\u00e9e des c\u00f4tes du Maroc ne soit pas seulement l\u2019expression d\u2019une volont\u00e9 politique en phase avec le vocabulaire en vogue mais une r\u00e9alit\u00e9 v\u00e9cue qui s\u2019am\u00e9liore au jour le jour pour assurer la durabilit\u00e9 des activit\u00e9s littorales dans notre pays, si nombreuses et parfois si contradictoires les unes par rapport aux autres. Des efforts sont \u00e0 enregistrer, particuli\u00e8rement en ce qui concerne la l\u00e9gislation et la d\u00e9pollution de secteurs attenants \u00e0 des grandes villes ou int\u00e9ress\u00e9s par un plan d\u2019am\u00e9nagement.<\/p>\n<p>L\u2019assainissement liquide sera ainsi intercept\u00e9 au pr\u00e9alable afin que les eaux us\u00e9es soient pr\u00e9trait\u00e9es et revers\u00e9es ensuite vers la mer. La salubrit\u00e9 de la zone littorale dans son ensemble sera am\u00e9lior\u00e9e, notamment celle des plages et des zones o\u00f9 se pratique une conchyliculture naturelle. Beaucoup de polluants proviennent de l\u2019activit\u00e9 humaine au quotidien et menacent la biodiversit\u00e9 de la vie marine, son \u00e9quilibre et sa productivit\u00e9. Parfois, l\u2019homme par sa place dans la cha\u00eene alimentaire souffre de la consommation de ses produits de la mer souvent achet\u00e9s en marge d\u2019un bronzage prolong\u00e9 ou de l\u2019usage des routes c\u00f4ti\u00e8res.<\/p>\n<p>Dans un registre parlementaire, et le plus souvent \u00e0 l\u2019initiative du gouvernement et de sa majorit\u00e9, des projets de lois sont \u00e0 l\u2019\u00e9tude au sein des commissions sp\u00e9cialis\u00e9es ou ont \u00e9t\u00e9 adopt\u00e9s apr\u00e8s une deuxi\u00e8me lecture. Pour ne citer que la loi relative \u00e0 l\u2019exploitation des carri\u00e8res, sa promulgation prochaine fera table rase d\u2019une l\u00e9gislation obsol\u00e8te dat\u00e9e d\u2019un si\u00e8cle! Dans l\u2019attente des textes d\u2019application et de la mise en \u0153uvre des dispositions d\u2019exploitation et de contr\u00f4le pr\u00e9vues par la l\u00e9gislation adopt\u00e9e, l\u2019espoir est grand de voir l\u2019arsenal juridique concernant l\u2019environnement en g\u00e9n\u00e9ral et littoral en particulier se renforcer au plus vite, et que sa mise en \u0153uvre rentre dans la pratique.<\/p>\n<p>On peut aussi pr\u00e9tendre (le r\u00eave n\u2019est pas interdit) \u00e0 regrouper dans l\u2019avenir l\u2019ensemble des textes r\u00e9gissant l\u2019espace c\u00f4tier, eu \u00e9gard \u00e0 sa sp\u00e9cificit\u00e9, dans un code sp\u00e9cial o\u00f9 s\u2019int\u00e9greront les modalit\u00e9s n\u00e9cessaires aux activit\u00e9s et aux usages (p\u00eache, urbanisation, ports, travaux de d\u00e9fense contre l\u2019\u00e9rosion, ramassage des algues, d\u00e9fense nationale, rejets en mer, d\u00e9chets et pollution, extraction de granulats, loisirs, tourisme, aquaculture, recherche scientifique, camping, caravanning \u2026etc.) \u00e0 la pr\u00e9servation et \u00e0 la protection (Sibe, site Ramsar, parcs naturels\u2026etc.). Un minist\u00e8re pour le littoral !<\/p>\n<p>Toutefois, il n\u2019en reste pas moins que notre connaissance de la zone littorale reste fragmentaire au niveau national. Cette ignorance partielle ne r\u00e9pond pas \u00e0 la littoralisation accrue de la population, et de ses activit\u00e9s, soit d\u2019une mani\u00e8re permanente ou seulement pendant la p\u00e9riode estivale. La valorisation du domaine public maritime, objet d\u2019un appel d\u2019offre courant, doit se baser sur une connaissance approfondie de ses caract\u00e9ristiques littorales dans leur ensemble. Une connaissance r\u00e9elle et non pas approch\u00e9e par des m\u00e9thodes informatiques o\u00f9 les probabilit\u00e9s calcul\u00e9es pr\u00e9dominent les donn\u00e9es de terrain. Il s\u2019agit de celles concernant la mar\u00e9e, la houle, le vent, la dynamique des eaux littorales, la courantologie, la s\u00e9dimentologie, la biologie, l\u2019\u00e9cologie, etc.<\/p>\n<p>La n\u00e9cessit\u00e9 d\u2019une surveillance de tous les jours, et pieds dans l\u2019eau, ne peut que permettre aux Marocaines et aux Marocains de trouver leur bonheur dans les loisirs et les plaisirs li\u00e9s \u00e0 la mer tout en pr\u00e9servant les potentialit\u00e9s et l\u2019int\u00e9grit\u00e9 d\u2019une zone littorale diversifi\u00e9e et riche. Gestion des risques, planification des usages doivent guider l\u2019action pour trouver le juste \u00e9quilibre dans une zone fragile et convoit\u00e9e.<\/p>\n","protected":false},"excerpt":{"rendered":"<p>\u00c9crit par Mustapha Labraimi &#8211;\u00a0 C\u2019est par un \u00e9v\u00e9nement tragique que la mer s\u2019est rappel\u00e9e aux Marocaines et aux Marocains. Aux abords de l\u2019embouchure de l\u2019oued Cherrat, une plage non gard\u00e9e a connu la noyade d\u2019un certain nombre de jeunes venus de quartiers populaires de Benslimane pour se d\u00e9tendre et profiter d\u2019une journ\u00e9e ensoleill\u00e9e au [&hellip;]<\/p>\n","protected":false},"author":1,"featured_media":5897,"comment_status":"open","ping_status":"open","sticky":false,"template":"","format":"standard","meta":{"footnotes":""},"categories":[18],"tags":[],"class_list":["post-6530","post","type-post","status-publish","format-standard","has-post-thumbnail","hentry","category-point-de-vue"],"_links":{"self":[{"href":"https:\/\/pps.ma\/fr\/wp-json\/wp\/v2\/posts\/6530","targetHints":{"allow":["GET"]}}],"collection":[{"href":"https:\/\/pps.ma\/fr\/wp-json\/wp\/v2\/posts"}],"about":[{"href":"https:\/\/pps.ma\/fr\/wp-json\/wp\/v2\/types\/post"}],"author":[{"embeddable":true,"href":"https:\/\/pps.ma\/fr\/wp-json\/wp\/v2\/users\/1"}],"replies":[{"embeddable":true,"href":"https:\/\/pps.ma\/fr\/wp-json\/wp\/v2\/comments?post=6530"}],"version-history":[{"count":1,"href":"https:\/\/pps.ma\/fr\/wp-json\/wp\/v2\/posts\/6530\/revisions"}],"predecessor-version":[{"id":6531,"href":"https:\/\/pps.ma\/fr\/wp-json\/wp\/v2\/posts\/6530\/revisions\/6531"}],"wp:featuredmedia":[{"embeddable":true,"href":"https:\/\/pps.ma\/fr\/wp-json\/wp\/v2\/media\/5897"}],"wp:attachment":[{"href":"https:\/\/pps.ma\/fr\/wp-json\/wp\/v2\/media?parent=6530"}],"wp:term":[{"taxonomy":"category","embeddable":true,"href":"https:\/\/pps.ma\/fr\/wp-json\/wp\/v2\/categories?post=6530"},{"taxonomy":"post_tag","embeddable":true,"href":"https:\/\/pps.ma\/fr\/wp-json\/wp\/v2\/tags?post=6530"}],"curies":[{"name":"wp","href":"https:\/\/api.w.org\/{rel}","templated":true}]}}