{"id":6556,"date":"2015-06-18T12:48:33","date_gmt":"2015-06-18T12:48:33","guid":{"rendered":"http:\/\/ppsmaroc.com\/fr\/?p=6556"},"modified":"2015-06-18T12:48:33","modified_gmt":"2015-06-18T12:48:33","slug":"synchronisation","status":"publish","type":"post","link":"https:\/\/pps.ma\/fr\/6556\/","title":{"rendered":"Synchronisation ?"},"content":{"rendered":"<p><span style=\"color: #3366ff;\">\u00c9crit par Mustapha Labraimi &#8211; \u00a0\u00a0 \u00a0<\/span><\/p>\n<p><a href=\"http:\/\/ppsmaroc.com\/fr\/wp-content\/uploads\/2014\/05\/Mustapha-Labraimi-2.jpg\"><img loading=\"lazy\" decoding=\"async\" class=\"  wp-image-5897 alignleft\" src=\"http:\/\/ppsmaroc.com\/fr\/wp-content\/uploads\/2014\/05\/Mustapha-Labraimi-2.jpg\" alt=\"Mustapha Labraimi 2\" width=\"214\" height=\"262\" srcset=\"https:\/\/pps.ma\/fr\/wp-content\/uploads\/2014\/05\/Mustapha-Labraimi-2.jpg 264w, https:\/\/pps.ma\/fr\/wp-content\/uploads\/2014\/05\/Mustapha-Labraimi-2-245x300.jpg 245w\" sizes=\"auto, (max-width: 214px) 100vw, 214px\" \/><\/a>Modernit\u00e9 quand tu nous empoignes! Cela ne date pas d\u2019aujourd\u2019hui que certains combattent la modernit\u00e9 tout en se voulant paraitre modernes. Ce n\u2019est pas du tout \u00e9vident qu\u2019en complet veston et cravate on soit plus moderne qu\u2019en burnous et turban. Le probl\u00e8me n\u2019est pas en relation avec la condition vestimentaire, l\u2019utilisation d\u2019outils de communication r\u00e9cents ou dans l\u2019expression, f\u00fbt-elle v\u00e9hicul\u00e9e par une oreillette et transmise par une r\u00e9gie invisible.<\/p>\n<p>La modernit\u00e9 n\u2019a jamais \u00e9t\u00e9 une mode, et encore moins une patente pour composer dans un champ politique en devenir. Elle est bas\u00e9e sur une syst\u00e9matique des comportements dans la soci\u00e9t\u00e9 et dans l\u2019expression politique des revendications l\u00e9gitimes de la population.<\/p>\n<p>Faire du quotidien une r\u00e9alit\u00e9 intelligible pour le comprendre et le transformer, se servir de sa raison pour appr\u00e9hender justement le rapport de forces dans cette lutte des classes quelque soit ses formes d\u2019expression, remplacer les formes de pouvoir fond\u00e9es sur la violence et l\u2019arbitraire par la d\u00e9mocratie, proposer un progr\u00e8s lib\u00e9rateur par le d\u00e9veloppement des forces productives, encourager la culture nationale \u00e0 s\u2019\u00e9manciper de la tutelle et de l\u2019ali\u00e9nation \u2026 C\u2019est ainsi que l\u2019on devient moderne. Ce n\u2019est pas en l\u2019affirmant du bout des l\u00e8vres et en se comportant comme un fieff\u00e9 r\u00e9actionnaire que la modernit\u00e9 s\u2019\u00e9panouisse et devienne la caract\u00e9ristique d\u2019une personne ou d\u2019une soci\u00e9t\u00e9. Cela est valable pour tous, autant pour l\u2019acteur politique que pour l\u2019animateur d\u2019une \u00e9mission t\u00e9l\u00e9vis\u00e9e.<\/p>\n<p>La modernit\u00e9 ne se limite pas \u00e0 la d\u00e9nonciation, f\u00fbt elle-cin\u00e9matographique. C\u2019est ainsi que \u00abla beaut\u00e9 que tu rec\u00e8les\u00bb n\u2019a pas d\u00e9pass\u00e9 \u00able Coiffeur de la rue des Pauvres\u00bb dans la conscientisation des masses populaires et leur engagement pour le changement. Elle ne se cantonne pas \u00e0 la revendication aussi l\u00e9gitime soit-elle. Elle est loin de la provocation infantile et irresponsable. Elle d\u00e9passe la fonction tribunitienne pour devenir propositions aptes \u00e0 \u00eatre r\u00e9alis\u00e9es dans le d\u00e9passement de la probl\u00e9matique dominante. Elle n\u2019est pas logorrh\u00e9e populiste pour faire plaisir et caresser dans le sens du poil un auditoire en mal de vie sans pour autant proposer l\u2019alternative. La modernit\u00e9 est aussi incompatible avec la censure, l\u2019arbitraire, l\u2019injustice et le despotisme, l\u2019utilisation d\u2019une position sociale ou administrative pour mettre \u00e0 genoux un acteur politique, un m\u00e9dia ou simplement un pauvre h\u00e8re qui cherche \u00e0 faire valoir ses droits.<\/p>\n<p>La modernit\u00e9 est action pour d\u00e9passer ce qui est devenu relique, au sens temporel du terme. La modernit\u00e9 ne se limite pas \u00e0 la r\u00e9p\u00e9tition asymptote du dogme. La modernit\u00e9 est une innovation permanente dans les modalit\u00e9s de vivre soi-m\u00eame et avec les autres. La modernit\u00e9 n\u2019est pas un simple rejet de ce qui est d\u00e9pass\u00e9, encore faut-il le d\u00e9montrer. La modernit\u00e9 est un processus de transformations qui fait passer la soci\u00e9t\u00e9 du clair-obscur o\u00f9 elle se trouvait vers une pratique affirm\u00e9es de son humanit\u00e9, vers le bien\u00eatre et la justice sociale.<\/p>\n<p>L\u2019approche des diff\u00e9rents partenaires du champ politique national a fait de la modernit\u00e9 un sujet de malentendu qui n\u2019a pu \u00eatre d\u00e9pass\u00e9 politiquement que vers la fin du si\u00e8cle dernier par l\u2019av\u00e8nement de l\u2019alternance consensuelle. Il a fallu des ann\u00e9es pour que la conviction profonde des patriotes r\u00e9volutionnaires soit partag\u00e9e par d\u2019autres. Notre peuple ne peut tol\u00e9rer une r\u00e9cession o\u00f9 la guerre des tranch\u00e9es s\u2019accompagne d\u2019un nivellement par le bas des pratiques et des discours politiques.<\/p>\n<p>Etre moderne aujourd\u2019hui au Maroc ne se situe pas dans la pratique de la nuisance et de la confrontation pour la simple raison de para\u00eetre. Etre moderne au Royaume du Maroc ne se traduit pas par une action de d\u00e9valorisation des avanc\u00e9es r\u00e9alis\u00e9es comme elle ne peut se\u00a0 limiter au marketing soutenu par une volont\u00e9 d\u2019en d\u00e9coudre et de d\u00e9boulonner des adversaires politiques reconnus par la l\u00e9gitimit\u00e9 du processus d\u00e9mocratique pour lequel tant d\u2019efforts ont \u00e9t\u00e9 consentis. Il s\u2019agit d\u2019ouvrir des horizons et non pas de les faire noircir plus qu\u2019ils ne sont par la crise du capitalisme.<\/p>\n<p>Etre moderne au Maroc, c\u2019est militer pour assurer les conditions les plus justes et les plus ad\u00e9quates \u00e0 notre volont\u00e9 partag\u00e9e dans l\u2019\u00e9dification de l\u2019Etat national d\u00e9mocratique et moderne. C\u2019est aussi soutenir un d\u00e9bat responsable et formateur sur cet objectif sans parasitage. C\u2019est agir pour le bien\u00eatre des Marocaines et des Marocains afin que leurs besoins en \u00e9ducation, en sant\u00e9, en alimentation, en logement, en am\u00e9nagement du territoire, en infrastructure, en loisirs, en s\u00e9curit\u00e9 et autres n\u00e9cessit\u00e9s de la vie quotidienne soient assur\u00e9s autant que la lib\u00e9ration et\u00a0 la libert\u00e9.<\/p>\n","protected":false},"excerpt":{"rendered":"<p>\u00c9crit par Mustapha Labraimi &#8211; \u00a0\u00a0 \u00a0 Modernit\u00e9 quand tu nous empoignes! Cela ne date pas d\u2019aujourd\u2019hui que certains combattent la modernit\u00e9 tout en se voulant paraitre modernes. Ce n\u2019est pas du tout \u00e9vident qu\u2019en complet veston et cravate on soit plus moderne qu\u2019en burnous et turban. Le probl\u00e8me n\u2019est pas en relation avec la [&hellip;]<\/p>\n","protected":false},"author":1,"featured_media":5897,"comment_status":"open","ping_status":"open","sticky":false,"template":"","format":"standard","meta":{"footnotes":""},"categories":[18],"tags":[],"class_list":["post-6556","post","type-post","status-publish","format-standard","has-post-thumbnail","hentry","category-point-de-vue"],"_links":{"self":[{"href":"https:\/\/pps.ma\/fr\/wp-json\/wp\/v2\/posts\/6556","targetHints":{"allow":["GET"]}}],"collection":[{"href":"https:\/\/pps.ma\/fr\/wp-json\/wp\/v2\/posts"}],"about":[{"href":"https:\/\/pps.ma\/fr\/wp-json\/wp\/v2\/types\/post"}],"author":[{"embeddable":true,"href":"https:\/\/pps.ma\/fr\/wp-json\/wp\/v2\/users\/1"}],"replies":[{"embeddable":true,"href":"https:\/\/pps.ma\/fr\/wp-json\/wp\/v2\/comments?post=6556"}],"version-history":[{"count":2,"href":"https:\/\/pps.ma\/fr\/wp-json\/wp\/v2\/posts\/6556\/revisions"}],"predecessor-version":[{"id":6558,"href":"https:\/\/pps.ma\/fr\/wp-json\/wp\/v2\/posts\/6556\/revisions\/6558"}],"wp:featuredmedia":[{"embeddable":true,"href":"https:\/\/pps.ma\/fr\/wp-json\/wp\/v2\/media\/5897"}],"wp:attachment":[{"href":"https:\/\/pps.ma\/fr\/wp-json\/wp\/v2\/media?parent=6556"}],"wp:term":[{"taxonomy":"category","embeddable":true,"href":"https:\/\/pps.ma\/fr\/wp-json\/wp\/v2\/categories?post=6556"},{"taxonomy":"post_tag","embeddable":true,"href":"https:\/\/pps.ma\/fr\/wp-json\/wp\/v2\/tags?post=6556"}],"curies":[{"name":"wp","href":"https:\/\/api.w.org\/{rel}","templated":true}]}}