{"id":6583,"date":"2015-07-01T16:12:47","date_gmt":"2015-07-01T16:12:47","guid":{"rendered":"http:\/\/ppsmaroc.com\/fr\/?p=6583"},"modified":"2015-07-01T16:12:47","modified_gmt":"2015-07-01T16:12:47","slug":"mentalites","status":"publish","type":"post","link":"https:\/\/pps.ma\/fr\/6583\/","title":{"rendered":"Mentalit\u00e9s"},"content":{"rendered":"<p><span style=\"color: #3366ff;\"><a href=\"http:\/\/ppsmaroc.com\/fr\/wp-content\/uploads\/2014\/05\/Mustapha-Labraimi-2.jpg\"><img loading=\"lazy\" decoding=\"async\" class=\"  wp-image-5897 alignright\" src=\"http:\/\/ppsmaroc.com\/fr\/wp-content\/uploads\/2014\/05\/Mustapha-Labraimi-2.jpg\" alt=\"Mustapha Labraimi 2\" width=\"193\" height=\"236\" srcset=\"https:\/\/pps.ma\/fr\/wp-content\/uploads\/2014\/05\/Mustapha-Labraimi-2.jpg 264w, https:\/\/pps.ma\/fr\/wp-content\/uploads\/2014\/05\/Mustapha-Labraimi-2-245x300.jpg 245w\" sizes=\"auto, (max-width: 193px) 100vw, 193px\" \/><\/a>\u00c9crit par Mustapha Labraimi\u00a0 &#8211;<\/span><\/p>\n<p>Le terrorisme tue sur une plage \u00e0 Sousse en Tunisie, assassine pendant la pri\u00e8re du vendredi \u00e0 Kowe\u00eft City et manifeste sa barbarie en Is\u00e8re, en France. La guerre qui continue au Moyen Orient. La crise grecque qui perdure. Ainsi; de part et d\u2019autre de la Mer M\u00e9diterran\u00e9e, les \u00e9v\u00e9nements v\u00e9cus ces jours ne font pas chaud au c\u0153ur. A la douleur ressentie s\u2019est ajout\u00e9e la peur de voir ce genre de malheur se propager et impacter notre quotidien. D\u2019autant plus que des incidents graves sont relev\u00e9s par ici et par l\u00e0. Au cas de la robe d\u2019Inezgane s\u2019est ajout\u00e9 le lynchage de F\u00e8s en moins de quelques heures. L\u2019image du pays est malmen\u00e9e par les medias et les r\u00e9seaux sociaux qui trouvent ainsi mati\u00e8re \u00e0 relever les signes d\u2019une r\u00e9gression d\u2019une soci\u00e9t\u00e9 jusque l\u00e0 vant\u00e9e pour son islam mod\u00e9r\u00e9 et stabilisateur.<\/p>\n<p>L\u2019impression est que \u00abcertains\u00bb veulent attiser la confrontation sociale dans notre pays \u00e0 partir de faits en relation beaucoup plus avec la b\u00eatise humaine qu\u2019avec la r\u00e9alit\u00e9 d\u2019une soci\u00e9t\u00e9. Une soci\u00e9t\u00e9 qui reste certes en \u00ab clair obscur \u00bb mais qui \u00e9volue r\u00e9solument vers la modernit\u00e9. Inconnus ou non d\u00e9termin\u00e9s avec pr\u00e9cision, il est clair que la situation actuelle du Royaume ne les satisfait pas. Alors, chaque fait divers est mont\u00e9 pour qu\u2019il puisse devenir l\u2019interrogation principale sur les dangers et p\u00e9rils qui p\u00e8sent sur le Maroc. De tout bord, On s\u2019interroge et on interpelle alors qu\u2019un texte constitutionnel a \u00e9t\u00e9 adopt\u00e9 par une \u00e9crasante majorit\u00e9 pour tordre le cou justement \u00e0 ces billeves\u00e9es qui veulent ne pas croire aux avanc\u00e9es certaines de la soci\u00e9t\u00e9 marocaine ou \u00e0 sa capacit\u00e9 de conduire le changement dans la s\u00e9r\u00e9nit\u00e9, la stabilit\u00e9 et un processus d\u00e9mocratique certain.<\/p>\n<p>Ainsi, la taille de la jupe est devenue motif pour atteinte \u00e0 la pudeur ! Une simple affaire de drague \u00e9volue en affaire nationale et la violence cherche \u00e0 s\u2019imposer au lieu et place de la loi. L\u2019\u00e9cho d\u00e9velopp\u00e9 par les r\u00e9seaux sociaux se transforme en coups de tonnerre. Dans un autre contexte r\u00e9gional, on aurait cri\u00e9 \u00e0 la provocation. Par les temps qui courent, le doute cherche \u00e0 s\u2019infiltrer dans les esprits pour s\u2019interroger sur ce qui est clairement explicite dans la constitution. Faut-il rappeler que le pr\u00e9ambule de la constitution commence par affirmer que \u00abFid\u00e8le \u00e0 son choix irr\u00e9versible de construire un Etat de droit d\u00e9mocratique, le Royaume du Maroc poursuit r\u00e9solument le processus de consolidation et de renforcement des institutions d&rsquo;un Etat moderne, ayant pour fondements les principes de participation, de pluralisme et de bonne gouvernance. Il d\u00e9veloppe une soci\u00e9t\u00e9 solidaire o\u00f9 tous jouissent de la s\u00e9curit\u00e9, de la libert\u00e9, de l&rsquo;\u00e9galit\u00e9 des chances, du respect de leur dignit\u00e9 et de la justice sociale, dans le cadre du principe de corr\u00e9lation entre les droits et les devoirs de la citoyennet\u00e9.\u00bb. La r\u00e9action ne passera pas. Elle ne pourra pas faire revenir le Maroc aux ann\u00e9es de plomb en faisant croire au \u00abchaos\u00bb qui s\u2019installe faute de fermet\u00e9 et d\u2019un dirigisme men\u00e9 par une main de fer.<\/p>\n<p>La coh\u00e9sion de la soci\u00e9t\u00e9 marocaine est-elle menac\u00e9e par un ostracisme de plus en plus manifeste envers la diff\u00e9rence? Voudrait-on que les Marocaines et les Marocains capitulent devant la peur; qu\u2019ils deviennent des otages d\u2019une subversion factuelle o\u00f9 l\u2019identitaire se m\u00eale au politique, au social et \u00e0 l\u2019\u00e9conomique? Le sentiment de d\u00e9sordre, aussi subjectif soit-il, ne peut faire avancer la d\u00e9mocratie. Il lui est antinomique, car il favorise la confrontation au lieu du dialogue. Il compartimente la soci\u00e9t\u00e9 dans une guerre des tranch\u00e9es irr\u00e9elle mais v\u00e9cue par procuration en r\u00e9action \u00e0 ce qui se vit ailleurs.<\/p>\n<p>Il faut comprendre clairement que dans un contexte marqu\u00e9 par l\u2019approche des \u00e9lections, l\u2019agressivit\u00e9 des ennemis jur\u00e9s (de l\u2019int\u00e9rieur et de l\u2019ext\u00e9rieur) du processus d\u00e9mocratique dans notre pays cherchera, par tous les moyens qu\u2019ils peuvent, \u00e0 faire \u00e9chouer l\u2019exp\u00e9rience actuelle ou tout au moins \u00e0 la rendre inacceptable. Cela, d\u2019autant plus que la conjoncture \u00e9conomique laisse augurer \u00abun dynamisme soutenu par le redressement continu de la demande ext\u00e9rieure et par les externalit\u00e9s positives attendues de la campagne agricole\u00bb, il ne leur reste que la surexcitation sur le plan moral et \u00e9thique dans ce mois de je\u00fbne. Ils se trompent lourdement car le temps des illumin\u00e9s r\u00e9dempteurs est r\u00e9volu au Maroc depuis fort longtemps.<\/p>\n","protected":false},"excerpt":{"rendered":"<p>\u00c9crit par Mustapha Labraimi\u00a0 &#8211; Le terrorisme tue sur une plage \u00e0 Sousse en Tunisie, assassine pendant la pri\u00e8re du vendredi \u00e0 Kowe\u00eft City et manifeste sa barbarie en Is\u00e8re, en France. La guerre qui continue au Moyen Orient. La crise grecque qui perdure. Ainsi; de part et d\u2019autre de la Mer M\u00e9diterran\u00e9e, les \u00e9v\u00e9nements [&hellip;]<\/p>\n","protected":false},"author":1,"featured_media":5897,"comment_status":"open","ping_status":"open","sticky":false,"template":"","format":"standard","meta":{"footnotes":""},"categories":[18],"tags":[],"class_list":["post-6583","post","type-post","status-publish","format-standard","has-post-thumbnail","hentry","category-point-de-vue"],"_links":{"self":[{"href":"https:\/\/pps.ma\/fr\/wp-json\/wp\/v2\/posts\/6583","targetHints":{"allow":["GET"]}}],"collection":[{"href":"https:\/\/pps.ma\/fr\/wp-json\/wp\/v2\/posts"}],"about":[{"href":"https:\/\/pps.ma\/fr\/wp-json\/wp\/v2\/types\/post"}],"author":[{"embeddable":true,"href":"https:\/\/pps.ma\/fr\/wp-json\/wp\/v2\/users\/1"}],"replies":[{"embeddable":true,"href":"https:\/\/pps.ma\/fr\/wp-json\/wp\/v2\/comments?post=6583"}],"version-history":[{"count":1,"href":"https:\/\/pps.ma\/fr\/wp-json\/wp\/v2\/posts\/6583\/revisions"}],"predecessor-version":[{"id":6584,"href":"https:\/\/pps.ma\/fr\/wp-json\/wp\/v2\/posts\/6583\/revisions\/6584"}],"wp:featuredmedia":[{"embeddable":true,"href":"https:\/\/pps.ma\/fr\/wp-json\/wp\/v2\/media\/5897"}],"wp:attachment":[{"href":"https:\/\/pps.ma\/fr\/wp-json\/wp\/v2\/media?parent=6583"}],"wp:term":[{"taxonomy":"category","embeddable":true,"href":"https:\/\/pps.ma\/fr\/wp-json\/wp\/v2\/categories?post=6583"},{"taxonomy":"post_tag","embeddable":true,"href":"https:\/\/pps.ma\/fr\/wp-json\/wp\/v2\/tags?post=6583"}],"curies":[{"name":"wp","href":"https:\/\/api.w.org\/{rel}","templated":true}]}}