{"id":6712,"date":"2015-10-23T11:19:51","date_gmt":"2015-10-23T11:19:51","guid":{"rendered":"http:\/\/ppsmaroc.com\/fr\/?p=6712"},"modified":"2015-10-23T11:19:51","modified_gmt":"2015-10-23T11:19:51","slug":"calculs","status":"publish","type":"post","link":"https:\/\/pps.ma\/fr\/6712\/","title":{"rendered":"Calculs"},"content":{"rendered":"<p><span style=\"color: #3366ff;\">\u00c9crit par Mustapha LABRAIMI<\/span><\/p>\n<p><a href=\"http:\/\/ppsmaroc.com\/fr\/wp-content\/uploads\/2014\/05\/Mustapha-Labraimi-2.jpg\"><img loading=\"lazy\" decoding=\"async\" class=\"size-full wp-image-5897 alignleft\" src=\"http:\/\/ppsmaroc.com\/fr\/wp-content\/uploads\/2014\/05\/Mustapha-Labraimi-2.jpg\" alt=\"Mustapha Labraimi 2\" width=\"264\" height=\"323\" srcset=\"https:\/\/pps.ma\/fr\/wp-content\/uploads\/2014\/05\/Mustapha-Labraimi-2.jpg 264w, https:\/\/pps.ma\/fr\/wp-content\/uploads\/2014\/05\/Mustapha-Labraimi-2-245x300.jpg 245w\" sizes=\"auto, (max-width: 264px) 100vw, 264px\" \/><\/a>En d\u00e9mocratie, le pluralisme est une pratique respect\u00e9e malgr\u00e9 les conflits dont il peut \u00eatre la source.<\/p>\n<p>La forme organisationnelle de l\u2019expression politique constitue le r\u00e9sultat d\u2019un certain nombre de facteurs historiques, politiques, sociologiques, \u00e9conomiques, culturels et identitaires. Elle cristallise le degr\u00e9 de conscientisation des membres qui la constituent par rapport aux int\u00e9r\u00eats qu\u2019ils repr\u00e9sentent au sein de la soci\u00e9t\u00e9. Cette prise de conscience est pour certains une conscience de classe. Par l\u2019interm\u00e9diaire du parti politique dont elle constitue la \u00ab marque d\u00e9pos\u00e9e\u00bb, elle peut g\u00e9rer ses conflits avec les autres \u00abconsciences de classes\u00bb, organis\u00e9es ou pas, en d\u00e9veloppant des m\u00e9canismes institutionnels et des proc\u00e9dures qui donnent \u00e0 ce qui est appel\u00e9 commun\u00e9ment \u00abd\u00e9mocratie\u00bb ses caract\u00e9ristiques et son degr\u00e9 de maturit\u00e9.<\/p>\n<p>Dans une soci\u00e9t\u00e9 comme la n\u00f4tre, dont le clair-obscur reste la caract\u00e9ristique structurelle, le pluralisme peut se limiter \u00e0 une d\u00e9claration d\u2019usage et se limiter \u00e0 l\u2019intention au lieu de son application pour promouvoir le pluralisme d\u00e9mocratique dans le cadre d\u2019un Etat garant des libert\u00e9s et des droits de la personne humaine.<\/p>\n<p>Au lendemain de l\u2019\u00e9lection du pr\u00e9sident de la Chambre des Conseillers, le calcul a pr\u00e9valu sur la sagesse. Par la preuve par neuf, technique de l\u2019arithm\u00e9tique, on voulait structurer les 120 conseillers sans prendre langue avec toutes les sensibilit\u00e9s politiques afin de trouver les dispositions \u00e0 m\u00eame de permettre \u00e0 tous les conseillers, dans le respect de leur pluralisme, de participer aux travaux de la Chambre selon les m\u00e9canismes institutionnels pr\u00e9vus par la Constitution.<\/p>\n<p>Si le nombre requis pour constituer un groupe parlementaire au sein de la Chambre des Conseillers a \u00e9t\u00e9 diminu\u00e9 de moiti\u00e9, il n\u2019en a pas \u00e9t\u00e9 de m\u00eame pour la constitution des groupements parlementaires. Par cette mesure, les Conseillers du Parti du Progr\u00e8s et du Socialisme se retrouvent priv\u00e9s de ces \u00abm\u00e9canismes institutionnels\u00bb r\u00e9gissant l\u2019organisation de la chambre. Cette pratique de l\u2019exclusion \u00e0 leur encontre ne peut \u00eatre comprise que comme une r\u00e9action directe aux positions sans ambages de la direction du PPS sur le cours des \u00e9lections des membres de la Chambre des Conseillers et sa volont\u00e9 de permettre au processus d\u00e9mocratique de se consolider par plus de d\u00e9mocratie et de transparence et non pas par une ma\u00eetrise du jeu des alliances et une manipulation sourde du vote des acteurs politiques en d\u00e9pit de leur engagement.<\/p>\n<p>En d\u00e9mocratie repr\u00e9sentative, l\u2019exclusion d\u2019une force politique est une entrave \u00e0 l\u2019exercice des droits des personnes et des collectivit\u00e9s tels qu\u2019ils sont reconnus par la Constitution et ne peut accompagner au mieux l\u2019action pour le renouveau politique auquel aspire notre peuple. Faut-il le rappeler; certes, la preuve par neuf constitue un test en calcul mais sans que cette technique arithm\u00e9tique ne puisse s\u2019assurer de la conformit\u00e9 du r\u00e9sultat.<\/p>\n<p>L\u2019action politique au Maroc a besoin de r\u00e9sultats concrets pour cr\u00e9dibiliser la participation et renforcer l\u2019effort de modernit\u00e9 dans lequel le pays s\u2019est engag\u00e9. Les petits calculs n\u2019ont jamais abouti \u00e0 une grande politique. Au sein de la Chambre des Conseillers, le Parti du Progr\u00e8s et du Socialisme trouvera moyen pour s\u2019exprimer et participer \u00e0 la stabilit\u00e9 d\u00e9mocratique de nos institutions. Les Marocaines et les Marocains en sont les t\u00e9moins et les supports de cette action engag\u00e9e bien avant la reconversion de certain(e)s. On ne l\u2019effacera pas en le mettant dans la contingence des comportements r\u00e9siduels suite \u00e0 des approches bas\u00e9es beaucoup plus sur le traitement num\u00e9rique que sur le traitement politique.<\/p>\n<p>La d\u00e9mocratie ne se maintient pas toute seule. Elle ne se consolide pas par des d\u00e9clamations au sein d\u2019une soci\u00e9t\u00e9 in\u00e9galitaire. C\u2019est un combat de tous les instants, en interne et en externe, contre tous les opportunismes et les d\u00e9rives qui font de l\u2019exclusion, du calcul politique de bas niveau et de l\u2019arrivisme, une attitude qui n\u2019encourage pas les personnes \u00e0 l\u2019engagement politique, \u00e0 l\u2019adh\u00e9sion et \u00e0 la participation au processus d\u00e9mocratique.<\/p>\n","protected":false},"excerpt":{"rendered":"<p>\u00c9crit par Mustapha LABRAIMI En d\u00e9mocratie, le pluralisme est une pratique respect\u00e9e malgr\u00e9 les conflits dont il peut \u00eatre la source. La forme organisationnelle de l\u2019expression politique constitue le r\u00e9sultat d\u2019un certain nombre de facteurs historiques, politiques, sociologiques, \u00e9conomiques, culturels et identitaires. Elle cristallise le degr\u00e9 de conscientisation des membres qui la constituent par rapport [&hellip;]<\/p>\n","protected":false},"author":1,"featured_media":5897,"comment_status":"open","ping_status":"open","sticky":false,"template":"","format":"standard","meta":{"footnotes":""},"categories":[18],"tags":[],"class_list":["post-6712","post","type-post","status-publish","format-standard","has-post-thumbnail","hentry","category-point-de-vue"],"_links":{"self":[{"href":"https:\/\/pps.ma\/fr\/wp-json\/wp\/v2\/posts\/6712","targetHints":{"allow":["GET"]}}],"collection":[{"href":"https:\/\/pps.ma\/fr\/wp-json\/wp\/v2\/posts"}],"about":[{"href":"https:\/\/pps.ma\/fr\/wp-json\/wp\/v2\/types\/post"}],"author":[{"embeddable":true,"href":"https:\/\/pps.ma\/fr\/wp-json\/wp\/v2\/users\/1"}],"replies":[{"embeddable":true,"href":"https:\/\/pps.ma\/fr\/wp-json\/wp\/v2\/comments?post=6712"}],"version-history":[{"count":1,"href":"https:\/\/pps.ma\/fr\/wp-json\/wp\/v2\/posts\/6712\/revisions"}],"predecessor-version":[{"id":6713,"href":"https:\/\/pps.ma\/fr\/wp-json\/wp\/v2\/posts\/6712\/revisions\/6713"}],"wp:featuredmedia":[{"embeddable":true,"href":"https:\/\/pps.ma\/fr\/wp-json\/wp\/v2\/media\/5897"}],"wp:attachment":[{"href":"https:\/\/pps.ma\/fr\/wp-json\/wp\/v2\/media?parent=6712"}],"wp:term":[{"taxonomy":"category","embeddable":true,"href":"https:\/\/pps.ma\/fr\/wp-json\/wp\/v2\/categories?post=6712"},{"taxonomy":"post_tag","embeddable":true,"href":"https:\/\/pps.ma\/fr\/wp-json\/wp\/v2\/tags?post=6712"}],"curies":[{"name":"wp","href":"https:\/\/api.w.org\/{rel}","templated":true}]}}