{"id":6973,"date":"2016-04-21T14:23:37","date_gmt":"2016-04-21T14:23:37","guid":{"rendered":"http:\/\/ppsmaroc.com\/fr\/?p=6973"},"modified":"2016-04-21T14:23:37","modified_gmt":"2016-04-21T14:23:37","slug":"migrations","status":"publish","type":"post","link":"https:\/\/pps.ma\/fr\/6973\/","title":{"rendered":"Migrations"},"content":{"rendered":"<p><span style=\"color: #3366ff;\"><img loading=\"lazy\" decoding=\"async\" class=\"size-full wp-image-5897 alignright\" src=\"http:\/\/ppsmaroc.com\/fr\/wp-content\/uploads\/2014\/05\/Mustapha-Labraimi-2.jpg\" alt=\"Mustapha Labraimi 2\" width=\"264\" height=\"323\" srcset=\"https:\/\/pps.ma\/fr\/wp-content\/uploads\/2014\/05\/Mustapha-Labraimi-2.jpg 264w, https:\/\/pps.ma\/fr\/wp-content\/uploads\/2014\/05\/Mustapha-Labraimi-2-245x300.jpg 245w\" sizes=\"auto, (max-width: 264px) 100vw, 264px\" \/>par Mustapha LABRAIMI<\/span><\/p>\n<p>Frankfurt am Main est certainement une ville moderne. Ce qui rel\u00e8ve du pass\u00e9 est soit am\u00e9nag\u00e9 pour servir la m\u00e9moire et l\u2019esth\u00e9tique ou d\u00e9truit pour laisser la place \u00e0 des b\u00e2timents con\u00e7us \u00e0 la gloire de la finance et du commerce. De la gare centrale o\u00f9 se trouvent encadr\u00e9s les r\u00e9fugi\u00e9s syriens \u00e0 la place Willy Brandt o\u00f9 la sculpture de l\u2019euro tr\u00f4ne sur 14 m\u00e8tres de hauteur, tout le syst\u00e8me se d\u00e9roule\u00a0 sous les yeux des passants.<\/p>\n<p>L\u2019afflux des r\u00e9fugi\u00e9s et le traitement qui leur a \u00e9t\u00e9 r\u00e9serv\u00e9 par la chanceli\u00e8re Merkel, les n\u00e9gociations men\u00e9es entre l\u2019Union europ\u00e9enne et la Turquie \u00e0 ce propos alimentent les discussions pr\u00e9\u00e9lectorales. La CDU semble bouscul\u00e9e alors que le SPD n\u2019arrive pas \u00e0 convaincre, faute de leader charismatique national.<\/p>\n<p>Ce ressentiment envers les migrants n\u2019est pas v\u00e9cu en tant que tel par la communaut\u00e9 marocaine. Les actes islamophobes semblent restreints et circonscrits. La pratique du culte est sous surveillance \u00e9lectronique mais sans aucune restriction pour les associations culturelles organis\u00e9es dans ce but. Le ramassage des fonds est permis pour qu\u2019elles\u00a0 puissent acqu\u00e9rir le terrain et b\u00e2tir des complexes o\u00f9 la mosqu\u00e9e se trouve associ\u00e9e aux \u00e9coles et au commerce des produits halal. Seule l\u2019immolation du mouton lors de la f\u00eate du sacrifice, l\u2019A\u00efd El Kabir, souffre d\u2019une interdiction o\u00f9 la souffrance animale l\u2019emporte sur le respect de la pratique religieuse.<\/p>\n<p>Au quotidien, la soci\u00e9t\u00e9 allemande semble \u00eatre beaucoup plus int\u00e9gratrice que la soci\u00e9t\u00e9 fran\u00e7aise. La maitrise de la langue de Goethe ne semble pas \u00eatre une difficult\u00e9 autant que le port du voile, rare mais pr\u00e9sent. En plein centre de Francfort-sur-le-Main on peut manger une bissara, un tajine ou simplement d\u00e9guster un th\u00e9 vert \u00e0 la menthe. Une reconnaissance de l\u2019origine nationale ne semble pas pousser au communautarisme, m\u00eame si parall\u00e8lement \u00e0 la KaiserStra\u00dfe, les magasins et les librairies sont tenus \u00e0 l\u2019\u00e9vidence par des turcs.<\/p>\n<p>La pratique de la devise de l\u2019\u00e9tat allemand, \u00abDans l&rsquo;unit\u00e9 et le droit et la libert\u00e9\u00bb, semble avoir effac\u00e9 aussi bien les cons\u00e9quences de la division du territoire allemand et de sa r\u00e9unification qu\u2019assurer l\u2019homog\u00e9n\u00e9isation, au moins dans le comportement, de l\u2019ensemble de sa population actuelle.<\/p>\n<p>Tout ce monde profite des all\u00e9es pi\u00e9tonni\u00e8res am\u00e9nag\u00e9es au pied des tours et s\u00e9parant les \u00e9glises et les anciens b\u00e2timents repris dans leur architecture dans le respect du pass\u00e9 historique. Les anciennes statues magnifient aussi bien le glaive, le commerce que le livre; alors que les muses font couler le breuvage d\u2019amphores pench\u00e9es \u00e0 cet effet. L\u2019apparition du soleil dans le ciel souvent pluvieux donne \u00e0 la rue sa multitude. Comme pour c\u00e9l\u00e9brer l\u2019origine de la construction de la ville suite \u00e0 une \u00e9claircie ayant permis de trouver un gu\u00e9 pour traverser le cours d\u2019eau, les corps se laissent envahir par la chaleur solaire comme par une b\u00e9n\u00e9diction divine.<\/p>\n<p>Autant l\u2019ob\u00e9sit\u00e9 que le tatouage multicolore et pictural ne semble susciter la surprise. Chacun(e) usant de sa libert\u00e9 et fait que l\u2019autre n\u2019en soit pas g\u00ean\u00e9.\u00a0 Les gens sont partout affair\u00e9s. Le fastfood est pratiqu\u00e9 comme une n\u00e9cessit\u00e9 alors que les sex-shops \u0153uvrent dans la discr\u00e9tion. La culture est partout, dans les annonces, les mus\u00e9es ou dans la rue.<\/p>\n<p>Puissance \u00e9conomique, la ville a sa for\u00eat urbaine et ses villes satellites. C\u2019est dans ces quartiers o\u00f9 le souvenir ram\u00e8ne l\u2019installation des premiers migrants marocains dont la descendance, celle des Hammouchi et des Rafoud, se comporte en v\u00e9ritables ambassadeurs, quoique non officiels, du Maroc aupr\u00e8s de la soci\u00e9t\u00e9 allemande.<\/p>\n<p>Ces compatriotes appr\u00e9cient \u00e0 leur juste valeur les reformes entreprises dans la m\u00e8re patrie\u00a0 et souhaitent que la couverture sociale, celle concernant les retraites et la sant\u00e9, s\u2019\u00e9largisse \u00e0 toutes les Marocaines et \u00e0 tous les Marocains; et qu\u2019elle soit reconnue entre les deux \u00e9tats, l\u2019Allemagne et le Maroc. A l\u2019instar des conventions sign\u00e9es entre ce pays d\u2019accueil et la Turquie et la Tunisie, le Maroc devrait s\u2019engager dans une protection sociale bilat\u00e9rale de ces ressortissants pour leur \u00e9viter tout risque ou \u00e9ventualit\u00e9 sociale. Eux et elles qui ont contribu\u00e9 \u00e0 l\u2019essor \u00e9conomique des deux pays et qui persistent \u00e0 le faire. Dans l\u2019attente de participer effectivement \u00e0 la vie politique du pays comme le stipule clairement la constitution de 2011 \u2026<\/p>\n<p>&nbsp;<\/p>\n","protected":false},"excerpt":{"rendered":"<p>par Mustapha LABRAIMI Frankfurt am Main est certainement une ville moderne. Ce qui rel\u00e8ve du pass\u00e9 est soit am\u00e9nag\u00e9 pour servir la m\u00e9moire et l\u2019esth\u00e9tique ou d\u00e9truit pour laisser la place \u00e0 des b\u00e2timents con\u00e7us \u00e0 la gloire de la finance et du commerce. De la gare centrale o\u00f9 se trouvent encadr\u00e9s les r\u00e9fugi\u00e9s syriens [&hellip;]<\/p>\n","protected":false},"author":1,"featured_media":5897,"comment_status":"open","ping_status":"open","sticky":false,"template":"","format":"standard","meta":{"footnotes":""},"categories":[18],"tags":[],"class_list":["post-6973","post","type-post","status-publish","format-standard","has-post-thumbnail","hentry","category-point-de-vue"],"_links":{"self":[{"href":"https:\/\/pps.ma\/fr\/wp-json\/wp\/v2\/posts\/6973","targetHints":{"allow":["GET"]}}],"collection":[{"href":"https:\/\/pps.ma\/fr\/wp-json\/wp\/v2\/posts"}],"about":[{"href":"https:\/\/pps.ma\/fr\/wp-json\/wp\/v2\/types\/post"}],"author":[{"embeddable":true,"href":"https:\/\/pps.ma\/fr\/wp-json\/wp\/v2\/users\/1"}],"replies":[{"embeddable":true,"href":"https:\/\/pps.ma\/fr\/wp-json\/wp\/v2\/comments?post=6973"}],"version-history":[{"count":1,"href":"https:\/\/pps.ma\/fr\/wp-json\/wp\/v2\/posts\/6973\/revisions"}],"predecessor-version":[{"id":6974,"href":"https:\/\/pps.ma\/fr\/wp-json\/wp\/v2\/posts\/6973\/revisions\/6974"}],"wp:featuredmedia":[{"embeddable":true,"href":"https:\/\/pps.ma\/fr\/wp-json\/wp\/v2\/media\/5897"}],"wp:attachment":[{"href":"https:\/\/pps.ma\/fr\/wp-json\/wp\/v2\/media?parent=6973"}],"wp:term":[{"taxonomy":"category","embeddable":true,"href":"https:\/\/pps.ma\/fr\/wp-json\/wp\/v2\/categories?post=6973"},{"taxonomy":"post_tag","embeddable":true,"href":"https:\/\/pps.ma\/fr\/wp-json\/wp\/v2\/tags?post=6973"}],"curies":[{"name":"wp","href":"https:\/\/api.w.org\/{rel}","templated":true}]}}