{"id":6982,"date":"2016-05-16T14:28:16","date_gmt":"2016-05-16T14:28:16","guid":{"rendered":"http:\/\/ppsmaroc.com\/fr\/?p=6982"},"modified":"2016-05-16T14:28:16","modified_gmt":"2016-05-16T14:28:16","slug":"travail-domestique-de-la-map-fausse-polemique-et-mediocres-manoeuvres","status":"publish","type":"post","link":"https:\/\/pps.ma\/fr\/6982\/","title":{"rendered":"Travail domestique de la MAP ? Fausse pol\u00e9mique et m\u00e9diocres man\u0153uvres"},"content":{"rendered":"<p><span style=\"color: #3366ff;\">Par Amin Zemmouri<\/span><\/p>\n<p>La MAP ? La tr\u00e8s officielle agence de langue de bois cherche-t-elle \u00e0 se donner de la couleur\u2026 au d\u00e9triment du PPS ? Le pr\u00e9texte est tout trouv\u00e9 \u00e0 l\u2019occasion de l\u2019adoption par la Commission des Affaires sociales du Parlement du projet de loi relatif au travail domestique. Reprenant, dans ce qui semble \u00eatre une synth\u00e8se des avis qui ont suivi cette adoption, la MAP s\u2019est enfin d\u00e9voil\u00e9e comme un instrument au service d\u2019une op\u00e9ration de d\u00e9nigrement des positions du PPS \u00e0 ce propos et ce malgr\u00e9 les prises de position \u00e9manant du parti, de sa direction et de sa presse pour \u00e9clairer l\u2019opinion publique. Sous des oripeaux d\u2019objectivit\u00e9, le texte diffus\u00e9 le 13 mai (un vendredi 13 !) se r\u00e9v\u00e8le tr\u00e8s vite dans sa vraie nature d\u00e9versant du fiel au d\u00e9triment du travail journalistique de base. La structure de l\u2019article, en fait un sch\u00e9ma tr\u00e8s scolaire convoquant des points de vue d\u2019un acteur associatif et se r\u00e9f\u00e9rant dans un amalgame \u00e0 une opposition \u00e9manant de parlementaires, de donn\u00e9es du minist\u00e8re des Affaires Sociales et une allusion ambigu\u00eb \u00e0 un article de la Constitution.<\/p>\n<p>Un habillage pseudo journalistique qui appara\u00eet comme un mauvais d\u00e9cor cachant mal le parti pris de l\u2019article et son sens orient\u00e9. Pour ceux qui connaissent les m\u00e9thodes de travail de notre pauvre MAP, ils y d\u00e9c\u00e8lent ais\u00e9ment les traces de la manipulation et de la mise en sc\u00e8ne aussi bien au niveau des attendus que du choix des r\u00e9f\u00e9rences.<\/p>\n<p>C\u2019est ainsi que dans sa forme comme dans ce qui semble \u00eatre une construction journalistique, cette sortie de la MAP qui a omis compl\u00e8tement de se r\u00e9f\u00e9rer aux points de vue du PPS, ne peut \u00eatre per\u00e7ue que comme une basse man\u0153uvre visant le parti du Progr\u00e8s et du Socialisme, pour nuire \u00e0 son image et d\u00e9nigrer ses positions rappel\u00e9es avec force dans moult d\u00e9clarations par son Secr\u00e9taire g\u00e9n\u00e9ral et par sa presse.\u00a0 Nous ne sommes pas les seuls \u00e0 le relever. Tous les observateurs du champ politique national le savent tr\u00e8s bien, car la MAP est loin de nous avoir habitu\u00e9 \u00e0 des analyses \u00ab ind\u00e9pendantes \u00bb ou du moins objectives : que ce soit au niveau du casting de ses invit\u00e9s que celui du champ lexical, voire de la syntaxe de ses textes\u2026, l\u2019ensemble ob\u00e9it \u00e0 un logiciel format\u00e9 ; cette fois orientant sa campagne \u00e0 peine camoufl\u00e9e contre le PPS.<\/p>\n<p>C\u2019est triste pour une agence dont nous souhaitions la mise \u00e0 niveau dans le sens du professionnalisme et d\u2019une rectification de ses multiples dysfonctionnements. Mais apparemment son code g\u00e9n\u00e9tique finit toujours par prendre le dessus sur les vell\u00e9it\u00e9s de changement. De notre c\u00f4t\u00e9 nous avions \u00e9vit\u00e9 d\u2019attiser le feu de la d\u00e9gradation des rapports au sein de l\u2019entreprise MAP tablant sur les \u00e9nergies positives qui tentaient d\u2019insuffler un sang nouveau dans son action vis-\u00e0-vis d\u2019un champ m\u00e9diatique en mutation. Mais jamais nous ne laisserons empi\u00e9ter sur nos valeurs et nos principes, ou permettre \u00e0 des apprentis sorciers de se refaire une virginit\u00e9 politique ou morale \u00e0 notre d\u00e9triment. Que les marionnettes et les marionnettistes le sachent tr\u00e8s bien : le PPS joue au-del\u00e0 de ses petits calculs. Son cap est aimant\u00e9 par son engagement au service du peuple et de la nation. Les auteurs de ses basses man\u0153uvres ainsi que leurs parrains occultes ne font qu\u2019une seule victime, cette agence dont la sinistre d\u00e9p\u00eache du 13 mai accentue encore la chute dans les m\u00e9andres de la mis\u00e8re professionnelle et \u00e9thique.<\/p>\n","protected":false},"excerpt":{"rendered":"<p>Par Amin Zemmouri La MAP ? La tr\u00e8s officielle agence de langue de bois cherche-t-elle \u00e0 se donner de la couleur\u2026 au d\u00e9triment du PPS ? Le pr\u00e9texte est tout trouv\u00e9 \u00e0 l\u2019occasion de l\u2019adoption par la Commission des Affaires sociales du Parlement du projet de loi relatif au travail domestique. Reprenant, dans ce qui [&hellip;]<\/p>\n","protected":false},"author":1,"featured_media":0,"comment_status":"open","ping_status":"open","sticky":false,"template":"","format":"standard","meta":{"footnotes":""},"categories":[3,18],"tags":[],"class_list":["post-6982","post","type-post","status-publish","format-standard","hentry","category-actualites","category-point-de-vue"],"_links":{"self":[{"href":"https:\/\/pps.ma\/fr\/wp-json\/wp\/v2\/posts\/6982","targetHints":{"allow":["GET"]}}],"collection":[{"href":"https:\/\/pps.ma\/fr\/wp-json\/wp\/v2\/posts"}],"about":[{"href":"https:\/\/pps.ma\/fr\/wp-json\/wp\/v2\/types\/post"}],"author":[{"embeddable":true,"href":"https:\/\/pps.ma\/fr\/wp-json\/wp\/v2\/users\/1"}],"replies":[{"embeddable":true,"href":"https:\/\/pps.ma\/fr\/wp-json\/wp\/v2\/comments?post=6982"}],"version-history":[{"count":1,"href":"https:\/\/pps.ma\/fr\/wp-json\/wp\/v2\/posts\/6982\/revisions"}],"predecessor-version":[{"id":6983,"href":"https:\/\/pps.ma\/fr\/wp-json\/wp\/v2\/posts\/6982\/revisions\/6983"}],"wp:attachment":[{"href":"https:\/\/pps.ma\/fr\/wp-json\/wp\/v2\/media?parent=6982"}],"wp:term":[{"taxonomy":"category","embeddable":true,"href":"https:\/\/pps.ma\/fr\/wp-json\/wp\/v2\/categories?post=6982"},{"taxonomy":"post_tag","embeddable":true,"href":"https:\/\/pps.ma\/fr\/wp-json\/wp\/v2\/tags?post=6982"}],"curies":[{"name":"wp","href":"https:\/\/api.w.org\/{rel}","templated":true}]}}