{"id":6988,"date":"2016-05-19T23:49:08","date_gmt":"2016-05-19T23:49:08","guid":{"rendered":"http:\/\/ppsmaroc.com\/fr\/?p=6988"},"modified":"2016-05-19T23:49:08","modified_gmt":"2016-05-19T23:49:08","slug":"manifeste","status":"publish","type":"post","link":"https:\/\/pps.ma\/fr\/6988\/","title":{"rendered":"Manifeste"},"content":{"rendered":"<p><img loading=\"lazy\" decoding=\"async\" class=\"size-full wp-image-5897 alignleft\" src=\"http:\/\/ppsmaroc.com\/fr\/wp-content\/uploads\/2014\/05\/Mustapha-Labraimi-2.jpg\" alt=\"Mustapha Labraimi 2\" width=\"264\" height=\"323\" srcset=\"https:\/\/pps.ma\/fr\/wp-content\/uploads\/2014\/05\/Mustapha-Labraimi-2.jpg 264w, https:\/\/pps.ma\/fr\/wp-content\/uploads\/2014\/05\/Mustapha-Labraimi-2-245x300.jpg 245w\" sizes=\"auto, (max-width: 264px) 100vw, 264px\" \/><span style=\"color: #3366ff;\">Par Mustapha LABRAIMI<\/span><\/p>\n<p>Le \u00ab vivre naturel \u00bb est devenu un luxe ici-bas! Respirer de l\u2019air, boire de l\u2019eau, se nourrir, vivre sainement, par un usage ad\u00e9quat des \u00e9l\u00e9ments de la Terre, est une revendication qui monte d\u2019autant plus que les d\u00e9gradations \u00e9videntes de l\u2019environnement, dans toutes ses composantes, incitent l\u2019esp\u00e8ce humaine \u00e0 m\u00e9diter sur son avenir. Depuis un certain temps, partout et de plus en plus rapidement, les ressources naturelles essentielles sont devenues des objets de consommation marchande. L\u2019ali\u00e9nation est g\u00e9n\u00e9rale et dans les conditions de d\u00e9veloppement o\u00f9 nous sommes, elle est assimil\u00e9e au progr\u00e8s et \u00e0 la modernit\u00e9.<\/p>\n<p>Il fut un temps o\u00f9 manger \u00ab beldi \u00bb permettait de se faire plaisir mais surtout de retrouver dans son assiette des produits naturels.\u00a0 Cela est tr\u00e8s rarement le cas actuellement, car la globalisation a fait son \u0153uvre aussi bien dans les villes que dans les campagnes.<\/p>\n<p>Manger bio est devenue la revendication d\u2019une \u00e9lite consciente de l\u2019importance de la nourriture. Il reste que le bio n\u2019est pas aussi simple que le beldi du milieu du si\u00e8cle dernier. En ces ann\u00e9es, seuls les acridiens pr\u00e9sentaient un danger \u00e0 la consommation ! Encore que d\u2019autres, se gorgeant d\u2019apports compl\u00e9mentaires, s\u2019int\u00e9ressent beaucoup plus \u00e0 la puret\u00e9 du produit chimique consomm\u00e9 qu\u2019\u00e0 la qualit\u00e9 biologique de leur nutrition.<\/p>\n<p>Ce retour au naturel interpelle l\u2019ensemble des acteurs du champ politique national. Il ne s\u2019agit pas seulement de se parer d\u2019un label de durabilit\u00e9. Il s\u2019agit de la mise en \u0153uvre d\u2019une politique o\u00f9 le d\u00e9veloppement des forces productives et les rapports qu\u2019il d\u00e9termine dans la soci\u00e9t\u00e9 soient en phase avec le respect de l\u2019\u00e9cosyst\u00e8me naturel dans lesquels ils s\u2019effectuent. L\u2019approche \u00e9cologique ne peut devenir un obstacle au d\u00e9veloppement de la production sociale et cette derni\u00e8re ne peut n\u00e9gliger les \u00e9quilibres de la nature. Le savoir constitue l\u2019assise de cette combinaison par laquelle l\u2019esp\u00e8ce humaine arrive \u00e0 maitriser, dans un territoire donn\u00e9, son environnement pour l\u2019exploitation de ses ressources, le transformer sans pour autant le rendre invivable. C\u2019est dans la mesure o\u00f9 l\u2019esp\u00e8ce humaine arrive \u00e0 d\u00e9passer les vuln\u00e9rabilit\u00e9s qui lui sont attach\u00e9es ou celles qu\u2019elle cr\u00e9e par ses activit\u00e9s qu\u2019elle \u00e9voluera dans la satisfaction de ses besoins et le respect de l\u2019environnement qui l\u2019entoure.<\/p>\n<p>La globalit\u00e9 de l\u2019environnement et l\u2019inexistence de fronti\u00e8res \u00e9tatiques dans l\u2019\u00e9volution des facteurs qui le d\u00e9terminent ne peut encourager l\u2019immobilisme et l\u2019attentisme dans l\u2019adaptation des activit\u00e9s humaines au respect des \u00e9quilibres naturels dans un lieu donn\u00e9. Comme on ne peut attendre l\u2019accord de l\u2019ensemble des nations pour pratiquer une politique de d\u00e9veloppement respectueuse de l\u2019environnement.<\/p>\n<p>Depuis un demi-si\u00e8cle, l\u2019environnement est devenu un d\u00e9fi local, r\u00e9gional et international comme il constitue un enjeu politique, scientifique et soci\u00e9tal. La connaissance de sa probl\u00e9matique s\u2019est agrandie \u00e0 travers la plan\u00e8te et la conscientisation des individus et des collectivit\u00e9s qui l\u2019occupent s\u2019est affermie \u00e0 son \u00e9gard.<\/p>\n<p>L\u2019interaction entre la Terre et l\u2019Homme, au Maroc ou ailleurs, doit inciter \u00e0 un am\u00e9nagement des territoires \u00e9galitaire et appropri\u00e9, \u00e0 des pratiques agricoles qui pr\u00e9servent les \u00e9cosyst\u00e8mes et leur biodiversit\u00e9 et qui produisent une alimentation saine, \u00e0 des pratiques de p\u00eache qui pr\u00e9servent les ressources halieutiques, \u00e0 des industries propres et une urbanisation maitris\u00e9e, \u00e0 des \u00e9nergies renouvelables, \u00e0 ne pas prendre l\u2019oc\u00e9an comme un d\u00e9versoir pour toute pollution, \u00e0 la pr\u00e9servation de l\u2019eau, \u00e0 l\u2019usage de transports sans \u00e9missions nocives pour la sant\u00e9, \u00e0 un assainissement solide et liquide responsable, \u00e0 pr\u00e9server la for\u00eat, \u00e0 \u00e9viter les souffrances, \u00e0 \u00e9radiquer la pauvret\u00e9, la maladie et la faim, \u00e0 permettre la justice sociale et l\u2019\u00e9galit\u00e9 des hommes sans consid\u00e9ration de leur sexe, de leur couleur, de leur religion, \u00e0 s\u2019\u00e9duquer dans le respect de l\u2019autre et la tol\u00e9rance, \u00e0 se former pour utiliser son savoir pour son bien\u00eatre et celui des autres, \u00e0 user de son savoir pour transformer le monde sans le d\u00e9grader, \u00e0 vivre sa culture et profiter de ses loisirs en paix avec soi-m\u00eame et avec le monde. Et le climat sera optimal pour une vie heureuse.<\/p>\n","protected":false},"excerpt":{"rendered":"<p>Par Mustapha LABRAIMI Le \u00ab vivre naturel \u00bb est devenu un luxe ici-bas! Respirer de l\u2019air, boire de l\u2019eau, se nourrir, vivre sainement, par un usage ad\u00e9quat des \u00e9l\u00e9ments de la Terre, est une revendication qui monte d\u2019autant plus que les d\u00e9gradations \u00e9videntes de l\u2019environnement, dans toutes ses composantes, incitent l\u2019esp\u00e8ce humaine \u00e0 m\u00e9diter sur [&hellip;]<\/p>\n","protected":false},"author":1,"featured_media":5897,"comment_status":"open","ping_status":"open","sticky":false,"template":"","format":"standard","meta":{"footnotes":""},"categories":[18],"tags":[],"class_list":["post-6988","post","type-post","status-publish","format-standard","has-post-thumbnail","hentry","category-point-de-vue"],"_links":{"self":[{"href":"https:\/\/pps.ma\/fr\/wp-json\/wp\/v2\/posts\/6988","targetHints":{"allow":["GET"]}}],"collection":[{"href":"https:\/\/pps.ma\/fr\/wp-json\/wp\/v2\/posts"}],"about":[{"href":"https:\/\/pps.ma\/fr\/wp-json\/wp\/v2\/types\/post"}],"author":[{"embeddable":true,"href":"https:\/\/pps.ma\/fr\/wp-json\/wp\/v2\/users\/1"}],"replies":[{"embeddable":true,"href":"https:\/\/pps.ma\/fr\/wp-json\/wp\/v2\/comments?post=6988"}],"version-history":[{"count":2,"href":"https:\/\/pps.ma\/fr\/wp-json\/wp\/v2\/posts\/6988\/revisions"}],"predecessor-version":[{"id":6990,"href":"https:\/\/pps.ma\/fr\/wp-json\/wp\/v2\/posts\/6988\/revisions\/6990"}],"wp:featuredmedia":[{"embeddable":true,"href":"https:\/\/pps.ma\/fr\/wp-json\/wp\/v2\/media\/5897"}],"wp:attachment":[{"href":"https:\/\/pps.ma\/fr\/wp-json\/wp\/v2\/media?parent=6988"}],"wp:term":[{"taxonomy":"category","embeddable":true,"href":"https:\/\/pps.ma\/fr\/wp-json\/wp\/v2\/categories?post=6988"},{"taxonomy":"post_tag","embeddable":true,"href":"https:\/\/pps.ma\/fr\/wp-json\/wp\/v2\/tags?post=6988"}],"curies":[{"name":"wp","href":"https:\/\/api.w.org\/{rel}","templated":true}]}}