{"id":7005,"date":"2016-10-27T09:29:53","date_gmt":"2016-10-27T09:29:53","guid":{"rendered":"http:\/\/ppsmaroc.com\/fr\/?p=7005"},"modified":"2016-10-27T09:29:53","modified_gmt":"2016-10-27T09:29:53","slug":"continuite","status":"publish","type":"post","link":"https:\/\/pps.ma\/fr\/7005\/","title":{"rendered":"Continuit\u00e9"},"content":{"rendered":"<p><span style=\"color: #3366ff;\"><img loading=\"lazy\" decoding=\"async\" class=\"wp-image-1404 alignright\" src=\"http:\/\/ppsmaroc.com\/fr\/wp-content\/uploads\/2012\/12\/Mustapha-Labraimi.jpg\" alt=\"Mustapha Labraimi\" width=\"201\" height=\"265\" srcset=\"https:\/\/pps.ma\/fr\/wp-content\/uploads\/2012\/12\/Mustapha-Labraimi.jpg 409w, https:\/\/pps.ma\/fr\/wp-content\/uploads\/2012\/12\/Mustapha-Labraimi-227x300.jpg 227w, https:\/\/pps.ma\/fr\/wp-content\/uploads\/2012\/12\/Mustapha-Labraimi-99x130.jpg 99w\" sizes=\"auto, (max-width: 201px) 100vw, 201px\" \/>Par Mustapha LABRAIMI<\/span><\/p>\n<p>L\u2019apr\u00e8s sept octobre reste marqu\u00e9 par la discussion sur l\u2019\u00e9volution du processus d\u00e9mocratique dans notre pays. \u00c0 travers la proc\u00e9dure suivie pour la formation du gouvernement, et dans l\u2019attente de leur confirmation par les assembl\u00e9es statutaires, les positions des partis politiques pressentis sont rendues publiques.<\/p>\n<p>\u00c0 ce sujet, l\u2019impatience ne peut \u00eatre de mise car le chef de gouvernement d\u00e9sign\u00e9 ne peut constituer la majorit\u00e9 sans \u00e9couter l\u2019avis des partis avec lesquels il a d\u00e9cid\u00e9 de prendre attache. C\u2019est l\u00e0 aussi un respect du processus d\u00e9mocratique qui n\u2019est pas superf\u00e9tatoire.<\/p>\n<p>Par ailleurs, les r\u00e9sultats d\u00e9cevants du PPS suscitent le d\u00e9bat, voire la manifestation d\u2019une opposition, plus que minoritaire\u00a0; et qui trouve l\u2019occasion pour s\u2019exprimer alors qu\u2019elle s\u2019\u00e9tait rang\u00e9e auparavant au silence et au ch\u00f4mage politique au sein de l\u2019organisation. Comme \u00e0 l\u2019accoutum\u00e9e, \u00ab\u00a0ceux qui veulent du bien au PPS\u00a0\u00bb n\u2019ont pas rat\u00e9 cette opportunit\u00e9 pour faire croire \u00e0 ces leaders de la derni\u00e8re minute. Il est l\u00e9gitime de se demander pourquoi aucun de ces medias n\u2019avait relev\u00e9 ou publi\u00e9 une photographie de ceux-l\u00e0 m\u00eame quand ils se faisaient applaudir par le Secr\u00e9taire g\u00e9n\u00e9ral il n\u2019y a pas si longtemps. Aussi tr\u00e8s peu nombreux soient-ils, ces voix ne rendent pas comptent de la situation au sein du PPS et se comportent comme des portevoix non autonomes qui agissent pour d\u2019autres. C\u2019est vrai que l\u2019occasion fait le larron pour ces gens l\u00e0\u00a0!<\/p>\n<p>Ceci \u00e9tant dit et sans pr\u00eater la moindre attention aux \u00ab\u00a0\u00e9crits diffamatoires\u00a0\u00bb qui ne sont d\u2019aucun apport \u00e0 l\u2019\u00e9volution du processus d\u00e9mocratique du pays ou \u00e0 l\u2019am\u00e9lioration du rendement, de l\u2019efficience et de l\u2019efficacit\u00e9 du parti, il suffit de se r\u00e9f\u00e9rer au communiqu\u00e9 du bureau politique du PPS pour savoir que la critique et l\u2019autocritique se feront pour une r\u00e9vision profonde de l\u2019\u00e9tat organisationnel, du fonctionnement des structures et de leur adaptation \u00e0 l\u2019action politique locale et la consolidation d\u2019une assise \u00e9lectorale refl\u00e9tant les actions entreprises au niveau national. Cela se fera dans la s\u00e9r\u00e9nit\u00e9 en menant un audit participatif \u00e0 tous les niveaux, avec responsabilit\u00e9 aussi bien individuelle que collective. Les conclusions seront tir\u00e9es comme il se doit dans l\u2019int\u00e9r\u00eat du PPS et conform\u00e9ment \u00e0 son histoire, toujours au service de la nation et du peuple marocains.<\/p>\n<p>Cela \u00e9tant, l\u2019unit\u00e9 du parti est pr\u00e9serv\u00e9e. Elle \u00e9tonnera celles et ceux qui veulent miser sur la d\u00e9ception des r\u00e9sultats \u00e9lectoraux pour continuer \u00e0 vouloir r\u00e9gler \u00ab\u00a0une dispute\u00a0\u00bb personnelle. L\u2019ensemble des militant(e)s du PPS est anim\u00e9 par la confiance dans le processus d\u00e9mocratique qui \u00e9volue dans notre pays et la possibilit\u00e9 de sa consolidation. La transformation du parti en organisation politique de masse est en train de se parfaire, v\u0153u exprim\u00e9 depuis 1966 apr\u00e8s une analyse objective des conditions de militance et de transformation de la soci\u00e9t\u00e9 marocaine.<\/p>\n<p>La ligne politique d\u00e9termin\u00e9e par le neuvi\u00e8me\u00a0 congr\u00e8s national du Parti du Progr\u00e8s et du Socialisme constitue la continuit\u00e9 de celle \u00e9tablie lors du premier congr\u00e8s national du parti pour r\u00e9pondre aux d\u00e9fis issus de l\u2019\u00e9volution du champ politique national. Fid\u00e9lit\u00e9, ouverture et renouveau, d\u00e9mocratie interne, participation et ind\u00e9pendance dans la d\u00e9cision ont pr\u00e9serv\u00e9 les structures du PPS des manipulations visant \u00e0 \u00e9tablir leur h\u00e9g\u00e9monie sur la carte politique du royaume.<\/p>\n<p>Que ceux qui s\u2019\u00e9garent \u00e0 combattre les partis politiques en g\u00e9n\u00e9ral se r\u00e9veillent de leur infantilisme, qu\u2019ils mouillent la chemise pour mieux encadrer et mieux servir la population l\u00e0 o\u00f9 elle se trouve, que leur critique et autocritique servent \u00e0 faire \u00e9panouir mille fleurs au lieu de pratiquer le \u00ab\u00a0nguir\u00a0\u00bb \u00e0 tout bout portant sauf en ce qui concerne leurs affaires.<\/p>\n<p>Sur la question gouvernementale, aucune tergiversation, aucun double langage, sans d\u00e9magogie ni opportunisme, la participation au gouvernement est bas\u00e9e sur le seul crit\u00e8re des valeurs et l\u2019int\u00e9r\u00eat du pays. \u00ab\u00a0 Parmi les raisons qui pr\u00e9sident \u00e0 ce choix de principe, se trouve la conscience g\u00e9n\u00e9rale du parti de l\u2019existence de dangers qui guettent le Maroc et qui nous interpellent pour plus de vigilance et \u00e0 faire preuve d\u2019imagination pour trouver les mesures \u00e0 m\u00eame d\u2019y faire face. Parmi celle-ci il y a, en premier lieu, la n\u00e9cessit\u00e9 de la pr\u00e9sence des forces progressistes et d\u00e9mocratiques au centre des d\u00e9cisions pour garantir la continuit\u00e9 du processus des r\u00e9formes\u00a0\u00bb. Il s\u2019agit v\u00e9ritablement de cela et aucunement d\u2019autre choses.<\/p>\n","protected":false},"excerpt":{"rendered":"<p>Par Mustapha LABRAIMI L\u2019apr\u00e8s sept octobre reste marqu\u00e9 par la discussion sur l\u2019\u00e9volution du processus d\u00e9mocratique dans notre pays. \u00c0 travers la proc\u00e9dure suivie pour la formation du gouvernement, et dans l\u2019attente de leur confirmation par les assembl\u00e9es statutaires, les positions des partis politiques pressentis sont rendues publiques. \u00c0 ce sujet, l\u2019impatience ne peut \u00eatre [&hellip;]<\/p>\n","protected":false},"author":1,"featured_media":1404,"comment_status":"open","ping_status":"open","sticky":false,"template":"","format":"standard","meta":{"footnotes":""},"categories":[18],"tags":[],"class_list":["post-7005","post","type-post","status-publish","format-standard","has-post-thumbnail","hentry","category-point-de-vue"],"_links":{"self":[{"href":"https:\/\/pps.ma\/fr\/wp-json\/wp\/v2\/posts\/7005","targetHints":{"allow":["GET"]}}],"collection":[{"href":"https:\/\/pps.ma\/fr\/wp-json\/wp\/v2\/posts"}],"about":[{"href":"https:\/\/pps.ma\/fr\/wp-json\/wp\/v2\/types\/post"}],"author":[{"embeddable":true,"href":"https:\/\/pps.ma\/fr\/wp-json\/wp\/v2\/users\/1"}],"replies":[{"embeddable":true,"href":"https:\/\/pps.ma\/fr\/wp-json\/wp\/v2\/comments?post=7005"}],"version-history":[{"count":1,"href":"https:\/\/pps.ma\/fr\/wp-json\/wp\/v2\/posts\/7005\/revisions"}],"predecessor-version":[{"id":7006,"href":"https:\/\/pps.ma\/fr\/wp-json\/wp\/v2\/posts\/7005\/revisions\/7006"}],"wp:featuredmedia":[{"embeddable":true,"href":"https:\/\/pps.ma\/fr\/wp-json\/wp\/v2\/media\/1404"}],"wp:attachment":[{"href":"https:\/\/pps.ma\/fr\/wp-json\/wp\/v2\/media?parent=7005"}],"wp:term":[{"taxonomy":"category","embeddable":true,"href":"https:\/\/pps.ma\/fr\/wp-json\/wp\/v2\/categories?post=7005"},{"taxonomy":"post_tag","embeddable":true,"href":"https:\/\/pps.ma\/fr\/wp-json\/wp\/v2\/tags?post=7005"}],"curies":[{"name":"wp","href":"https:\/\/api.w.org\/{rel}","templated":true}]}}