{"id":7013,"date":"2016-11-09T11:39:29","date_gmt":"2016-11-09T11:39:29","guid":{"rendered":"http:\/\/ppsmaroc.com\/fr\/?p=7013"},"modified":"2016-11-09T11:39:29","modified_gmt":"2016-11-09T11:39:29","slug":"procrastination","status":"publish","type":"post","link":"https:\/\/pps.ma\/fr\/7013\/","title":{"rendered":"Procrastination"},"content":{"rendered":"<p><span style=\"color: #3366ff;\"><strong><img loading=\"lazy\" decoding=\"async\" class=\" wp-image-5897 alignleft\" src=\"http:\/\/ppsmaroc.com\/fr\/wp-content\/uploads\/2014\/05\/Mustapha-Labraimi-2.jpg\" alt=\"Mustapha Labraimi 2\" width=\"163\" height=\"199\" srcset=\"https:\/\/pps.ma\/fr\/wp-content\/uploads\/2014\/05\/Mustapha-Labraimi-2.jpg 264w, https:\/\/pps.ma\/fr\/wp-content\/uploads\/2014\/05\/Mustapha-Labraimi-2-245x300.jpg 245w\" sizes=\"auto, (max-width: 163px) 100vw, 163px\" \/>Par Mustapha LABRAIMI<\/strong><\/span><\/p>\n<p>Quelle conditionnalit\u00e9 pour une avanc\u00e9e d\u00e9mocratique\u00a0?<\/p>\n<p>La question est pos\u00e9e eu \u00e9gard aux renvois que subit la n\u00e9gociation pour la formation d\u2019un nouveau gouvernement apr\u00e8s les \u00e9lections du 7 octobre 2016. Les r\u00e9sultats de ce scrutin donnent officiellement le PJD en t\u00eate. Sa Majest\u00e9 charge M. Abelillah Benkirane de former le gouvernement, conform\u00e9ment aux dispositions constitutionnelles.<\/p>\n<p>D\u00e9j\u00e0 et m\u00eame en anticipation, certains avis se prononc\u00e8rent sur l\u2019incapacit\u00e9 du Chef de gouvernement d\u00e9sign\u00e9 de former un gouvernement pour se retrouver dans un sc\u00e9nario qui occulterait compl\u00e8tement le choix populaire. Des \u00e9rudits \u00ab\u00a0non int\u00e9ress\u00e9s\u00a0\u00bb se sont m\u00eame donn\u00e9 la peine pour faire dire \u00e0 la constitution ce qu\u2019elle ne contenait pas et un parti politique, \u00ab\u00a0sorti par la porte\u00a0\u00bb du 7 octobre et qui \u00ab\u00a0voulait revenir par la fen\u00eatre\u00a0\u00bb, s\u2019agitait pour constituer un front de refus \u00e0 la constitution d\u2019un gouvernement par M. Benkirane. N\u2019ayant pas eu satisfaction dans cette besogne, il pr\u00e9conisa d\u2019une part, par la plume de son leader, une demande de r\u00e9conciliation nationale et d\u2019autre part, \u00ab\u00a0un encadrement constitutionnel de certains aspects de la pratique politique pour \u00e9viter des cas de vacance normalis\u00e9e\u00a0\u00bb. Beaucoup de choses \u00e0 la fois pour un \u00e9chec non programm\u00e9, cela oblige \u00e0 une semaine ailleurs pour se refaire les id\u00e9es\u00a0!<\/p>\n<p>Il faudrait rappeler que la tenue de la COP 22 \u00e0 Marrakech du 7 au 18 novembre 2016 donnait au temps, pour former la majorit\u00e9 gouvernementale, une relative \u00e9lasticit\u00e9 qui ne se retrouvait pas dans les positions de certains n\u00e9gociateurs qui voulaient une configuration de la majorit\u00e9 gouvernementale autre que celle du Chef de gouvernement pressenti.<\/p>\n<p>Entre temps, le congr\u00e8s extraordinaire du RNI s\u2019est r\u00e9uni pour mettre M. Akhannouch \u00e0 sa pr\u00e9sidence, lui conf\u00e8rant ainsi la responsabilit\u00e9 de mener les discussions avec M. Benkirane\u00a0; alors que M. Laenser est en charge de le faire au nom du MP. Auparavant, l\u2019Istiqlal et le Parti du Progr\u00e8s et du Socialisme se sont engag\u00e9s statutairement \u00e0 former une majorit\u00e9 avec le PJD. L\u2019USFP est re\u00e7ue par le chef de gouvernement d\u00e9sign\u00e9 qui chercherait alors \u00e0 r\u00e9unir les partis de la Koutla d\u00e9mocratique dans sa majorit\u00e9. L\u2019UC s\u2019est mise en stand by sous l\u2019aile du parti de la colombe.<\/p>\n<p>Alors que le temps est aussi pour la gestion des affaires publiques sans atermoiements, il est apparu des dissonances dans l\u2019arithm\u00e9tique n\u00e9cessaire \u00e0 constituer une majorit\u00e9. Entre se mettre \u00e0 la disposition du Chef du gouvernement d\u00e9sign\u00e9 et vouloir \u00ab\u00a0se mettre \u00e0 sa place\u00a0\u00bb pour constituer l\u2019ex\u00e9cutif ne constituait pas un chuchotement dans l\u2019oreille de qui de droit mais un v\u00e9ritable bruitage qui nuisait au bon entendement et \u00e0 la convenance entre partenaires.<\/p>\n<p>La mise au point vient du discours royal de Dakar prononc\u00e9 \u00e0 l\u2019occasion du 41<sup>\u00e8me<\/sup> anniversaire de la Marche verte\u00a0: \u00ab\u00a0Le gouvernement est une structuration efficace et harmonieuse qui s\u2019adapte au programme et aux priorit\u00e9s. C\u2019est un ensemble de comp\u00e9tences qualifi\u00e9es, avec des attributions d\u00e9partementales bien d\u00e9finies.\u00a0\u00bb.<\/p>\n<p>C\u2019est un fait que la majorit\u00e9 constitu\u00e9e devra mettre en exergue car tout gouvernement ne peut \u00eatre constitu\u00e9 que sur la base d\u2019un programme clairement d\u00e9fini et sur une convergence et une homog\u00e9n\u00e9it\u00e9 des visions et des objectifs entre ses diff\u00e9rentes composantes.<\/p>\n<p>Un gouvernement soutenu par une majorit\u00e9 responsable de son choix et convaincue de son engagement, avec l\u2019appui d\u2019une administration efficace qui, institutionnelle et diff\u00e9renci\u00e9e, adh\u00e8re \u00e0 la r\u00e9forme engag\u00e9e. Une opposition qui assume son r\u00f4le constitutionnel et une opinion publique attentive aux efforts de chacun pour am\u00e9liorer la vie sociale et politique. La d\u00e9mocratie ne se renouvelle pas toute seule, elle se fait \u00e0 chaque instant par le renforcement de l\u2019engagement social et la prise de conscience des valeurs d\u00e9mocratiques sans procrastination ni forfaiture de nulle part.<\/p>\n<p>Le Royaume du Maroc, au c\u0153ur de plusieurs confluences g\u00e9oculturelles et de plusieurs dynamiques g\u00e9opolitiques, rayonnera par le d\u00e9veloppement de la d\u00e9mocratie\u00a0 qui permettra \u00e0 son peuple d\u2019acc\u00e9der \u00e0 la justice sociale et au bien\u00eatre.<\/p>\n<p>P.S. Les Etats Unis d\u2019Am\u00e9rique ont \u00e9lu un 45<sup>\u00e8me<\/sup> pr\u00e9sident en la personne de M. Donald Trump \u00ab\u00a0h\u00e9ritier milliardaire et capitaliste pur et dur \u2026 pour se prot\u00e9ger de la mondialisation ultralib\u00e9rale\u00a0!?\u00a0\u00bb<\/p>\n<p>&nbsp;<\/p>\n","protected":false},"excerpt":{"rendered":"<p>Par Mustapha LABRAIMI Quelle conditionnalit\u00e9 pour une avanc\u00e9e d\u00e9mocratique\u00a0? La question est pos\u00e9e eu \u00e9gard aux renvois que subit la n\u00e9gociation pour la formation d\u2019un nouveau gouvernement apr\u00e8s les \u00e9lections du 7 octobre 2016. Les r\u00e9sultats de ce scrutin donnent officiellement le PJD en t\u00eate. Sa Majest\u00e9 charge M. Abelillah Benkirane de former le gouvernement, [&hellip;]<\/p>\n","protected":false},"author":1,"featured_media":5897,"comment_status":"open","ping_status":"open","sticky":false,"template":"","format":"standard","meta":{"footnotes":""},"categories":[18],"tags":[],"class_list":["post-7013","post","type-post","status-publish","format-standard","has-post-thumbnail","hentry","category-point-de-vue"],"_links":{"self":[{"href":"https:\/\/pps.ma\/fr\/wp-json\/wp\/v2\/posts\/7013","targetHints":{"allow":["GET"]}}],"collection":[{"href":"https:\/\/pps.ma\/fr\/wp-json\/wp\/v2\/posts"}],"about":[{"href":"https:\/\/pps.ma\/fr\/wp-json\/wp\/v2\/types\/post"}],"author":[{"embeddable":true,"href":"https:\/\/pps.ma\/fr\/wp-json\/wp\/v2\/users\/1"}],"replies":[{"embeddable":true,"href":"https:\/\/pps.ma\/fr\/wp-json\/wp\/v2\/comments?post=7013"}],"version-history":[{"count":2,"href":"https:\/\/pps.ma\/fr\/wp-json\/wp\/v2\/posts\/7013\/revisions"}],"predecessor-version":[{"id":7015,"href":"https:\/\/pps.ma\/fr\/wp-json\/wp\/v2\/posts\/7013\/revisions\/7015"}],"wp:featuredmedia":[{"embeddable":true,"href":"https:\/\/pps.ma\/fr\/wp-json\/wp\/v2\/media\/5897"}],"wp:attachment":[{"href":"https:\/\/pps.ma\/fr\/wp-json\/wp\/v2\/media?parent=7013"}],"wp:term":[{"taxonomy":"category","embeddable":true,"href":"https:\/\/pps.ma\/fr\/wp-json\/wp\/v2\/categories?post=7013"},{"taxonomy":"post_tag","embeddable":true,"href":"https:\/\/pps.ma\/fr\/wp-json\/wp\/v2\/tags?post=7013"}],"curies":[{"name":"wp","href":"https:\/\/api.w.org\/{rel}","templated":true}]}}