{"id":7039,"date":"2016-11-18T10:38:40","date_gmt":"2016-11-18T10:38:40","guid":{"rendered":"http:\/\/ppsmaroc.com\/fr\/?p=7039"},"modified":"2016-11-18T10:38:40","modified_gmt":"2016-11-18T10:38:40","slug":"secheresse","status":"publish","type":"post","link":"https:\/\/pps.ma\/fr\/7039\/","title":{"rendered":"S\u00e9cheresse ?"},"content":{"rendered":"<p><span style=\"color: #3366ff;\">Par\u00a0 Mustapha Labraimi<\/span><\/p>\n<p><img loading=\"lazy\" decoding=\"async\" class=\" wp-image-5897 alignright\" src=\"http:\/\/ppsmaroc.com\/fr\/wp-content\/uploads\/2014\/05\/Mustapha-Labraimi-2.jpg\" alt=\"Mustapha Labraimi 2\" width=\"180\" height=\"220\" srcset=\"https:\/\/pps.ma\/fr\/wp-content\/uploads\/2014\/05\/Mustapha-Labraimi-2.jpg 264w, https:\/\/pps.ma\/fr\/wp-content\/uploads\/2014\/05\/Mustapha-Labraimi-2-245x300.jpg 245w\" sizes=\"auto, (max-width: 180px) 100vw, 180px\" \/>Une situation de s\u00e9cheresse commence \u00e0 pr\u00e9valoir sur le pays sans qu\u2019elle puisse susciter l\u2019attention, tout au moins sur le plan m\u00e9diatique. Le climat fait parler de lui mais en relation avec les travaux de la COP 22 \u00e0 Marrakech. Apr\u00e8s cet \u00e9v\u00e9nement qui int\u00e9resse la plan\u00e8te dans son ensemble, les discussions se focalisent sur le blocage que semble conna\u00eetre la formation du gouvernement. Prudence.<\/p>\n<p>L\u2019\u00e9lection du 45 \u00e8me pr\u00e9sident \u00a0des \u00c9tats Unis d\u2019Am\u00e9rique en la personne de Donald Trump, sceptique \u00e0 l\u2019\u00e9gard du r\u00e9chauffement climatique et de la responsabilit\u00e9 qui incombe aux activit\u00e9s humaines dans ce ph\u00e9nom\u00e8ne, a fait planer sur la conf\u00e9rence des parties un instant de doute . Cela a \u00e9t\u00e9 imm\u00e9diatement d\u00e9pass\u00e9 par la manifestation \u00ab\u00a0des consciences\u00a0\u00bb et l\u2019engagement solennel \u00ab\u00a0d\u2019agir ensemble pour prot\u00e9ger la plan\u00e8te avec une d\u00e9termination plus grande encore\u00a0\u00bb et de \u00a0promouvoir les initiatives n\u00e9cessaires et ad\u00e9quates pour att\u00e9nuer et s\u2019adapter au changement climatique tel qu\u2019il a \u00e9t\u00e9 \u00a0reconnu et valid\u00e9 par les scientifiques.<\/p>\n<p>Si la s\u00e9cheresse m\u00e9t\u00e9orologique est impos\u00e9e \u00e0 notre soci\u00e9t\u00e9 en devenir, \u00e0 chacun( e) de nous d\u2019agir pour qu\u2019elle soit pr\u00e9serv\u00e9e de la s\u00e9cheresse politique et de ses n\u00e9fastes cons\u00e9quences. Depuis presque un quart de si\u00e8cle, le processus d\u00e9mocratique suit son cours dans notre pays et se consolide dans son ensemble. Une continuit\u00e9 dans l\u2019effort de la recherche du consensus a marqu\u00e9e sa trajectoire. Elle ne peut faire d\u00e9faut au moment o\u00f9 le royaume est au centre de tous les regards et de toutes les attentions.<\/p>\n<p>Notre intelligence \u00a0collective a permis la n\u00e9gociation des inflexions qui s\u2019imposent \u00e0 notre lutte pour le d\u00e9veloppement et le bien\u00eatre par la souplesse sereine des peuples qui avancent. Loin des ruptures catastrophiques induites beaucoup plus par des rigidit\u00e9s subjectives que par une r\u00e9elle compr\u00e9hension des rapports de force qui r\u00e9gissent l\u2019\u00e9volution de notre soci\u00e9t\u00e9. Notre \u00ab\u00a0vivre ensemble\u00a0\u00bb s\u00e9culaire garantit le pluralisme de notre engagement et constitue la base du consensus qui nous anime. Sachons donner du temps au temps sans toutefois perdre du temps pour trouver l\u2019ad\u00e9quation entre la math\u00e9matique et la r\u00e9alit\u00e9 v\u00e9cue de notre soci\u00e9t\u00e9. Ne dit-on pas que \u00ab\u00a0celui qui fait ses comptes tout seul se trouve toujours un exc\u00e9dent\u00a0\u00bb. Cela est valable pour tous. Pour le temps et dans ce cadre, la norme marocaine reste large m\u00eame si la dynamique du quotidien augmente la f\u00e9brilit\u00e9 des personnes qui ne savent plus attendre. Il s\u2019agit d\u2019une v\u00e9ritable \u0153uvre d\u2019utilit\u00e9 publique et non d\u2019une pr\u00e9cipitation opportuniste pour d\u00e9terminer un positionnement dans la soci\u00e9t\u00e9.<\/p>\n<p>Dans cet esprit, il revient \u00e0 chaque responsable d\u2019assumer le r\u00f4le qui lui revient. Le respect de la volont\u00e9 populaire et des dispositions de la constitution ne peuvent pas souffrir d\u2019exception. Les fomentateurs d\u2019une probable crise ne se soucie pas de l\u2019int\u00e9r\u00eat sup\u00e9rieur de la Nation. Ils soufflent pour animer le feu de la discorde au lieu de d\u00e9velopper les rapprochements beaucoup plus n\u00e9cessaires entre les hommes qu\u2019entre les programmes propos\u00e9s. Notre pays m\u00e9rite beaucoup plus que des chagrins issus d\u2019ambitions d\u00e9\u00e7ues ou de stratag\u00e8mes non aboutis. Les affaires publiques sont dans l\u2019attente, les r\u00e9formes ne peuvent supporter la stagnation dans un monde qui change. Les d\u00e9fis li\u00e9s \u00e0 l\u2019\u00e9mergence du royaume se compliquent chaque fois qu\u2019un facteur, endog\u00e8ne ou exog\u00e8ne, s\u2019oppose \u00e0 leur confrontation pour le bien de la Nation et de sa population.<\/p>\n<p>Une autre s\u00e9cheresse semble s&rsquo;\u00e9tendre dans l\u2019esprit de certains.Tel celui qui, laissant tomber sa toge noire dont l\u2019authenticit\u00e9 ne fait aucun doute, se v\u00eat\u00eet d\u2019un costume deux pi\u00e8ces manufactur\u00e9 dans une modernit\u00e9 fausse et contrefaite. Ayant tr\u00e9buch\u00e9 le sept octobre dernier, \u00e0 l\u2019instar de la \u00ab\u00a0laiti\u00e8re au pot au lait\u00a0\u00bb de la fable, il s\u2019adonne beaucoup plus \u00e0 l\u2019insulte et \u00e1 l\u2019invective croyant qu\u2019il va d\u00e9passer par cela sa contradiction. De parasite vivant aux d\u00e9pens de la soci\u00e9t\u00e9 marocaine, il r\u00eave de devenir saprophage. Graine de facho qui se m\u00e9lange aux grains de la d\u00e9mocratie jusqu&rsquo;au moment o\u00f9 il se met \u00e0 nu tel qu\u2019il a toujours \u00e9t\u00e9, un opportuniste dont la verve cache l\u2019embarras de son choix. \u00c9chec sur toute la ligne, isolement et naufrage\u00a0 organisationnel car le compte a fait d\u00e9faut, \u00a0une centaine de \u00ab\u00a0je ne sais quoi en faire\u00a0\u00bb. Que notre soci\u00e9t\u00e9 en soit pr\u00e9serv\u00e9e et que son immunit\u00e9 se d\u00e9veloppe pour contrer toute forme de s\u00e9cheresse.<\/p>\n<p>&nbsp;<\/p>\n","protected":false},"excerpt":{"rendered":"<p>Par\u00a0 Mustapha Labraimi Une situation de s\u00e9cheresse commence \u00e0 pr\u00e9valoir sur le pays sans qu\u2019elle puisse susciter l\u2019attention, tout au moins sur le plan m\u00e9diatique. Le climat fait parler de lui mais en relation avec les travaux de la COP 22 \u00e0 Marrakech. Apr\u00e8s cet \u00e9v\u00e9nement qui int\u00e9resse la plan\u00e8te dans son ensemble, les discussions [&hellip;]<\/p>\n","protected":false},"author":1,"featured_media":5897,"comment_status":"open","ping_status":"open","sticky":false,"template":"","format":"standard","meta":{"footnotes":""},"categories":[18],"tags":[],"class_list":["post-7039","post","type-post","status-publish","format-standard","has-post-thumbnail","hentry","category-point-de-vue"],"_links":{"self":[{"href":"https:\/\/pps.ma\/fr\/wp-json\/wp\/v2\/posts\/7039","targetHints":{"allow":["GET"]}}],"collection":[{"href":"https:\/\/pps.ma\/fr\/wp-json\/wp\/v2\/posts"}],"about":[{"href":"https:\/\/pps.ma\/fr\/wp-json\/wp\/v2\/types\/post"}],"author":[{"embeddable":true,"href":"https:\/\/pps.ma\/fr\/wp-json\/wp\/v2\/users\/1"}],"replies":[{"embeddable":true,"href":"https:\/\/pps.ma\/fr\/wp-json\/wp\/v2\/comments?post=7039"}],"version-history":[{"count":1,"href":"https:\/\/pps.ma\/fr\/wp-json\/wp\/v2\/posts\/7039\/revisions"}],"predecessor-version":[{"id":7040,"href":"https:\/\/pps.ma\/fr\/wp-json\/wp\/v2\/posts\/7039\/revisions\/7040"}],"wp:featuredmedia":[{"embeddable":true,"href":"https:\/\/pps.ma\/fr\/wp-json\/wp\/v2\/media\/5897"}],"wp:attachment":[{"href":"https:\/\/pps.ma\/fr\/wp-json\/wp\/v2\/media?parent=7039"}],"wp:term":[{"taxonomy":"category","embeddable":true,"href":"https:\/\/pps.ma\/fr\/wp-json\/wp\/v2\/categories?post=7039"},{"taxonomy":"post_tag","embeddable":true,"href":"https:\/\/pps.ma\/fr\/wp-json\/wp\/v2\/tags?post=7039"}],"curies":[{"name":"wp","href":"https:\/\/api.w.org\/{rel}","templated":true}]}}