{"id":7046,"date":"2016-11-23T13:27:26","date_gmt":"2016-11-23T13:27:26","guid":{"rendered":"http:\/\/ppsmaroc.com\/fr\/?p=7046"},"modified":"2016-11-23T13:29:46","modified_gmt":"2016-11-23T13:29:46","slug":"misericorde","status":"publish","type":"post","link":"https:\/\/pps.ma\/fr\/7046\/","title":{"rendered":"Mis\u00e9ricorde"},"content":{"rendered":"<p><span style=\"color: #3366ff;\"><img loading=\"lazy\" decoding=\"async\" class=\" wp-image-5897 alignleft\" src=\"http:\/\/ppsmaroc.com\/fr\/wp-content\/uploads\/2014\/05\/Mustapha-Labraimi-2.jpg\" alt=\"Mustapha Labraimi 2\" width=\"199\" height=\"243\" srcset=\"https:\/\/pps.ma\/fr\/wp-content\/uploads\/2014\/05\/Mustapha-Labraimi-2.jpg 264w, https:\/\/pps.ma\/fr\/wp-content\/uploads\/2014\/05\/Mustapha-Labraimi-2-245x300.jpg 245w\" sizes=\"auto, (max-width: 199px) 100vw, 199px\" \/>Par Mustapha LABRAIMI<\/span><\/p>\n<p>G\u00e9n\u00e9ralement la pluie apporte avec elle une certaine s\u00e9r\u00e9nit\u00e9 dans les esprits. Les ond\u00e9es qui ont \u00e9t\u00e9 enregistr\u00e9es avec satisfaction par la population vont-elles avoir aussi un effet b\u00e9n\u00e9fique sur le champ politique\u00a0?\u00a0 \u00a0Le jeu d\u00e9mocratique va-t-il enfin aboutir\u00a0?<\/p>\n<p>La question est au bout de toutes les langues. Celles qui se d\u00e9lient pour fourvoyer l\u2019opinion publique dans une conception pr\u00e9fabriqu\u00e9e de la formation du gouvernement et celles qui militent pour le respect de la volont\u00e9 populaire, des dispositions de la constitution et d&rsquo;un consensus bas\u00e9 sur l\u2019int\u00e9r\u00eat national.<\/p>\n<p>Il est fort \u00e9tonnant qu\u2019un universitaire, reconverti dans la presse pour claironner les bienfaits du n\u00e9olib\u00e9ralisme qu\u2019il n\u2019a pas subi et se faire ainsi une fortune, donne des le\u00e7ons de conduite \u00e0 qui de droit. Cela montre qu\u2019il est nul en droit constitutionnel \u00e0 moins que, \u00a0habitu\u00e9 qu\u2019il est aux \u00ab\u00a0oreillettes\u00a0\u00bb, on lui aura dict\u00e9 son \u00e9nonc\u00e9. Qu\u2019une enseignante en droit constitutionnel \u00e9tale ses connaissances, m\u00eame quand elles sont biais\u00e9es, est une chose\u00a0; mais que cette docte personne ne soit pas assez t\u00e9m\u00e9raire pour aller jusqu&rsquo;\u00e0 la limite de sa logique montre sa d\u00e9pendance \u00e0 l\u2019arithm\u00e9tique sonnante et tr\u00e9buchante. Ces deux exemples, ainsi que le cas de quelques autres plus farfelus, ne peuvent pr\u00e9tendre \u00e0 la qualit\u00e9 de d\u00e9mocrate. Business is their faith.<\/p>\n<p>O\u00f9 voudrait-on mener le pays\u00a0en voulant faire dire \u00e0 la constitution ce qu\u2019elle ne dit pas? \u00c0 quoi servent des interpr\u00e9tations qui ne prennent pas en consid\u00e9ration la consolidation du processus d\u00e9mocratique dans notre pays\u00a0?<\/p>\n<p>Le peuple marocain, et malgr\u00e9 l\u2019abstentionnisme d\u00e9plor\u00e9, s\u2019est engag\u00e9 dans sa quasi-totalit\u00e9 dans une dynamique d\u00e9mocratique qui lui est propre. Cette dynamique peut peiner \u00e0 r\u00e9pondre \u00e0 l\u2019ensemble des aspirations des patriotes, des d\u00e9mocrates et des progressistes de notre pays, mais elle avance et s\u2019\u00e9largit en incluant des forces encore hier r\u00e9calcitrantes. Elle apaise les tensions au lieu de les attiser. Elle l\u00e8ve les inqui\u00e9tudes et valorise les libert\u00e9s individuelles et collectives. L\u2019\u00e9dification d\u2019un Etat national, d\u00e9mocratique et moderne au Maroc est sanctifi\u00e9e par l\u2019environnement international. Tout cela, entre autres, donne au royaume des atouts pour consolider son int\u00e9grit\u00e9 territoriale, d\u00e9velopper ses forces productives et assurer le bien\u00eatre \u00e0 sa population. La maturation de notre d\u00e9mocratie ne peut se faire sans le respect de la volont\u00e9 populaire, telle qu\u2019elle s\u2019est exprim\u00e9e le sept octobre 2016. La r\u00e9solution du \u00ab\u00a0conflit d\u00e9mocratique\u00a0\u00bb, que constituent les \u00e9lections, s\u2019est am\u00e9lior\u00e9e par l\u2019adoption de la \u00ab\u00a0m\u00e9thodologie d\u00e9mocratique\u00a0\u00bb d\u00e9clin\u00e9e dans la constitution \u00e0 propos de la d\u00e9signation du Chef du gouvernement pressenti. Avec le respect que l\u2019on doit \u00e0 la personnalit\u00e9 d\u00e9sign\u00e9e par Sa Majest\u00e9 le Roi \u00e0 cet effet, il reste alors \u00e0 prendre en consid\u00e9ration l\u2019int\u00e9r\u00eat national pour constituer une majorit\u00e9 gouvernementale, forte de sa coh\u00e9sion et de son homog\u00e9n\u00e9it\u00e9 autour d\u2019un programme en phase avec les besoins du pays et ses aspirations\u00a0 et mis en \u0153uvre par des comp\u00e9tences affirm\u00e9es. Un gouvernement \u00ab\u00a0aux affaires\u00a0\u00bb et non souffrant de spasmes annihilant la bonne entente et l\u2019engagement de servir.<\/p>\n<p>Dans ce champ politique pluraliste o\u00f9 l\u2019action des militant(e)s du Parti du Progr\u00e8s et du Socialisme est men\u00e9e, leur espoir est de pouvoir atteindre la vie politique, sociale, \u00e9conomique et culturelle pour ne pas laisser un(e) compatriote en marge de l\u2019\u00e9volution de notre soci\u00e9t\u00e9 vers l\u2019\u00e9mergence et le d\u00e9veloppement. Leur ambition est de servir le pays, renforcer sa coh\u00e9sion sociale en dissipant autant que possible les crispations issues d\u2019un mod\u00e8le \u00e9conomique qui \u00ab\u00a0enrichit les riches et appauvrit les pauvres\u00a0\u00bb. Leur devoir, tel qu\u2019ils le con\u00e7oivent, est de contribuer sous la direction de Sa Majest\u00e9 le Roi, par leur apport modeste mais positif, pour transmettre et promouvoir les valeurs, les rep\u00e8res et les convictions fondamentales du \u00ab\u00a0\u2026 Maroc (en tant que) \u2026 monarchie constitutionnelle, d\u00e9mocratique, parlementaire et sociale\u00a0\u00bb o\u00f9 se cr\u00e9e la prosp\u00e9rit\u00e9 et s\u2019exerce la justice sociale. Que la mis\u00e9ricorde soit sur nous et sur notre pays.<\/p>\n<p>&nbsp;<\/p>\n","protected":false},"excerpt":{"rendered":"<p>Par Mustapha LABRAIMI G\u00e9n\u00e9ralement la pluie apporte avec elle une certaine s\u00e9r\u00e9nit\u00e9 dans les esprits. Les ond\u00e9es qui ont \u00e9t\u00e9 enregistr\u00e9es avec satisfaction par la population vont-elles avoir aussi un effet b\u00e9n\u00e9fique sur le champ politique\u00a0?\u00a0 \u00a0Le jeu d\u00e9mocratique va-t-il enfin aboutir\u00a0? La question est au bout de toutes les langues. Celles qui se d\u00e9lient [&hellip;]<\/p>\n","protected":false},"author":1,"featured_media":5897,"comment_status":"open","ping_status":"open","sticky":false,"template":"","format":"standard","meta":{"footnotes":""},"categories":[18],"tags":[],"class_list":["post-7046","post","type-post","status-publish","format-standard","has-post-thumbnail","hentry","category-point-de-vue"],"_links":{"self":[{"href":"https:\/\/pps.ma\/fr\/wp-json\/wp\/v2\/posts\/7046","targetHints":{"allow":["GET"]}}],"collection":[{"href":"https:\/\/pps.ma\/fr\/wp-json\/wp\/v2\/posts"}],"about":[{"href":"https:\/\/pps.ma\/fr\/wp-json\/wp\/v2\/types\/post"}],"author":[{"embeddable":true,"href":"https:\/\/pps.ma\/fr\/wp-json\/wp\/v2\/users\/1"}],"replies":[{"embeddable":true,"href":"https:\/\/pps.ma\/fr\/wp-json\/wp\/v2\/comments?post=7046"}],"version-history":[{"count":2,"href":"https:\/\/pps.ma\/fr\/wp-json\/wp\/v2\/posts\/7046\/revisions"}],"predecessor-version":[{"id":7048,"href":"https:\/\/pps.ma\/fr\/wp-json\/wp\/v2\/posts\/7046\/revisions\/7048"}],"wp:featuredmedia":[{"embeddable":true,"href":"https:\/\/pps.ma\/fr\/wp-json\/wp\/v2\/media\/5897"}],"wp:attachment":[{"href":"https:\/\/pps.ma\/fr\/wp-json\/wp\/v2\/media?parent=7046"}],"wp:term":[{"taxonomy":"category","embeddable":true,"href":"https:\/\/pps.ma\/fr\/wp-json\/wp\/v2\/categories?post=7046"},{"taxonomy":"post_tag","embeddable":true,"href":"https:\/\/pps.ma\/fr\/wp-json\/wp\/v2\/tags?post=7046"}],"curies":[{"name":"wp","href":"https:\/\/api.w.org\/{rel}","templated":true}]}}