{"id":7052,"date":"2016-12-05T14:08:30","date_gmt":"2016-12-05T14:08:30","guid":{"rendered":"http:\/\/ppsmaroc.com\/fr\/?p=7052"},"modified":"2016-12-05T14:08:30","modified_gmt":"2016-12-05T14:08:30","slug":"khenifra-les-structures-de-soins-se-renforcent-par-le-lancement-des-prestations-dun-ch-provincial","status":"publish","type":"post","link":"https:\/\/pps.ma\/fr\/7052\/","title":{"rendered":"Kh\u00e9nifra : les structures de soins se renforcent par le lancement des prestations d\u2019un CH provincial"},"content":{"rendered":"<p><img loading=\"lazy\" decoding=\"async\" class=\"aligncenter size-large wp-image-7055\" src=\"http:\/\/ppsmaroc.com\/fr\/wp-content\/uploads\/2016\/12\/khenifra-hopital-regional-3.jpg\" alt=\"khenifra-hopital-regional-3\" width=\"596\" height=\"400\" srcset=\"https:\/\/pps.ma\/fr\/wp-content\/uploads\/2016\/12\/khenifra-hopital-regional-3.jpg 596w, https:\/\/pps.ma\/fr\/wp-content\/uploads\/2016\/12\/khenifra-hopital-regional-3-300x201.jpg 300w, https:\/\/pps.ma\/fr\/wp-content\/uploads\/2016\/12\/khenifra-hopital-regional-3-90x60.jpg 90w, https:\/\/pps.ma\/fr\/wp-content\/uploads\/2016\/12\/khenifra-hopital-regional-3-180x120.jpg 180w, https:\/\/pps.ma\/fr\/wp-content\/uploads\/2016\/12\/khenifra-hopital-regional-3-95x64.jpg 95w\" sizes=\"auto, (max-width: 596px) 100vw, 596px\" \/><\/p>\n<p>Les services du centre hospitalier provincial (CHP) de Kh\u00e9nifra, dont le co\u00fbt de construction et d\u2019\u00e9quipement s\u2019\u00e9l\u00e8ve \u00e0 278 millions de DH, ont \u00e9t\u00e9 lanc\u00e9s, jeudi, en vue de renforcer les structures de soins de la r\u00e9gion et am\u00e9liorer leurs prestations.<\/p>\n<p>Cr\u00e9\u00e9 par la D\u00e9l\u00e9gation provinciale du minist\u00e8re de la sant\u00e9 \u00e0 Kh\u00e9nifra, le nouveau centre hospitalier contribuera \u00e0 rapprocher les soins de sant\u00e9 de la population cible (environ 370.000 personnes) et \u00e0 augmenter les capacit\u00e9s sanitaires et hospitali\u00e8res de la province.<\/p>\n<p><img loading=\"lazy\" decoding=\"async\" class=\"aligncenter size-full wp-image-7053\" src=\"http:\/\/ppsmaroc.com\/fr\/wp-content\/uploads\/2016\/12\/khenifra-hopital-regional-1.jpg\" alt=\"khenifra-hopital-regional-1\" width=\"596\" height=\"400\" srcset=\"https:\/\/pps.ma\/fr\/wp-content\/uploads\/2016\/12\/khenifra-hopital-regional-1.jpg 596w, https:\/\/pps.ma\/fr\/wp-content\/uploads\/2016\/12\/khenifra-hopital-regional-1-300x201.jpg 300w, https:\/\/pps.ma\/fr\/wp-content\/uploads\/2016\/12\/khenifra-hopital-regional-1-90x60.jpg 90w, https:\/\/pps.ma\/fr\/wp-content\/uploads\/2016\/12\/khenifra-hopital-regional-1-180x120.jpg 180w, https:\/\/pps.ma\/fr\/wp-content\/uploads\/2016\/12\/khenifra-hopital-regional-1-95x64.jpg 95w\" sizes=\"auto, (max-width: 596px) 100vw, 596px\" \/><br \/>\nDot\u00e9 d\u2019une capacit\u00e9 de 175 lits, cet \u00e9tablissement compte une unit\u00e9 m\u00e9dico-chirurgicale, un p\u00f4le M\u00e8re-enfant, un service de chirurgie, des p\u00f4les d\u2019hospitalisation (urgences, traumatologie, consultations ambulatoires), un service de radiologie\u2013\u00e9chographie, un service d\u2019autopsie, une morgue, un laboratoire central, une pharmacie et d\u2019autres d\u00e9pendances administratives et techniques.<\/p>\n<p>Le D\u00e9l\u00e9gu\u00e9 provincial de la sant\u00e9, Mhamed Barjaoui, a affirm\u00e9 que cette nouvelle structure m\u00e9dicale couvre toutes les sp\u00e9cialit\u00e9s m\u00e9dico-chirurgicales qui vont contribuer \u00e9norm\u00e9ment \u00e0 la g\u00e9n\u00e9ralisation des prestations sanitaires dans la province et \u00e0 all\u00e9ger la pression sur d\u2019autres \u00e9tablissements hospitaliers de la r\u00e9gion, au vu des \u00e9quipements modernes dont elle dispose.<br \/>\n<img loading=\"lazy\" decoding=\"async\" class=\"aligncenter size-large wp-image-7057\" src=\"http:\/\/ppsmaroc.com\/fr\/wp-content\/uploads\/2016\/12\/khenifra-hopital-regional-5.jpg\" alt=\"khenifra-hopital-regional-5\" width=\"596\" height=\"400\" srcset=\"https:\/\/pps.ma\/fr\/wp-content\/uploads\/2016\/12\/khenifra-hopital-regional-5.jpg 596w, https:\/\/pps.ma\/fr\/wp-content\/uploads\/2016\/12\/khenifra-hopital-regional-5-300x201.jpg 300w, https:\/\/pps.ma\/fr\/wp-content\/uploads\/2016\/12\/khenifra-hopital-regional-5-90x60.jpg 90w, https:\/\/pps.ma\/fr\/wp-content\/uploads\/2016\/12\/khenifra-hopital-regional-5-180x120.jpg 180w, https:\/\/pps.ma\/fr\/wp-content\/uploads\/2016\/12\/khenifra-hopital-regional-5-95x64.jpg 95w\" sizes=\"auto, (max-width: 596px) 100vw, 596px\" \/><br \/>\nLe CHP contribuera a \u00e9tendre l\u2019acc\u00e8s aux soins au niveau de la r\u00e9gion Kh\u00e9nifra-Beni Mellal, \u00e0 am\u00e9liorer la qualit\u00e9 des prestations m\u00e9dicales et les rapprocher des citoyens qui n\u2019auront plus besoin de se d\u00e9placer \u00e0 d\u2019autres villes proches pour subir des op\u00e9rations compliqu\u00e9es ou recevoir des soins difficiles, a-t-il d\u00e9clar\u00e9 \u00e0 la presse.<\/p>\n<p>Le lancement des prestations de cet \u00e9tablissement contribuera \u00e0 am\u00e9liorer les structures hospitali\u00e8res de la r\u00e9gion de mani\u00e8re \u00e0 favoriser l\u2019\u00e9mergence d\u2019un v\u00e9ritable p\u00f4le de soins au niveau de la province, a-t-il ajout\u00e9.<\/p>\n<p>De son c\u00f4t\u00e9, le directeur du CHP de Kh\u00e9nifra, Dr. Abdelaziz Laaroussi, a indiqu\u00e9 que cette nouvelle structure constitue une valeur ajout\u00e9e et un acquis de taille dans le paysage r\u00e9gional de sant\u00e9, qui ne cesse de se renforcer gr\u00e2ce aux projets mis en \u0153uvre par le minist\u00e8re de la sant\u00e9.<br \/>\n<img loading=\"lazy\" decoding=\"async\" class=\"aligncenter size-large wp-image-7056\" src=\"http:\/\/ppsmaroc.com\/fr\/wp-content\/uploads\/2016\/12\/khenifra-hopital-regional-4.jpg\" alt=\"khenifra-hopital-regional-4\" width=\"596\" height=\"400\" srcset=\"https:\/\/pps.ma\/fr\/wp-content\/uploads\/2016\/12\/khenifra-hopital-regional-4.jpg 596w, https:\/\/pps.ma\/fr\/wp-content\/uploads\/2016\/12\/khenifra-hopital-regional-4-300x201.jpg 300w, https:\/\/pps.ma\/fr\/wp-content\/uploads\/2016\/12\/khenifra-hopital-regional-4-90x60.jpg 90w, https:\/\/pps.ma\/fr\/wp-content\/uploads\/2016\/12\/khenifra-hopital-regional-4-180x120.jpg 180w, https:\/\/pps.ma\/fr\/wp-content\/uploads\/2016\/12\/khenifra-hopital-regional-4-95x64.jpg 95w\" sizes=\"auto, (max-width: 596px) 100vw, 596px\" \/><br \/>\nLe Dr. Laaroussi a ajout\u00e9 que l\u2019\u00e9tablissement compte un staff m\u00e9dical des diff\u00e9rentes sp\u00e9cialit\u00e9s chirurgicales et m\u00e9dicales, ainsi qu\u2019une pharmacie dot\u00e9e des diff\u00e9rents m\u00e9dicaments dont les patients auront besoin.<\/p>\n<p>Il a \u00e9galement fait \u00e9tat d\u2019un nombre d\u2019ambulances modernes et m\u00e9dicalis\u00e9es pour le transfert des patients dont les cas sont compliqu\u00e9s vers les centres hospitaliers universitaires, soulignant que d\u2019autres structures m\u00e9dicales sont en cours de r\u00e9alisation.<br \/>\n<img loading=\"lazy\" decoding=\"async\" class=\"aligncenter size-large wp-image-7054\" src=\"http:\/\/ppsmaroc.com\/fr\/wp-content\/uploads\/2016\/12\/khenifra-hopital-regional-2.jpg\" alt=\"khenifra-hopital-regional-2\" width=\"596\" height=\"400\" srcset=\"https:\/\/pps.ma\/fr\/wp-content\/uploads\/2016\/12\/khenifra-hopital-regional-2.jpg 596w, https:\/\/pps.ma\/fr\/wp-content\/uploads\/2016\/12\/khenifra-hopital-regional-2-300x201.jpg 300w, https:\/\/pps.ma\/fr\/wp-content\/uploads\/2016\/12\/khenifra-hopital-regional-2-90x60.jpg 90w, https:\/\/pps.ma\/fr\/wp-content\/uploads\/2016\/12\/khenifra-hopital-regional-2-180x120.jpg 180w, https:\/\/pps.ma\/fr\/wp-content\/uploads\/2016\/12\/khenifra-hopital-regional-2-95x64.jpg 95w\" sizes=\"auto, (max-width: 596px) 100vw, 596px\" \/><br \/>\nLe lancement des prestations du CHP de Kh\u00e9nifra intervient en ex\u00e9cution des hautes instructions royales visant la mobilisation pour faire face \u00e0 la baisse des temp\u00e9ratures que connaissent certaines localit\u00e9s du Royaume, notamment les Moyen et Haut Atlas.<\/p>\n","protected":false},"excerpt":{"rendered":"<p>Les services du centre hospitalier provincial (CHP) de Kh\u00e9nifra, dont le co\u00fbt de construction et d\u2019\u00e9quipement s\u2019\u00e9l\u00e8ve \u00e0 278 millions de DH, ont \u00e9t\u00e9 lanc\u00e9s, jeudi, en vue de renforcer les structures de soins de la r\u00e9gion et am\u00e9liorer leurs prestations. Cr\u00e9\u00e9 par la D\u00e9l\u00e9gation provinciale du minist\u00e8re de la sant\u00e9 \u00e0 Kh\u00e9nifra, le nouveau [&hellip;]<\/p>\n","protected":false},"author":1,"featured_media":7055,"comment_status":"open","ping_status":"open","sticky":false,"template":"","format":"standard","meta":{"footnotes":""},"categories":[3],"tags":[],"class_list":["post-7052","post","type-post","status-publish","format-standard","has-post-thumbnail","hentry","category-actualites"],"_links":{"self":[{"href":"https:\/\/pps.ma\/fr\/wp-json\/wp\/v2\/posts\/7052","targetHints":{"allow":["GET"]}}],"collection":[{"href":"https:\/\/pps.ma\/fr\/wp-json\/wp\/v2\/posts"}],"about":[{"href":"https:\/\/pps.ma\/fr\/wp-json\/wp\/v2\/types\/post"}],"author":[{"embeddable":true,"href":"https:\/\/pps.ma\/fr\/wp-json\/wp\/v2\/users\/1"}],"replies":[{"embeddable":true,"href":"https:\/\/pps.ma\/fr\/wp-json\/wp\/v2\/comments?post=7052"}],"version-history":[{"count":1,"href":"https:\/\/pps.ma\/fr\/wp-json\/wp\/v2\/posts\/7052\/revisions"}],"predecessor-version":[{"id":7058,"href":"https:\/\/pps.ma\/fr\/wp-json\/wp\/v2\/posts\/7052\/revisions\/7058"}],"wp:featuredmedia":[{"embeddable":true,"href":"https:\/\/pps.ma\/fr\/wp-json\/wp\/v2\/media\/7055"}],"wp:attachment":[{"href":"https:\/\/pps.ma\/fr\/wp-json\/wp\/v2\/media?parent=7052"}],"wp:term":[{"taxonomy":"category","embeddable":true,"href":"https:\/\/pps.ma\/fr\/wp-json\/wp\/v2\/categories?post=7052"},{"taxonomy":"post_tag","embeddable":true,"href":"https:\/\/pps.ma\/fr\/wp-json\/wp\/v2\/tags?post=7052"}],"curies":[{"name":"wp","href":"https:\/\/api.w.org\/{rel}","templated":true}]}}