{"id":7154,"date":"2017-04-13T14:42:07","date_gmt":"2017-04-13T14:42:07","guid":{"rendered":"http:\/\/ppsmaroc.com\/fr\/?p=7154"},"modified":"2017-04-13T14:42:07","modified_gmt":"2017-04-13T14:42:07","slug":"depassements","status":"publish","type":"post","link":"https:\/\/pps.ma\/fr\/7154\/","title":{"rendered":"D\u00e9passements"},"content":{"rendered":"<p><span style=\"color: #3366ff;\">Par\u00a0Mustapha LABRAIMI<\/span><\/p>\n<p><img loading=\"lazy\" decoding=\"async\" class=\"wp-image-5897 alignleft\" src=\"http:\/\/ppsmaroc.com\/fr\/wp-content\/uploads\/2014\/05\/Mustapha-Labraimi-2.jpg\" alt=\"\" width=\"180\" height=\"220\" srcset=\"https:\/\/pps.ma\/fr\/wp-content\/uploads\/2014\/05\/Mustapha-Labraimi-2.jpg 264w, https:\/\/pps.ma\/fr\/wp-content\/uploads\/2014\/05\/Mustapha-Labraimi-2-245x300.jpg 245w\" sizes=\"auto, (max-width: 180px) 100vw, 180px\" \/>Telle la tectonique des plaques, la configuration du champ politique national continue \u00e0 interagir subrepticement avec la manifestation superficielle du rapport de forces qui commande profond\u00e9ment l\u2019\u00e9volution de notre soci\u00e9t\u00e9 clair-obscur.<\/p>\n<p>Chaque protagoniste a son analyse qui, chose normale, ne se retrouve pas g\u00e9n\u00e9ralement chez l\u2019autre. L\u2019anormal est qu\u2019elle soit marqu\u00e9e par une distension, plus ou moins importante, par laquelle apparaissent des d\u00e9crochements et des zones de faiblesses qui n\u2019exclut aucune organisation politique. L\u2019amincissement de l\u2019\u00e9corce partisane est tel qu\u2019il devient difficile de croire que l\u2019article sept de la constitution d\u00e9termine l\u2019action actuelle des partis politiques pour assurer l\u2019encadrement de la population et sa formation pour g\u00e9rer les affaires publiques.<\/p>\n<p>Dissensions internes, recours aux tribunaux, r\u00e8glements de comptes en usant de la \u00ab\u00a0comm\u00a0\u00bb, violences, mercenariat politique, r\u00e9seaux occultes pour pr\u00e9parer la rel\u00e8ve et bien d\u2019autres maux dont la politique de nos jours souffre atrocement. C\u2019est l\u2019image que la politique se donne dans notre pays\u00a0; et dans le raz le bol qu\u2019elle provoque, tr\u00e8s rares sont celles et ceux qui en sortent pr\u00e9serv\u00e9s.<\/p>\n<p>Au d\u00e9nigrement perp\u00e9tr\u00e9 par les adversaires du changement d\u00e9mocratique s\u2019est ajout\u00e9 ce rel\u00e2chement structurel par lequel l\u2019article sept de la constitution s\u2019est trouv\u00e9 caduque de facto. Que certains esprits ne se gargarisent pas de cette situation, surtout quand ils sont brid\u00e9s, soit par leurs v\u00e9rit\u00e9s et certitudes qui se refl\u00e8tent dans un r\u00e9troviseur de plus en plus d\u00e9formant, soit par ce m\u00e9pris hautain et technocrate des masses \u00ab\u00a0analphab\u00e8tes et ventre creux\u00a0\u00bb. La d\u00e9t\u00e9rioration du champ politique national ne peut apporter ni \u00e0 eux ni \u00e0 personne une quelconque satisfaction. Elle ne peut \u00eatre que r\u00e9actionnaire et porteuse de culbutes dans la consolidation du processus d\u00e9mocratique. Les ratages qui en seraient la cons\u00e9quence ne peuvent que retarder l\u2019\u00e9mergence socio\u00e9conomique du pays et l\u2019\u00e9dification de l\u2019Etat national d\u00e9mocratique et moderne, o\u00f9 se promeut la justice sociale et se d\u00e9veloppe le bien\u00eatre pour l\u2019ensemble de la nation.<\/p>\n<p>Loin de pratiquer une fuite en avant pour \u00e9viter ce qui d\u00e9plait ou ne pas vouloir prendre en compte ce qui se passe autour de soi, il s\u2019agit d\u2019affronter l\u2019am\u00e8re r\u00e9alit\u00e9\u00a0; en d\u00e9noncer les fomenteurs et mettre en \u0153uvre un assainissement salvateur. Car, comme pour le mouvement de la Terre, on peut le dire aussi pour la politique: \u00ab et pourtant elle tourne\u00a0\u00bb\u00a0; et il ne faudrait pas qu\u2019elle fasse tourner les t\u00eates. On ne peut l\u2019aplanir en l\u2019\u00e9rodant jusqu\u2019\u00e0 la limiter \u00e0 un discours flagorneur et mensonger menant \u00ab\u00a0aux d\u00e9rives de la vanit\u00e9\u00a0\u00bb sans se demander, comme le souligne le discours de Sa Majest\u00e9 le Roi dans son discours du 30 juillet 2014 \u00e0 l\u2019occasion de la F\u00eate du Tr\u00f4ne, si\u00a0\u00ab\u00a0le citoyen marocain, qu\u2019elle que soit sa situation mat\u00e9rielle ou sociale, et o\u00f9 qu\u2019il se trouve, dans le village et dans la ville, sent une am\u00e9lioration concr\u00e8te dans son v\u00e9cu quotidien, gr\u00e2ce \u00e0 ces chantiers et \u00e0 ces r\u00e9formes\u00a0\u00bb.<\/p>\n<p>Aux m\u00e9cr\u00e9ants de toujours \u00e0 l\u2019encontre de la consolidation du\u00a0 processus d\u00e9mocratique au Maroc; \u00e0 celles et \u00e0 ceux qui pratiquent la \u00ab\u00a0grogne de salon\u00a0\u00bb autant que l\u2019abstention lors des op\u00e9rations \u00e9lectorales, aux opportunistes de tout bord, fossoyeurs de la politique et pr\u00e9dateurs des richesses nationales, la mobilisation des forces vives et saines de la nation \u00a0se renforcera dans la clart\u00e9 et l\u2019engagement pour r\u00e9aliser ce qui est pr\u00e9conis\u00e9 dans la premi\u00e8re phrase du pr\u00e9ambule de la constitution: \u00ab\u00a0Fid\u00e8le \u00e0 son choix irr\u00e9versible de construire un \u00c9tat de droit d\u00e9mocratique, le Royaume du Maroc poursuit r\u00e9solument le processus de consolidation et de renforcement des institutions d\u2019un \u00c9tat moderne, ayant pour fondements les principes de participation, de pluralisme et de bonne gouvernance\u00a0\u00bb. Une participation massive, consciente, responsable et enthousiaste\u00a0; un v\u00e9ritable pluralisme o\u00f9 la bonne gouvernance conduit \u00e0 la construction d\u2019un Etat de droit, moderne et d\u00e9mocratique.<\/p>\n","protected":false},"excerpt":{"rendered":"<p>Par\u00a0Mustapha LABRAIMI Telle la tectonique des plaques, la configuration du champ politique national continue \u00e0 interagir subrepticement avec la manifestation superficielle du rapport de forces qui commande profond\u00e9ment l\u2019\u00e9volution de notre soci\u00e9t\u00e9 clair-obscur. Chaque protagoniste a son analyse qui, chose normale, ne se retrouve pas g\u00e9n\u00e9ralement chez l\u2019autre. L\u2019anormal est qu\u2019elle soit marqu\u00e9e par une [&hellip;]<\/p>\n","protected":false},"author":1,"featured_media":5897,"comment_status":"open","ping_status":"open","sticky":false,"template":"","format":"standard","meta":{"footnotes":""},"categories":[18],"tags":[],"class_list":["post-7154","post","type-post","status-publish","format-standard","has-post-thumbnail","hentry","category-point-de-vue"],"_links":{"self":[{"href":"https:\/\/pps.ma\/fr\/wp-json\/wp\/v2\/posts\/7154","targetHints":{"allow":["GET"]}}],"collection":[{"href":"https:\/\/pps.ma\/fr\/wp-json\/wp\/v2\/posts"}],"about":[{"href":"https:\/\/pps.ma\/fr\/wp-json\/wp\/v2\/types\/post"}],"author":[{"embeddable":true,"href":"https:\/\/pps.ma\/fr\/wp-json\/wp\/v2\/users\/1"}],"replies":[{"embeddable":true,"href":"https:\/\/pps.ma\/fr\/wp-json\/wp\/v2\/comments?post=7154"}],"version-history":[{"count":1,"href":"https:\/\/pps.ma\/fr\/wp-json\/wp\/v2\/posts\/7154\/revisions"}],"predecessor-version":[{"id":7155,"href":"https:\/\/pps.ma\/fr\/wp-json\/wp\/v2\/posts\/7154\/revisions\/7155"}],"wp:featuredmedia":[{"embeddable":true,"href":"https:\/\/pps.ma\/fr\/wp-json\/wp\/v2\/media\/5897"}],"wp:attachment":[{"href":"https:\/\/pps.ma\/fr\/wp-json\/wp\/v2\/media?parent=7154"}],"wp:term":[{"taxonomy":"category","embeddable":true,"href":"https:\/\/pps.ma\/fr\/wp-json\/wp\/v2\/categories?post=7154"},{"taxonomy":"post_tag","embeddable":true,"href":"https:\/\/pps.ma\/fr\/wp-json\/wp\/v2\/tags?post=7154"}],"curies":[{"name":"wp","href":"https:\/\/api.w.org\/{rel}","templated":true}]}}