{"id":7159,"date":"2017-04-27T10:57:55","date_gmt":"2017-04-27T10:57:55","guid":{"rendered":"http:\/\/ppsmaroc.com\/fr\/?p=7159"},"modified":"2017-04-27T10:59:03","modified_gmt":"2017-04-27T10:59:03","slug":"inchallah","status":"publish","type":"post","link":"https:\/\/pps.ma\/fr\/7159\/","title":{"rendered":"Inch&rsquo;Allah"},"content":{"rendered":"<p><span style=\"color: #3366ff;\"><img loading=\"lazy\" decoding=\"async\" class=\"wp-image-1404 alignleft\" src=\"http:\/\/ppsmaroc.com\/fr\/wp-content\/uploads\/2012\/12\/Mustapha-Labraimi.jpg\" alt=\"\" width=\"229\" height=\"302\" srcset=\"https:\/\/pps.ma\/fr\/wp-content\/uploads\/2012\/12\/Mustapha-Labraimi.jpg 409w, https:\/\/pps.ma\/fr\/wp-content\/uploads\/2012\/12\/Mustapha-Labraimi-227x300.jpg 227w, https:\/\/pps.ma\/fr\/wp-content\/uploads\/2012\/12\/Mustapha-Labraimi-99x130.jpg 99w\" sizes=\"auto, (max-width: 229px) 100vw, 229px\" \/>Par Mustapha LABRAIMI<\/span><\/p>\n<p>Il n\u2019ya qu\u2019une seule esp\u00e8ce humaine \u00e0 la surface de la terre. Le sexe, la couleur, la religion, la richesse et la pauvret\u00e9, la politique, la b\u00eatise et la connerie comme l\u2019intelligence ne sont pas des caract\u00e8res distinctifs de cette esp\u00e8ce humaine, <em>Homo sapiens,<\/em> qui regroupe l\u2019ensemble de l\u2019humanit\u00e9. Cela est d\u00e9montr\u00e9 par la g\u00e9n\u00e9tique des populations humaines.<\/p>\n<p>Cet homme, dont le cerveau lui permet de penser, d\u2019imaginer et de raisonner, est arriv\u00e9 \u00e0 explorer l\u2019ensemble de la Terre, \u00e0 utiliser ses ressources et \u00e0 relever les d\u00e9fis que la nature lui faisait subir. La p\u00e9rennit\u00e9 de l\u2019esp\u00e8ce, sa d\u00e9mographie galopante sont ainsi assur\u00e9es par des inventions dont la plupart lui sont b\u00e9n\u00e9fiques. La menace qui risque de l\u2019an\u00e9antir est sa b\u00eatise d\u2019autant plus que ses conditions de vie sont in\u00e9galitaires et arbitraires.<\/p>\n<p>La vie, \u00e0 laquelle l\u2019homme tient, est appr\u00e9ci\u00e9e de milles fa\u00e7ons \u00e0 travers la plan\u00e8te. En g\u00e9n\u00e9ral, ceux qui vivent font que les autres survivent\u00a0; et de pierre \u00e0 missile, la bellig\u00e9rance s\u00e8me le trouble et la haine. Ce fl\u00e9au couve partout, d\u2019une mani\u00e8re d\u00e9clar\u00e9e ou \u00e0 l\u2019\u00e9tat larv\u00e9. Qu\u2019il soit maudit celui qui\u00a0 l\u2019incitera.<\/p>\n<p>Les diff\u00e9rentes formes de domination qui r\u00e9sultent des guerres portent en elles des formes d\u2019\u00e9mancipation qui luttent pour la lib\u00e9ration et les libert\u00e9s. Dans notre contr\u00e9e\u00a0; les luttes, port\u00e9es par l\u2019indignation des populations d\u00e9favoris\u00e9es et l\u2019engagement des forces progressistes se sont diversifi\u00e9es de la r\u00e9sistance au colonialisme \u00e0 l\u2019ind\u00e9pendance, de la lutte pour la confirmation de la souverainet\u00e9 nationale sur l\u2019int\u00e9gralit\u00e9 du territoire national \u00e0 l\u2019engagement pour l\u2019\u00e9dification de l\u2019Etat national, d\u00e9mocratique et moderne. A partir des ann\u00e9es 70 du si\u00e8cle pass\u00e9, l\u2019environnement et la d\u00e9mocratie sont devenues des revendications impos\u00e9es par la mondialisation. Tout le monde s\u2019y est plus ou moins adapt\u00e9, changeant son aspect et son discours mais gardant au profond de lui-m\u00eame, le feu sacr\u00e9 qui l\u2019anime. C\u2019est ce qui d\u00e9termine en fin de compte l\u2019architecture du champ politique national. C\u2019est sur cette base qu\u2019il faut s\u2019enraciner pour ne pas passer au compte\u00a0 de pertes et profits.<\/p>\n<p>Tout le monde en consent, seule la mort est \u00e9galitaire\u00a0; et la d\u00e9mocratie ne fait que favoriser les conditions d\u2019une mort digne. Un logement salubre et confortable, une bonne sant\u00e9, une \u00e9ducation et une formation pour vivre en phase avec son temps et un emploi pour \u00eatre utile \u00e0 soi-m\u00eame et \u00e0 la soci\u00e9t\u00e9. Cela c\u2019est pour vivre, c\u2019est n\u00e9cessaire\u00a0; le reste, c\u2019est pour l\u2019\u00e9panouissement. La d\u00e9mocratie ne peut pas transformer la plan\u00e8te en \u00e9den. On ne peut exiger d\u2019elle ce qu\u2019elle ne peut absolument pas r\u00e9aliser. Elle est autant d\u00e9pendante de plusieurs facteurs endog\u00e8nes \u00e0 la soci\u00e9t\u00e9 que de facteurs qui lui sont exog\u00e8nes. Poreuse, perm\u00e9able et mall\u00e9able, elle se d\u00e9forme, sans revenir \u00e0 sa forme initiale, beaucoup plus par les envol\u00e9es discursives que par la vertu et la force des actes. L\u2019oubli, l\u2019aggravation des conditions de vie et leur p\u00e9nibilit\u00e9 la servent pour effacer les injonctions et les promesses d\u2019hier et\/ou d\u2019aujourd\u2019hui pour reformater la population selon le logiciel du \u00ab\u00a0seul horizon du bien politique\u00a0\u00bb.<\/p>\n<p>Se trompent lourdement celles et ceux qui croient que la d\u00e9mocratie se r\u00e9alise seulement du fait qu\u2019elle est \u00e0 l\u2019ordre du jour\u00a0 et telle qu\u2019ils (elles) se l\u2019imaginent\u00a0!<\/p>\n<p>Tout cela pour comprendre que l\u2019on est arriv\u00e9 \u00e0 illustrer ce que d\u00e9finissait Joseph A. Schumpeter, en 1942, dans \u00ab\u00a0Capitalisme, Socialisme et D\u00e9mocratie\u00a0\u00bb: \u00ab\u00a0\u2026 le r\u00f4le du peuple consiste \u00e0 accoucher d\u2019un gouvernement ou, alternativement, d\u2019un organisme interm\u00e9diaire qui, \u00e0 son tour, accouchera d\u2019un pouvoir ex\u00e9cutif national, c\u2019est-\u00e0-dire d\u2019un gouvernement. Et nous en arrivons \u00e0 notre d\u00e9finition : la m\u00e9thode d\u00e9mocratique est le syst\u00e8me institutionnel, aboutissant, dans lequel des individus acqui\u00e8rent le pouvoir de statuer sur des d\u00e9cisions \u00e0 l\u2019issue d\u2019une lutte concurrentielle portant sur les votes des peuples \u00bb.<\/p>\n<p>Comme disait l\u2019autre, une nouvelle page s\u2019ouvre dans l\u2019histoire de notre pays pour l\u2019application de la m\u00e9thode d\u00e9mocratique\u00a0; dans l\u2019attente que le processus d\u00e9mocratique, dans sa r\u00e9alisation m\u00e9andriforme, puisse aboutir \u00e0 sa consolidation Inch&rsquo;Allah.<\/p>\n<p>&nbsp;<\/p>\n","protected":false},"excerpt":{"rendered":"<p>Par Mustapha LABRAIMI Il n\u2019ya qu\u2019une seule esp\u00e8ce humaine \u00e0 la surface de la terre. Le sexe, la couleur, la religion, la richesse et la pauvret\u00e9, la politique, la b\u00eatise et la connerie comme l\u2019intelligence ne sont pas des caract\u00e8res distinctifs de cette esp\u00e8ce humaine, Homo sapiens, qui regroupe l\u2019ensemble de l\u2019humanit\u00e9. Cela est d\u00e9montr\u00e9 [&hellip;]<\/p>\n","protected":false},"author":1,"featured_media":1404,"comment_status":"open","ping_status":"open","sticky":false,"template":"","format":"standard","meta":{"footnotes":""},"categories":[18],"tags":[],"class_list":["post-7159","post","type-post","status-publish","format-standard","has-post-thumbnail","hentry","category-point-de-vue"],"_links":{"self":[{"href":"https:\/\/pps.ma\/fr\/wp-json\/wp\/v2\/posts\/7159","targetHints":{"allow":["GET"]}}],"collection":[{"href":"https:\/\/pps.ma\/fr\/wp-json\/wp\/v2\/posts"}],"about":[{"href":"https:\/\/pps.ma\/fr\/wp-json\/wp\/v2\/types\/post"}],"author":[{"embeddable":true,"href":"https:\/\/pps.ma\/fr\/wp-json\/wp\/v2\/users\/1"}],"replies":[{"embeddable":true,"href":"https:\/\/pps.ma\/fr\/wp-json\/wp\/v2\/comments?post=7159"}],"version-history":[{"count":2,"href":"https:\/\/pps.ma\/fr\/wp-json\/wp\/v2\/posts\/7159\/revisions"}],"predecessor-version":[{"id":7161,"href":"https:\/\/pps.ma\/fr\/wp-json\/wp\/v2\/posts\/7159\/revisions\/7161"}],"wp:featuredmedia":[{"embeddable":true,"href":"https:\/\/pps.ma\/fr\/wp-json\/wp\/v2\/media\/1404"}],"wp:attachment":[{"href":"https:\/\/pps.ma\/fr\/wp-json\/wp\/v2\/media?parent=7159"}],"wp:term":[{"taxonomy":"category","embeddable":true,"href":"https:\/\/pps.ma\/fr\/wp-json\/wp\/v2\/categories?post=7159"},{"taxonomy":"post_tag","embeddable":true,"href":"https:\/\/pps.ma\/fr\/wp-json\/wp\/v2\/tags?post=7159"}],"curies":[{"name":"wp","href":"https:\/\/api.w.org\/{rel}","templated":true}]}}