{"id":7166,"date":"2017-05-19T10:04:03","date_gmt":"2017-05-19T10:04:03","guid":{"rendered":"http:\/\/ppsmaroc.com\/fr\/?p=7166"},"modified":"2017-05-19T10:04:03","modified_gmt":"2017-05-19T10:04:03","slug":"evolution","status":"publish","type":"post","link":"https:\/\/pps.ma\/fr\/7166\/","title":{"rendered":"\u00c9volution"},"content":{"rendered":"<p><span style=\"color: #3366ff;\"><img loading=\"lazy\" decoding=\"async\" class=\" wp-image-5897 alignright\" src=\"http:\/\/ppsmaroc.com\/fr\/wp-content\/uploads\/2014\/05\/Mustapha-Labraimi-2.jpg\" alt=\"\" width=\"211\" height=\"258\" srcset=\"https:\/\/pps.ma\/fr\/wp-content\/uploads\/2014\/05\/Mustapha-Labraimi-2.jpg 264w, https:\/\/pps.ma\/fr\/wp-content\/uploads\/2014\/05\/Mustapha-Labraimi-2-245x300.jpg 245w\" sizes=\"auto, (max-width: 211px) 100vw, 211px\" \/>Par Mustapha LABRAIMI<\/span><\/p>\n<p>Apr\u00e8s l\u2019\u00e9lection de Donald Trump en tant que pr\u00e9sident des Etats Unis d\u2019Am\u00e9rique, Emmanuel Macron vient d\u2019\u00eatre port\u00e9 \u00e0 la pr\u00e9sidence de la R\u00e9publique Fran\u00e7aise sans le support au pr\u00e9alable d\u2019un parti politique. Ce constat a soulev\u00e9 des interrogations sur l\u2019utilit\u00e9 des partis politiques au moment o\u00f9 l\u2019humanit\u00e9, dans sa tr\u00e8s grande majorit\u00e9, semble n\u00e9gocier une inflexion dans sa trajectoire de vie.<\/p>\n<p>Les changements v\u00e9cus ou subis suite \u00e0 la globalisation ont provoqu\u00e9 la modification des configurations politiques pr\u00e9existantes. Ce n\u2019est pas seulement le \u00ab\u00a0P\u00e9n\u00e9lope gate\u00a0\u00bb et la guerre des chefs qui ont conduit les deux principaux courants politiques en France \u00e0 ne pas \u00eatre repr\u00e9sent\u00e9s au deuxi\u00e8me tour de l\u2019\u00e9lection pr\u00e9sidentielle. La d\u00e9fiance envers les hommes et les femmes politiques, qui s\u2019alternaient au pouvoir, est telle que la d\u00e9nonciation du \u00ab\u00a0syst\u00e8me\u00a0\u00bb et la volont\u00e9 d\u2019en faire table rase sont fortement pr\u00e9sentes par l\u2019identitaire fascisant ou l\u2019insoumission rebelle.<\/p>\n<p>Le d\u00e9passement de cette situation n\u2019est pas chose ais\u00e9e. La recomposition d\u2019en haut n\u2019implique pas une tautologie automatique au sein de la population. La mise en place de la Macronie devra affronter \u00ab\u00a0le troisi\u00e8me tour\u00a0\u00bb des l\u00e9gislatives en juin prochain. D\u2019ici l\u00e0, les interactions des uns et des autres constitueront la trame de la campagne \u00e9lectorale qui sera certainement aussi suivie que celle qui vient d\u2019aboutir. \u00c0 cette occasion, on entendra encore, \u00e0 travers les r\u00e9seaux sociaux, le bruissement des binationaux, eux et elles qui g\u00e9n\u00e9ralement pratiquent l\u2019abstention lors des \u00e9ch\u00e9ances \u00e9lectorales marocaines. Hommage \u00e0 \u00ab\u00a0nos anc\u00eatres les gaulois\u00a0\u00bb qui arrivent \u00e0 mobiliser des pesanteurs bien pensantes.<\/p>\n<p>Sous nos latitudes, certains responsables politiques citent d\u00e9j\u00e0 Emmanuel Macron comme une nouvelle r\u00e9f\u00e9rence \u00e0 prendre en consid\u00e9ration dans le formatage politique en cours dans notre pays depuis le scrutin du 7 octobre 2016 et ce qui s\u2019en est suivi. Les r\u00e9ajustements n\u00e9cessaires sont op\u00e9r\u00e9s sans aboutir \u00e0 une consolidation certaine de l\u2019acquis. Les consciences, chamboul\u00e9es par la m\u00e9tamorphose de l\u2019\u00e9go, n\u2019arrivent pas \u00e0 jouer le collectif pour le bien g\u00e9n\u00e9ral, diffus et anonyme. Au temps des festivals, les congr\u00e8s se suivent et ne se ressemblent plus\u00a0; chacun a sa m\u00e9thode pour pratiquer sa m\u00e9thodologie d\u00e9mocratique. Et si des pages sont tourn\u00e9es\u00a0; les nouvelles feuilles resteront blanches \u00e0 d\u00e9faut d\u2019\u00e9criture. Car, \u00e0 force de banalisation, les leaders ne servent plus \u00e0 rien, si ce n\u2019est pour avaler et faire avaler des pythons.<\/p>\n<p>Dans un cadre plus g\u00e9n\u00e9ral, le boomerang lanc\u00e9 il y a quelques temps pour r\u00e9gler certains comptes identitaires revient en pleine figure de l\u2019ensemble. Sur la base de revendications qui sont celles de la plus grande majorit\u00e9 du peuple marocain\u00a0; mais, suite \u00e0 des manipulations politiques, leurs instrumentalisations trouvent un \u00e9cho amplifi\u00e9 \u00e0 l\u2019ext\u00e9rieur des zones o\u00f9 le charriage politique a \u00e9t\u00e9 pratiqu\u00e9 autant que le g\u00e9ologique il y a fort longtemps. Des comportements qui reniaient \u00e0 l\u2019Etat son pouvoir r\u00e9galien, des attitudes antid\u00e9mocratiques et anticonstitutionnelles ont ainsi conduit \u00e0 l\u2019effacement de tout interm\u00e9diaire institutionnel capable de promouvoir le dialogue, seul moyen de trouver les consensus n\u00e9cessaires entre la l\u00e9gitimit\u00e9 des aspirations et la mise en \u0153uvre des plans de d\u00e9veloppement aussi urgents soient-ils. Unis dans et pour l\u2019int\u00e9grit\u00e9\u00a0territoriale du royaume\u00a0; unis pour la consolidation du processus d\u00e9mocratique dans tous ses aspects, politique, \u00e9conomique, social et culturel\u00a0; pour le bien\u00eatre et la justice sociale.<\/p>\n<p>D\u2019autres, simples observateurs, pensent que nous sommes ali\u00e9n\u00e9s par notre sous-d\u00e9veloppement structurel et que le suivisme marque les changements que l\u2019on observe sans que cela puisse intervenir dans une transformation en profondeur et r\u00e9elle de la soci\u00e9t\u00e9 marocaine. Celle-ci s\u2019effectuera en fonction de l\u2019importance donn\u00e9e \u00e0 deux secteurs\u00a0: la sant\u00e9 et l\u2019\u00e9ducation. La sant\u00e9 se trouve encore entre \u00ab\u00a0les mains de Dieu\u00a0\u00bb malgr\u00e9 quelques aspects ros\u00e2tres qui ne suffisent pas pour respecter les normes de l\u2019OMS dans l\u2019encadrement sanitaire de la population et \u00e0 son acc\u00e8s aux services sanitaires. L\u2019\u00e9ducation se trouve dirig\u00e9e par un membre \u00e9minent de la technostructure nationale dans une mission r\u00e9v\u00e9latrice de ce que sera l\u2019avenir du Maroc. A l\u2019aune des mesures qui seront prises pour relever la formation et\u00a0 l\u2019\u00e9ducation nationale, du pr\u00e9scolaire \u00e0 l\u2019enseignement sup\u00e9rieur, le jugement se fera sur l\u2019\u00e9mergence du Maroc et la capacit\u00e9 de sa soci\u00e9t\u00e9 \u00e0 s\u2019approprier son \u00e9volution vers la d\u00e9mocratie et la modernit\u00e9.<\/p>\n","protected":false},"excerpt":{"rendered":"<p>Par Mustapha LABRAIMI Apr\u00e8s l\u2019\u00e9lection de Donald Trump en tant que pr\u00e9sident des Etats Unis d\u2019Am\u00e9rique, Emmanuel Macron vient d\u2019\u00eatre port\u00e9 \u00e0 la pr\u00e9sidence de la R\u00e9publique Fran\u00e7aise sans le support au pr\u00e9alable d\u2019un parti politique. Ce constat a soulev\u00e9 des interrogations sur l\u2019utilit\u00e9 des partis politiques au moment o\u00f9 l\u2019humanit\u00e9, dans sa tr\u00e8s grande [&hellip;]<\/p>\n","protected":false},"author":1,"featured_media":5897,"comment_status":"open","ping_status":"open","sticky":false,"template":"","format":"standard","meta":{"footnotes":""},"categories":[18],"tags":[],"class_list":["post-7166","post","type-post","status-publish","format-standard","has-post-thumbnail","hentry","category-point-de-vue"],"_links":{"self":[{"href":"https:\/\/pps.ma\/fr\/wp-json\/wp\/v2\/posts\/7166","targetHints":{"allow":["GET"]}}],"collection":[{"href":"https:\/\/pps.ma\/fr\/wp-json\/wp\/v2\/posts"}],"about":[{"href":"https:\/\/pps.ma\/fr\/wp-json\/wp\/v2\/types\/post"}],"author":[{"embeddable":true,"href":"https:\/\/pps.ma\/fr\/wp-json\/wp\/v2\/users\/1"}],"replies":[{"embeddable":true,"href":"https:\/\/pps.ma\/fr\/wp-json\/wp\/v2\/comments?post=7166"}],"version-history":[{"count":1,"href":"https:\/\/pps.ma\/fr\/wp-json\/wp\/v2\/posts\/7166\/revisions"}],"predecessor-version":[{"id":7167,"href":"https:\/\/pps.ma\/fr\/wp-json\/wp\/v2\/posts\/7166\/revisions\/7167"}],"wp:featuredmedia":[{"embeddable":true,"href":"https:\/\/pps.ma\/fr\/wp-json\/wp\/v2\/media\/5897"}],"wp:attachment":[{"href":"https:\/\/pps.ma\/fr\/wp-json\/wp\/v2\/media?parent=7166"}],"wp:term":[{"taxonomy":"category","embeddable":true,"href":"https:\/\/pps.ma\/fr\/wp-json\/wp\/v2\/categories?post=7166"},{"taxonomy":"post_tag","embeddable":true,"href":"https:\/\/pps.ma\/fr\/wp-json\/wp\/v2\/tags?post=7166"}],"curies":[{"name":"wp","href":"https:\/\/api.w.org\/{rel}","templated":true}]}}