{"id":7171,"date":"2017-06-01T18:55:00","date_gmt":"2017-06-01T18:55:00","guid":{"rendered":"http:\/\/ppsmaroc.com\/fr\/?p=7171"},"modified":"2017-06-01T18:55:00","modified_gmt":"2017-06-01T18:55:00","slug":"abord","status":"publish","type":"post","link":"https:\/\/pps.ma\/fr\/7171\/","title":{"rendered":"Abord"},"content":{"rendered":"<p>&nbsp;<\/p>\n<p><span style=\"color: #3366ff;\"><img loading=\"lazy\" decoding=\"async\" class=\" wp-image-5897 alignleft\" src=\"http:\/\/ppsmaroc.com\/fr\/wp-content\/uploads\/2014\/05\/Mustapha-Labraimi-2.jpg\" alt=\"\" width=\"185\" height=\"226\" srcset=\"https:\/\/pps.ma\/fr\/wp-content\/uploads\/2014\/05\/Mustapha-Labraimi-2.jpg 264w, https:\/\/pps.ma\/fr\/wp-content\/uploads\/2014\/05\/Mustapha-Labraimi-2-245x300.jpg 245w\" sizes=\"auto, (max-width: 185px) 100vw, 185px\" \/>Par Mustapha LABRAIMI<\/span><\/p>\n<p>Tout le monde reconnait la r\u00e9alit\u00e9 du mouvement social que conna\u00eet le Maroc ces derniers temps\u00a0; particuli\u00e8rement \u00e0 Al Hoceima, mais aussi partout ailleurs. Une insuffisance patente dans les politiques publiques sociales, un d\u00e9ficit de gouvernance des pouvoirs publics et une absence de l\u2019interm\u00e9diation institutionnelle pour r\u00e9soudre les conflits d\u00e9s leur apparition. Il faudrait aussi souligner qu\u2019avec les libert\u00e9s acquises, m\u00eame dans leur relativit\u00e9, l\u2019espace public est devenu de plus en plus un lieu privil\u00e9gi\u00e9 de l\u2019expression des attentes sociales, celle des revendications corporatistes ou des manifestations de solidarit\u00e9.<\/p>\n<p>Cette mobilisation protestataire montre aussi l\u2019indigence des organisations partisanes et syndicales dans l\u2019encadrement des populations ainsi que l\u2019\u00e9chec des notables coutumiers ou nouvellement \u00e9tablis pour donner \u00e0 la d\u00e9mocratie repr\u00e9sentative la l\u00e9gitimation n\u00e9cessaire assurant l\u2019implication de l\u2019ensemble, ou tout au moins du plus grand nombre, dans le processus d\u00e9mocratique.<\/p>\n<p>Le marasme qui a marqu\u00e9 le champ politique, particuli\u00e8rement apr\u00e8s le scrutin du sept octobre 2016, a permis la fixation du dossier revendicatif d\u2019Al Hoceima autour d\u2019une individualit\u00e9\u00a0 qui, \u00e0 l\u2019\u00e9couter, se cherche \u00e0 travers les m\u00e9andres du v\u00e9cu rifain. Sa faconde traduit, beaucoup plus qu\u2019autre chose, un ressenti aliment\u00e9 par la chaleur communicative des \u00e9chos du mouvement \u00e0 l\u2019ext\u00e9rieur du pays. Aucun horizon n\u2019\u00e9tait envisag\u00e9 clairement pour mettre fin \u00e0 ces manifestations qui devenaient de plus en plus \u00ab\u00a0un bras de fer\u00a0\u00bb avec les autorit\u00e9s territoriales. L\u2019apparition de gorilles habill\u00e9s en noir aux c\u00f4t\u00e9s de l\u2019enfant prodige donnait \u00e0 la sc\u00e8ne qui se d\u00e9roulait sa solennit\u00e9 dramatique. Du leitmotiv de la satisfaction des aspirations \u00e0 une vie meilleure de la population, le discours glissait vers la revendication du martyr. Le leader de la contestation populaire au Maroc, comme il est pr\u00e9sent\u00e9 par certains m\u00e9dias outre-m\u00e9diterran\u00e9e, se mettait ainsi sur une trajectoire de chute libre, \u00e0 d\u00e9faut de mener et de faire aboutir des n\u00e9gociations au profit des populations et du territoire. Dans sa logique de zaim, il se devait de r\u00e9tablir les propos d\u2019un imam en plein pr\u00eache du vendredi. Il tr\u00e9bucha\u00a0; le s\u00e9curitaire s\u2019en occupa en toute l\u00e9galit\u00e9.<\/p>\n<p>Ce sc\u00e9nario de mauvaise facture rappelle ce qui s\u2019est pass\u00e9 au Maroc et ailleurs au si\u00e8cle dernier. On trouvera dans les rapports de la Commission nationale pour la v\u00e9rit\u00e9, l&rsquo;\u00e9quit\u00e9 et la r\u00e9conciliation la description des atrocit\u00e9s v\u00e9cues et les recommandations pr\u00e9conis\u00e9es pour \u00ab\u00a0garantir la non r\u00e9p\u00e9tition des violations, d\u2019effacer leurs s\u00e9quelles, de restaurer et de renforcer la confiance dans les institutions et le respect de la r\u00e8gle de droit et des droits de l\u2019Homme.\u00a0\u00bb.<\/p>\n<p>Le royaume a \u00e9t\u00e9 pr\u00e9serv\u00e9 des soubresauts \u00e9meutiers gr\u00e2ce \u00e0 la mise en \u0153uvre d\u2019un processus d\u00e9mocratique dont le champ semble se r\u00e9tr\u00e9cir suite \u00e0 des manipulations non innocentes. A lire une personnalit\u00e9 qui semble connaitre des faits que le marocain lambda ignore, l\u2019approche par \u00ab\u00a0le passe\u00a0\u00bb a men\u00e9e \u00e0 l\u2019impasse, si l\u2019on peut dire. Il est temps de revenir \u00e0 une politique non normative pour r\u00e9ussir la transition d\u00e9mocratique dans le cadre de la consolidation de l\u2019Etat national d\u00e9mocratique et moderne.<\/p>\n<p>Les conclusions du rapport du Cinquantenaire sont encore pertinentes dans leur grande majorit\u00e9 et les recommandations de l\u2019Instance Equit\u00e9 et R\u00e9conciliation sont ad\u00e9quates pour \u00e9viter tout d\u00e9rapage par l\u2019instauration \u00a0du dialogue et la recherche de consensus conduisant au d\u00e9passement des situations de crise. \u00a0La maturation de la m\u00e9thodologie d\u00e9mocratique devra permettre aux politiques d\u2019agir sur eux-m\u00eames pour sortir de la culture de la d\u00e9nonciation pr\u00f4n\u00e9e dans une posture de radicalit\u00e9 conduisant au nihilisme. C\u2019est par l\u2019interm\u00e9diaire des partis politiques que la population s\u2019exprime et c\u2019est eux qui accordent leurs accr\u00e9ditations aux \u00e9lections. Dans ce cadre, la reddition des comptes doit permettre l\u2019assainissement du champ politique et sa moralisation et non la domestication d\u2019organisations dont l\u2019existence et le r\u00f4le sont d\u00e9finis clairement par la constitution.<\/p>\n<p>Les efforts entrepris doivent aboutir aussi bien \u00e0 l\u2019acquisition des infrastructures n\u00e9cessaires \u00e0 l\u2019\u00e9mergence du pays qu\u2019\u00e0 la transformation de sa soci\u00e9t\u00e9 en comblant tous les d\u00e9ficits enregistr\u00e9s dans les politiques sociales au niveau des populations et des territoires. La citoyennet\u00e9 est politique, \u00e9conomique, sociale et culturelle. Elle se construit dans une dynamique d\u00e9mocratique qui donne le temps au temps sans perdre du temps, dans le calme et la stabilit\u00e9.<\/p>\n<p>&nbsp;<\/p>\n","protected":false},"excerpt":{"rendered":"<p>&nbsp; Par Mustapha LABRAIMI Tout le monde reconnait la r\u00e9alit\u00e9 du mouvement social que conna\u00eet le Maroc ces derniers temps\u00a0; particuli\u00e8rement \u00e0 Al Hoceima, mais aussi partout ailleurs. Une insuffisance patente dans les politiques publiques sociales, un d\u00e9ficit de gouvernance des pouvoirs publics et une absence de l\u2019interm\u00e9diation institutionnelle pour r\u00e9soudre les conflits d\u00e9s leur [&hellip;]<\/p>\n","protected":false},"author":1,"featured_media":5897,"comment_status":"open","ping_status":"open","sticky":false,"template":"","format":"standard","meta":{"footnotes":""},"categories":[18],"tags":[],"class_list":["post-7171","post","type-post","status-publish","format-standard","has-post-thumbnail","hentry","category-point-de-vue"],"_links":{"self":[{"href":"https:\/\/pps.ma\/fr\/wp-json\/wp\/v2\/posts\/7171","targetHints":{"allow":["GET"]}}],"collection":[{"href":"https:\/\/pps.ma\/fr\/wp-json\/wp\/v2\/posts"}],"about":[{"href":"https:\/\/pps.ma\/fr\/wp-json\/wp\/v2\/types\/post"}],"author":[{"embeddable":true,"href":"https:\/\/pps.ma\/fr\/wp-json\/wp\/v2\/users\/1"}],"replies":[{"embeddable":true,"href":"https:\/\/pps.ma\/fr\/wp-json\/wp\/v2\/comments?post=7171"}],"version-history":[{"count":1,"href":"https:\/\/pps.ma\/fr\/wp-json\/wp\/v2\/posts\/7171\/revisions"}],"predecessor-version":[{"id":7172,"href":"https:\/\/pps.ma\/fr\/wp-json\/wp\/v2\/posts\/7171\/revisions\/7172"}],"wp:featuredmedia":[{"embeddable":true,"href":"https:\/\/pps.ma\/fr\/wp-json\/wp\/v2\/media\/5897"}],"wp:attachment":[{"href":"https:\/\/pps.ma\/fr\/wp-json\/wp\/v2\/media?parent=7171"}],"wp:term":[{"taxonomy":"category","embeddable":true,"href":"https:\/\/pps.ma\/fr\/wp-json\/wp\/v2\/categories?post=7171"},{"taxonomy":"post_tag","embeddable":true,"href":"https:\/\/pps.ma\/fr\/wp-json\/wp\/v2\/tags?post=7171"}],"curies":[{"name":"wp","href":"https:\/\/api.w.org\/{rel}","templated":true}]}}