{"id":7175,"date":"2017-06-07T14:45:13","date_gmt":"2017-06-07T14:45:13","guid":{"rendered":"http:\/\/ppsmaroc.com\/fr\/?p=7175"},"modified":"2017-06-07T14:56:48","modified_gmt":"2017-06-07T14:56:48","slug":"cohesion","status":"publish","type":"post","link":"https:\/\/pps.ma\/fr\/7175\/","title":{"rendered":"Coh\u00e9sion"},"content":{"rendered":"<p><span style=\"color: #3366ff;\">Par Mustapha LABRAIMI<\/span><br \/>\n<img loading=\"lazy\" decoding=\"async\" class=\"alignleft wp-image-5667 size-thumbnail\" src=\"http:\/\/ppsmaroc.com\/fr\/wp-content\/uploads\/2014\/03\/mustapha-labraimi-150x150.jpg\" alt=\"\" width=\"150\" height=\"150\" srcset=\"https:\/\/pps.ma\/fr\/wp-content\/uploads\/2014\/03\/mustapha-labraimi-150x150.jpg 150w, https:\/\/pps.ma\/fr\/wp-content\/uploads\/2014\/03\/mustapha-labraimi-90x90.jpg 90w\" sizes=\"auto, (max-width: 150px) 100vw, 150px\" \/>Dans notre modernit\u00e9 h\u00e9t\u00e9roclite, l&rsquo;utilisation des m\u00e9dias devient de plus en plus pr\u00e9sente, de plus en plus audacieuse et de plus en plus dangereuse. L&rsquo;agit-prop a \u00e9t\u00e9 ainsi universalis\u00e9e, pour tout et pour n&rsquo;importe quoi, \u00e0 travers les r\u00e9seaux sociaux dont l&#8217;emprise renferme l&rsquo;individu dans un isolement r\u00e9ducteur.<br \/>\nEn relation avec le mouvement revendicatif d&rsquo;Al Hoceima, l&rsquo;arrosage est permanent en vid\u00e9os, interventions, photos r\u00e9elles ou retouch\u00e9es. Chacun(e) allant de sa conviction, de son z\u00e8le et de ses fantasmes, pour apporter sa bonne parole sans toujours respecter la politesse, la rigueur et le respect qui doivent r\u00e9gir tout \u00e9change, aussi virtuel soit-il. On en devient blas\u00e9 tr\u00e8s vite, d&rsquo;autant que les partages multiplient la publication des m\u00eames annonces. L&rsquo;information devient parasit\u00e9e et la manipulation est rendue probable.<br \/>\nEn faisant abstraction des officiels de l&rsquo;agit-prop qui s&rsquo;engouffrent dans l&rsquo;\u00e9v\u00e9nement pour clarifier encore plus leur dessein, les \u00e9changes virtuels ont malheureusement raviv\u00e9 des dissensions que l&rsquo;on croyait disparues \u00e0 jamais depuis la mise en \u00e9chec du dahir berb\u00e8re de 1930 promulgu\u00e9 par la r\u00e9sidence g\u00e9n\u00e9rale du colonialisme.<br \/>\nIl n&rsquo;est de l&rsquo;int\u00e9r\u00eat de quiconque de porter atteinte \u00e0 la coh\u00e9sion de notre peuple. Cela ne peut \u00eatre tol\u00e9r\u00e9 par aucun(e) patriote. Le discernement doit pr\u00e9valoir pour que la manipulation, quelle que soit la forme qu&rsquo;elle puisse prendre, ne pr\u00e9vale et permettre aux adversaires de notre peuple de l&#8217;emp\u00eacher de consolider ses acquis vers l&rsquo;int\u00e9grit\u00e9 territoriale, la d\u00e9mocratie, le d\u00e9veloppement durable et la justice sociale.<br \/>\nLe mouvement social dans sa l\u00e9gitimit\u00e9 ne peut se laisser emprisonner par des scories de la lutte des masses populaires pour leur \u00e9mancipation et la satisfaction de leurs l\u00e9gitimes aspirations \u00e0 l&rsquo;\u00e9galit\u00e9 des personnes et des territoires. Les slogans enflamm\u00e9s pour se donner une personnalit\u00e9 autre que marocaine, l&rsquo;utilisation de drapeaux autres que celui du royaume, embl\u00e8me officiel de notre identit\u00e9 marocaine selon la constitution, les comportements antid\u00e9mocratiques pour emp\u00eacher toute autre parole que celle qui cro\u00eet \u00eatre tutrice du mouvement social, \u00e0 Al Hoceima, \u00e0 Frankfurt am Main ou ailleurs, constituent autant de d\u00e9rives que l&rsquo;action des commandos contre les manifestants ou l&rsquo;action d&rsquo;attiser le sentiment national par le rejet de l&rsquo;autre sur la base de son ethnie ou de sa militance. Que les extr\u00e9mistes de tout bord se le disent, le peuple marocain saura d\u00e9fendre son unit\u00e9 en affirmant sa coh\u00e9sion, lui qui a su vaincre toutes les politiques de division men\u00e9es contre son int\u00e9grit\u00e9 territoriale ou d\u00e9velopp\u00e9es \u00e0 partir de la diversit\u00e9 de ses composantes humaines. Notre richesse r\u00e9side dans ce capital humain dont les racines se trouvent aussi bien en Afrique qu&rsquo;en Europe et dont l&rsquo;histoire a montr\u00e9 autant la mobilit\u00e9 que la p\u00e9rennit\u00e9 de son organisation \u00e9tatique depuis des si\u00e8cles r\u00e9volus.<br \/>\nPour autant, l&rsquo;approfondissement et la consolidation de notre processus d\u00e9mocratique ne peuvent r\u00e9ussir sans l&rsquo;enracinement des partis politiques \u00e0 travers l&rsquo;ensemble du territoire, dans le respect de notre loi fondamentale et des dispositions r\u00e9gissant et garantissant leurs actions. Ni diabolisation, ni domestication, ni marginalisation, ni favoritisme. C&rsquo;est \u00e0 la population de faire ses choix librement, de les exprimer lors des \u00e9lections dont les r\u00e9sultats doivent \u00eatre respect\u00e9s. La sanction doit se faire \u00e0 ce niveau sans usages frauduleux, ni interventionnisme autoritaire, ni comportements mafieux. Le vote politique doit \u00eatre encourag\u00e9 pour que les programmes se diff\u00e9rencient et se prononcent sur les choix fondamentaux pour l&rsquo;\u00e9mancipation de notre soci\u00e9t\u00e9 et l&rsquo;\u00e9mergence de notre pays. Les \u00e9lites doivent \u00eatre m\u00e9ritantes et non corrompues et non ali\u00e9n\u00e9es. On ne peut changer un peuple en le\u00a0m\u00e9prisant, en le snobant, sans connaitre ses mis\u00e8res ni partager ses bonheurs. L&rsquo;am\u00e9nagement du territoire national doit \u00eatre men\u00e9 non pas seulement pour favoriser la relance et la croissance \u00e9conomique dans les zones o\u00f9 cela peut se faire rapidement ; mais aussi pour combler les d\u00e9ficits et marquer la solidarit\u00e9 entre les pays et les terroirs, en veillant \u00ab \u00e0 ce que chaque territoire dispose des moyens de surmonter ses fragilit\u00e9s et de d\u00e9velopper son potentiel en fonction de ses sp\u00e9cificit\u00e9s, au service de l&rsquo;\u00e9galit\u00e9 entre les citoyens et entre les territoires \u00bb. (Voir article 1 du d\u00e9cret n\u00b0 2017-1075 du 24 mai 2017 relatif aux attributions du ministre de la coh\u00e9sion des territoires en France).<\/p>\n","protected":false},"excerpt":{"rendered":"<p>Par Mustapha LABRAIMI Dans notre modernit\u00e9 h\u00e9t\u00e9roclite, l&rsquo;utilisation des m\u00e9dias devient de plus en plus pr\u00e9sente, de plus en plus audacieuse et de plus en plus dangereuse. L&rsquo;agit-prop a \u00e9t\u00e9 ainsi universalis\u00e9e, pour tout et pour n&rsquo;importe quoi, \u00e0 travers les r\u00e9seaux sociaux dont l&#8217;emprise renferme l&rsquo;individu dans un isolement r\u00e9ducteur. En relation avec le [&hellip;]<\/p>\n","protected":false},"author":1,"featured_media":5667,"comment_status":"open","ping_status":"open","sticky":false,"template":"","format":"standard","meta":{"footnotes":""},"categories":[18],"tags":[],"class_list":["post-7175","post","type-post","status-publish","format-standard","has-post-thumbnail","hentry","category-point-de-vue"],"_links":{"self":[{"href":"https:\/\/pps.ma\/fr\/wp-json\/wp\/v2\/posts\/7175","targetHints":{"allow":["GET"]}}],"collection":[{"href":"https:\/\/pps.ma\/fr\/wp-json\/wp\/v2\/posts"}],"about":[{"href":"https:\/\/pps.ma\/fr\/wp-json\/wp\/v2\/types\/post"}],"author":[{"embeddable":true,"href":"https:\/\/pps.ma\/fr\/wp-json\/wp\/v2\/users\/1"}],"replies":[{"embeddable":true,"href":"https:\/\/pps.ma\/fr\/wp-json\/wp\/v2\/comments?post=7175"}],"version-history":[{"count":4,"href":"https:\/\/pps.ma\/fr\/wp-json\/wp\/v2\/posts\/7175\/revisions"}],"predecessor-version":[{"id":7179,"href":"https:\/\/pps.ma\/fr\/wp-json\/wp\/v2\/posts\/7175\/revisions\/7179"}],"wp:featuredmedia":[{"embeddable":true,"href":"https:\/\/pps.ma\/fr\/wp-json\/wp\/v2\/media\/5667"}],"wp:attachment":[{"href":"https:\/\/pps.ma\/fr\/wp-json\/wp\/v2\/media?parent=7175"}],"wp:term":[{"taxonomy":"category","embeddable":true,"href":"https:\/\/pps.ma\/fr\/wp-json\/wp\/v2\/categories?post=7175"},{"taxonomy":"post_tag","embeddable":true,"href":"https:\/\/pps.ma\/fr\/wp-json\/wp\/v2\/tags?post=7175"}],"curies":[{"name":"wp","href":"https:\/\/api.w.org\/{rel}","templated":true}]}}