{"id":7217,"date":"2017-08-09T19:31:23","date_gmt":"2017-08-09T19:31:23","guid":{"rendered":"http:\/\/ppsmaroc.com\/fr\/?p=7217"},"modified":"2017-08-09T19:31:23","modified_gmt":"2017-08-09T19:31:23","slug":"dynamique","status":"publish","type":"post","link":"https:\/\/pps.ma\/fr\/7217\/","title":{"rendered":"Dynamique"},"content":{"rendered":"<p><span style=\"color: #3366ff;\">Par Mustapha LABRAIMI<\/span><\/p>\n<p><img loading=\"lazy\" decoding=\"async\" class=\" wp-image-1404 alignright\" src=\"http:\/\/ppsmaroc.com\/fr\/wp-content\/uploads\/2012\/12\/Mustapha-Labraimi.jpg\" alt=\"\" width=\"255\" height=\"337\" srcset=\"https:\/\/pps.ma\/fr\/wp-content\/uploads\/2012\/12\/Mustapha-Labraimi.jpg 409w, https:\/\/pps.ma\/fr\/wp-content\/uploads\/2012\/12\/Mustapha-Labraimi-227x300.jpg 227w, https:\/\/pps.ma\/fr\/wp-content\/uploads\/2012\/12\/Mustapha-Labraimi-99x130.jpg 99w\" sizes=\"auto, (max-width: 255px) 100vw, 255px\" \/>Alors que le ch\u00f4mage avance, le cas de nombreux Secr\u00e9taires d\u2019Etat dont les attributions ne sont pas encore l\u00e9gu\u00e9es pose probl\u00e8me \u00e0 celles et \u00e0 ceux qui r\u00eavent de le devenir un jour. Dans ce genre de situation, le pr\u00e9requis pour que vos attribution officielles vous soient d\u00e9cid\u00e9es est le suivant\u00a0: \u00eatre du m\u00eame parti que son ministre, qui lui-m\u00eame vous a propos\u00e9 pour \u00eatre au gouvernement en tant que Secr\u00e9taire G\u00e9n\u00e9ral du parti, \u00eatre de sexe masculin et si\u00e9ger dans la m\u00eame structure de direction partisane.<\/p>\n<p>Les ministres int\u00e9ress\u00e9s s\u2019y refusent pour des raisons qui doivent relever du secret professionnel et s\u00fbrement d\u00e9passer le bon entendement du marocain lambda. Ne croyez pas que les int\u00e9ress\u00e9(e)s se plaignent de cette situation ou qu\u2019elles (ils) souffrent de d\u00e9s\u0153uvrement chronique. C\u2019est le stress qui les ronge tout simplement. On suppute que cela est d\u00fb \u00e0 la misogynie des uns et \u00e0 cette atmosph\u00e8re ao\u00fbtienne o\u00f9 l\u2019ambigu\u00eft\u00e9 est de mise.<\/p>\n<p>C\u2019est vrai que le champ politique national fermente\u00a0! Etant loin de toute transformation nucl\u00e9aire et n\u2019ob\u00e9issant pas \u00e0 la relativit\u00e9 restreinte, il ne peut que se soumettre \u00e0 la fameuse maxime de Lavoisier par laquelle \u00ab\u00a0rien ne se perd, rien ne se cr\u00e9e tout se transforme\u00a0\u00bb. Il y a d\u00e9j\u00e0 quelques temps que l\u2019\u00e9quilibre du syst\u00e8me r\u00e9actionnel politique issu du scrutin du 7 octobre 2017 s\u2019est d\u00e9plac\u00e9 d\u2019un acteur vers un autre, cens\u00e9 \u00eatre plus entreprenant. Les autres partis r\u00e9actants se trouvant pr\u00e9cipit\u00e9s dans le\u00a0\u00ab\u00a0wait and see\u00a0\u00bb\u00a0; prenant leur mal en patience et laissant le processus suivre son cours. Leur enthalpie (\u00e9nergie de mobilisation) \u00e9tant handicap\u00e9e par la forte entropie (d\u00e9sordre des constituants du syst\u00e8me partisan) qu\u2019ils enregistrent. Toutefois cette cin\u00e9tique ne peut conduire que l\u2019on paraphrase Saint Exup\u00e9ry afin de \u00ab\u00a0donner un sens au Maroc qui n\u2019a plus de rep\u00e8res\u00a0\u00bb. Cette expression d\u2019une d\u00e9ception dont les arguments ne sont pas certainement tous faux alt\u00e8re toutefois l\u2019enthousiasme. Critique et autocritique ne constituent-elles pas \u00ab\u00a0le seul moyen qu&rsquo;il y a de tirer toutes les le\u00e7ons de chaque exp\u00e9rience, en en recherchant les erreurs ou les faiblesses, en les analysant pour en d\u00e9couvrir les causes jusqu&rsquo;\u00e0 la racine afin de les corriger \u00bb. Encore faut-il \u00eatre engag\u00e9 dans l\u2019exp\u00e9rience pour l\u2019analyser objectivement sous tous ses aspects\u00a0; des conditions de son d\u00e9veloppement \u00e0 son aboutissement circonstanciel.<\/p>\n<p>Malgr\u00e9 la d\u00e9bauche de l\u2019op\u00e9ration \u00e9lectorale et ses cons\u00e9quences sur le fonctionnement des partis politiques, on ne peut croire et faire croire que le processus d\u00e9mocratique entam\u00e9 dans notre pays depuis presque deux g\u00e9n\u00e9rations est un artefact. Ce cheminement vers la d\u00e9mocratie, avec la vitesse et la trajectoire qui lui sont propres, est r\u00e9el. Il faut souligner que dans notre culture nationale pr\u00e9domine une certaine \u00e9valuation n\u00e9gative de l\u2019action politique, de la gouvernance et du fonctionnement des institutions et du degr\u00e9 de satisfaction des aspirations l\u00e9gitimes des masses populaires. Elle est la cons\u00e9quence logique des \u00ab\u00a0ann\u00e9es de plomb\u00a0\u00bb pendant lesquelles la gestion des affaires publiques ne consid\u00e9rait aucunement la n\u00e9cessit\u00e9 de l\u2019\u00e9dification \u00ab\u00a0d\u2019une soci\u00e9t\u00e9 solidaire o\u00f9 tous jouissent de la s\u00e9curit\u00e9, de la libert\u00e9, de l\u2019\u00e9galit\u00e9 des chances, du respect de leur dignit\u00e9 et de la justice sociale, dans le cadre du principe de corr\u00e9lation entre les droits et les devoirs de la citoyennet\u00e9\u00a0\u00bb comme le souligne le pr\u00e9ambule de la constitution.<\/p>\n<p>On ne peut faire abstraction des efforts consentis par notre peuple pour r\u00e9ussir sa transition vers la d\u00e9mocratie et la consolidation de l\u2019Etat national, d\u00e9mocratique et moderne. Une crise politique, aussi dure soit-elle, ne peut \u00e0 elle seule amener notre peuple \u00e0 se d\u00e9tacher encore plus de la lutte pour le changement d\u00e9mocratique. Le positionnement politique ne peut \u00eatre appr\u00e9ci\u00e9 que par les solutions propos\u00e9es pour sortir du goulot de la bouteille dans lequel se trouve la \u00ab\u00a0d\u00e9mocratie\u00a0\u00bb dans notre pays. Les \u00ab\u00a0r\u00e8glements de compte\u00a0\u00bb, gonfl\u00e9s par l\u2019usage des r\u00e9seaux sociaux ne peuvent constituer une base de relance de la lutte de notre peuple pour son \u00e9mancipation et son bien\u00eatre. Le raffermissement du lien social entre la population et celles et ceux qui la repr\u00e9sentent \u00e0 tous les niveaux et la juste r\u00e9partition de la richesse produite aussi bien entre les personnes qu\u2019entre les territoires devraient aboutir \u00e0 la mobilisation de notre peuple pour donner \u00e0 l\u2019enjeu d\u00e9mocratique tout son sens , aussi bien politique , \u00e9conomique, social et culturel. C\u2019est \u00e0 ce d\u00e9fi que doivent r\u00e9pondre les partis politique pour mettre en \u0153uvre dans sa globalit\u00e9 l\u2019article 7 de la constitution et participer ainsi \u00ab\u00a0\u00e0 l\u2019exercice du pouvoir, sur la base du pluralisme et de l\u2019alternance par les moyens d\u00e9mocratiques, dans le cadre des institutions constitutionnelles.\u00a0\u00bb.<\/p>\n<p>&nbsp;<\/p>\n","protected":false},"excerpt":{"rendered":"<p>Par Mustapha LABRAIMI Alors que le ch\u00f4mage avance, le cas de nombreux Secr\u00e9taires d\u2019Etat dont les attributions ne sont pas encore l\u00e9gu\u00e9es pose probl\u00e8me \u00e0 celles et \u00e0 ceux qui r\u00eavent de le devenir un jour. Dans ce genre de situation, le pr\u00e9requis pour que vos attribution officielles vous soient d\u00e9cid\u00e9es est le suivant\u00a0: \u00eatre [&hellip;]<\/p>\n","protected":false},"author":1,"featured_media":1404,"comment_status":"open","ping_status":"open","sticky":false,"template":"","format":"standard","meta":{"footnotes":""},"categories":[18],"tags":[],"class_list":["post-7217","post","type-post","status-publish","format-standard","has-post-thumbnail","hentry","category-point-de-vue"],"_links":{"self":[{"href":"https:\/\/pps.ma\/fr\/wp-json\/wp\/v2\/posts\/7217","targetHints":{"allow":["GET"]}}],"collection":[{"href":"https:\/\/pps.ma\/fr\/wp-json\/wp\/v2\/posts"}],"about":[{"href":"https:\/\/pps.ma\/fr\/wp-json\/wp\/v2\/types\/post"}],"author":[{"embeddable":true,"href":"https:\/\/pps.ma\/fr\/wp-json\/wp\/v2\/users\/1"}],"replies":[{"embeddable":true,"href":"https:\/\/pps.ma\/fr\/wp-json\/wp\/v2\/comments?post=7217"}],"version-history":[{"count":1,"href":"https:\/\/pps.ma\/fr\/wp-json\/wp\/v2\/posts\/7217\/revisions"}],"predecessor-version":[{"id":7218,"href":"https:\/\/pps.ma\/fr\/wp-json\/wp\/v2\/posts\/7217\/revisions\/7218"}],"wp:featuredmedia":[{"embeddable":true,"href":"https:\/\/pps.ma\/fr\/wp-json\/wp\/v2\/media\/1404"}],"wp:attachment":[{"href":"https:\/\/pps.ma\/fr\/wp-json\/wp\/v2\/media?parent=7217"}],"wp:term":[{"taxonomy":"category","embeddable":true,"href":"https:\/\/pps.ma\/fr\/wp-json\/wp\/v2\/categories?post=7217"},{"taxonomy":"post_tag","embeddable":true,"href":"https:\/\/pps.ma\/fr\/wp-json\/wp\/v2\/tags?post=7217"}],"curies":[{"name":"wp","href":"https:\/\/api.w.org\/{rel}","templated":true}]}}