{"id":7220,"date":"2017-08-11T15:45:58","date_gmt":"2017-08-11T15:45:58","guid":{"rendered":"http:\/\/ppsmaroc.com\/fr\/?p=7220"},"modified":"2017-08-11T15:45:58","modified_gmt":"2017-08-11T15:45:58","slug":"en-presence-de-si-ali","status":"publish","type":"post","link":"https:\/\/pps.ma\/fr\/7220\/","title":{"rendered":"En pr\u00e9sence de Si Ali \u2026"},"content":{"rendered":"<figure id=\"attachment_7221\" aria-describedby=\"caption-attachment-7221\" style=\"width: 610px\" class=\"wp-caption aligncenter\"><img loading=\"lazy\" decoding=\"async\" class=\"size-full wp-image-7221\" src=\"http:\/\/ppsmaroc.com\/fr\/wp-content\/uploads\/2017\/08\/Ali-Yata-et-Abdellah-Layachi.jpg\" alt=\"\" width=\"610\" height=\"318\" srcset=\"https:\/\/pps.ma\/fr\/wp-content\/uploads\/2017\/08\/Ali-Yata-et-Abdellah-Layachi.jpg 610w, https:\/\/pps.ma\/fr\/wp-content\/uploads\/2017\/08\/Ali-Yata-et-Abdellah-Layachi-300x156.jpg 300w\" sizes=\"auto, (max-width: 610px) 100vw, 610px\" \/><figcaption id=\"caption-attachment-7221\" class=\"wp-caption-text\">Ali Yata et Abdellah Layachi<\/figcaption><\/figure>\n<p><span style=\"color: #3366ff;\">Par LABRAIMI Mustapha<\/span><\/p>\n<p>Vingt ann\u00e9es apr\u00e8s sa disparition suite \u00e0 un tragique accident, la personnalit\u00e9 de Si Ali reste pr\u00e9sente aussi bien dans la m\u00e9moire du peuple marocain qu\u2019aupr\u00e8s de ses \u00e9lites. Un leader charismatique dont le r\u00f4le en faveur de l\u2019ind\u00e9pendance du Maroc et l\u2019action pour l\u2019\u00e9dification du Maroc moderne ont \u00e9t\u00e9 relev\u00e9s en mars dernier dans la lettre royale adress\u00e9e aux membres fondateurs de la Fondation Ali Yata.<\/p>\n<p>Pour Si Ali, l\u2019important est de se consacrer au service du pays et du peuple. Il croyait fermement que \u00ab\u00a0la d\u00e9mocratie marocaine avance, malgr\u00e9 toutes ses faiblesses.\u00a0\u00bb<\/p>\n<p>Sa d\u00e9nonciation argument\u00e9e des graves probl\u00e8mes que le pays affrontait \u00e9tait toujours accompagn\u00e9e de propositions constituant l\u2019alternative r\u00e9alisable. Le changement devant s\u2019\u00e9tablir par la pratique du \u00ab\u00a0compromis historique\u00a0\u00bb et l\u2019application du consensus entre les forces vives de la nation.<\/p>\n<p>Bas\u00e9e sur les concepts de lib\u00e9ration, du progr\u00e8s et du socialisme, la ligne politique de Si Ali est enti\u00e8rement d\u00e9vou\u00e9e \u00e0 la cause de notre peuple, \u00e0 la d\u00e9fense de ses int\u00e9r\u00eats nationaux et \u00e0 la lutte pour les revendications d\u00e9mocratiques, \u00e9conomiques, sociales et culturelles des masses populaires marocaines<\/p>\n<p>Pour Si Ali, le vrai patriotisme est de faire triompher la cause nationale et assurer sa d\u00e9fense tout en consolidant la d\u00e9mocratie et redresser la situation \u00e9conomique et sociale. La pr\u00e9servation du front national int\u00e9rieur, int\u00e9grale des imp\u00e9ratifs du Maroc, devenait la priorit\u00e9.<\/p>\n<p>L\u2019actualit\u00e9 de Si Ali pourrait se retrouver dans cette explication du processus d\u00e9mocratique qui \u00ab\u00a0est, une ar\u00e8ne o\u00f9 se d\u00e9roule la lutte des classes. L\u00e0 o\u00f9 certains essayent d\u2019arracher le plus possible de d\u00e9mocratie, c\u2019est-\u00e0-dire des droits et des acquis, pendant que d\u2019autres \u0153uvrent \u00e0 pr\u00e9server le plus possible leurs privil\u00e8ges en n\u2019en abandonnant certains qu\u2019apr\u00e8s des pressions multiples et r\u00e9p\u00e9t\u00e9es. Et lorsqu\u2019ils font des concessions, ils guettent pourtant l\u2019occasion ou la cr\u00e9ant et l\u2019exploitent pour revenir sur ce qu\u2019ils ont \u00e9t\u00e9 oblig\u00e9 de c\u00e9der. En d\u2019autres termes, le processus d\u00e9mocratique tel que nous l\u2019appr\u00e9hendons est une lutte qui oppose les progressistes aux conservateurs. Les acquis qui arrachent les premiers sont le reflet de l\u2019\u00e9tat du rapport des forces puisqu\u2019on ne peut obtenir que ce que le rapport des forces permet de remporter. D\u00e8s lors, toute appr\u00e9ciation erron\u00e9e de ce rapport des forces a des cons\u00e9quences. Les milieux dirigeants, qui sous-estiment les capacit\u00e9s des masses et les privent ou tentent de les priver de leurs droits d\u00e9mocratiques ne font que mettre de l\u2019huile sur le feu. Mais les milieux populaires qui surestiment leurs forces et leurs capacit\u00e9s et engagent des batailles sans en contr\u00f4ler les conditions du d\u00e9roulement, se lancent alors dans l\u2019aventurisme et s\u2019exposent d\u2019eux-m\u00eames \u00e0 la r\u00e9action.\u00a0\u00bb<\/p>\n<p>Si Ali remarquait d\u00e9j\u00e0 qu\u2019il y avait dans la pratique de ce processus \u00ab des insuffisances, des incoh\u00e9rences, des tentatives de retour en arri\u00e8re, favoris\u00e9e par une situation \u00e9conomique et sociale dangereuse et par des calculs politiques partisans, n\u00e9fastes \u00e0 la pr\u00e9servation des fruits des luttes et de la mobilisation de nos masses populaires.\u00a0\u00bb<\/p>\n<p>Seule la r\u00e9forme constitue la seule voie pour s\u2019en sortir\u00a0! Pour ne citer que celle-l\u00e0, la r\u00e9forme du syst\u00e8me \u00e9ducatif est une n\u00e9cessit\u00e9 urgente et absolue\u00a0; car pour Si Ali, \u00ab\u00a0appr\u00e9hender le (21<sup>\u00e8me<\/sup>) si\u00e8cle qui arrive, c\u2019est pr\u00e9parer la population \u00e0 assurer des t\u00e2ches et des responsabilit\u00e9s nouvelles en lui donnant la formation ad\u00e9quate\u00a0\u00bb<\/p>\n<p>Aux militants, et \u00e0 travers eux au Parti lui-m\u00eame, Si Ali recommandait qu\u2019ils \u00ab\u00a0apparaissent comme les meilleurs d\u00e9fenseurs des revendications populaires. Il ne suffit pas de proposer nos analyses globales de la situation et notre programme g\u00e9n\u00e9ral. Il est tout autant n\u00e9cessaire de se faire les d\u00e9fenseurs du quotidien, les avocats des causes justes qui sont ressenties comme importantes par telle ou telle cat\u00e9gorie du peuple travailleur, m\u00eame si le fondement et l\u2019utilit\u00e9 politique de ces d\u00e9marches n\u2019apparaissent pas de prime abord.\u00a0\u00bb<\/p>\n<p>Si Ali a \u00e9t\u00e9 et reste \u00ab l\u2019un des dirigeants politiques marocains pr\u00e9curseurs, connus et reconnus pour leur cr\u00e9dibilit\u00e9 et leur apport patriotique, constructif et g\u00e9n\u00e9reux, dans les domaines politique et partisan \u00bb.<\/p>\n<p>&nbsp;<\/p>\n","protected":false},"excerpt":{"rendered":"<p>Par LABRAIMI Mustapha Vingt ann\u00e9es apr\u00e8s sa disparition suite \u00e0 un tragique accident, la personnalit\u00e9 de Si Ali reste pr\u00e9sente aussi bien dans la m\u00e9moire du peuple marocain qu\u2019aupr\u00e8s de ses \u00e9lites. Un leader charismatique dont le r\u00f4le en faveur de l\u2019ind\u00e9pendance du Maroc et l\u2019action pour l\u2019\u00e9dification du Maroc moderne ont \u00e9t\u00e9 relev\u00e9s en [&hellip;]<\/p>\n","protected":false},"author":1,"featured_media":7221,"comment_status":"open","ping_status":"open","sticky":false,"template":"","format":"standard","meta":{"footnotes":""},"categories":[3,18],"tags":[],"class_list":["post-7220","post","type-post","status-publish","format-standard","has-post-thumbnail","hentry","category-actualites","category-point-de-vue"],"_links":{"self":[{"href":"https:\/\/pps.ma\/fr\/wp-json\/wp\/v2\/posts\/7220","targetHints":{"allow":["GET"]}}],"collection":[{"href":"https:\/\/pps.ma\/fr\/wp-json\/wp\/v2\/posts"}],"about":[{"href":"https:\/\/pps.ma\/fr\/wp-json\/wp\/v2\/types\/post"}],"author":[{"embeddable":true,"href":"https:\/\/pps.ma\/fr\/wp-json\/wp\/v2\/users\/1"}],"replies":[{"embeddable":true,"href":"https:\/\/pps.ma\/fr\/wp-json\/wp\/v2\/comments?post=7220"}],"version-history":[{"count":1,"href":"https:\/\/pps.ma\/fr\/wp-json\/wp\/v2\/posts\/7220\/revisions"}],"predecessor-version":[{"id":7222,"href":"https:\/\/pps.ma\/fr\/wp-json\/wp\/v2\/posts\/7220\/revisions\/7222"}],"wp:featuredmedia":[{"embeddable":true,"href":"https:\/\/pps.ma\/fr\/wp-json\/wp\/v2\/media\/7221"}],"wp:attachment":[{"href":"https:\/\/pps.ma\/fr\/wp-json\/wp\/v2\/media?parent=7220"}],"wp:term":[{"taxonomy":"category","embeddable":true,"href":"https:\/\/pps.ma\/fr\/wp-json\/wp\/v2\/categories?post=7220"},{"taxonomy":"post_tag","embeddable":true,"href":"https:\/\/pps.ma\/fr\/wp-json\/wp\/v2\/tags?post=7220"}],"curies":[{"name":"wp","href":"https:\/\/api.w.org\/{rel}","templated":true}]}}