{"id":7230,"date":"2017-08-16T18:16:02","date_gmt":"2017-08-16T18:16:02","guid":{"rendered":"http:\/\/ppsmaroc.com\/fr\/?p=7230"},"modified":"2017-08-16T18:16:02","modified_gmt":"2017-08-16T18:16:02","slug":"reduire-les-inegalites-oui-cest-possible","status":"publish","type":"post","link":"https:\/\/pps.ma\/fr\/7230\/","title":{"rendered":"R\u00e9duire les in\u00e9galit\u00e9s ? Oui c\u2019est possible !"},"content":{"rendered":"<p><span style=\"color: #3366ff;\">Par Abdeslam SEDDIKI<\/span><\/p>\n<p><img loading=\"lazy\" decoding=\"async\" class=\"wp-image-4960 alignright\" src=\"http:\/\/ppsmaroc.com\/fr\/wp-content\/uploads\/2013\/12\/seddiki-2013-12-12.jpg\" alt=\"\" width=\"414\" height=\"242\" srcset=\"https:\/\/pps.ma\/fr\/wp-content\/uploads\/2013\/12\/seddiki-2013-12-12.jpg 770w, https:\/\/pps.ma\/fr\/wp-content\/uploads\/2013\/12\/seddiki-2013-12-12-300x175.jpg 300w\" sizes=\"auto, (max-width: 414px) 100vw, 414px\" \/>Les in\u00e9galit\u00e9s sociales\u00a0 au Maroc sont d\u2019une telle intensit\u00e9 qu\u2019elles sont visibles \u00e0 l\u2019\u0153il nu.\u00a0 D\u00e8s lors, il n\u2019est nul besoin de recourir\u00a0 aux statistiques qui restent d\u2019ailleurs biais\u00e9es et partielles, tant elles n\u2019int\u00e8grent pas tous les param\u00e8tres\u00a0 qui d\u00e9terminent les in\u00e9galit\u00e9s. Les donn\u00e9es en la mati\u00e8re se limitent aux seules enqu\u00eates sur la consommation et fournissent tr\u00e8s peu d\u2019indications quant aux revenus et aux patrimoines.<\/p>\n<p>Ces in\u00e9galit\u00e9s sociales sont dues pour l\u2019essentiel au mod\u00e8le de d\u00e9veloppement \u00e0 l\u2019\u0153uvre depuis l\u2019ind\u00e9pendance nonobstant quelques inflexions qu\u2019il a connues au cours des derni\u00e8res d\u00e9cennies d\u2019une part, et aux dysfonctionnements des politiques publiques en mati\u00e8re de redistribution d\u2019autre part. Par cons\u00e9quent, toute politique qui vise \u00e0 r\u00e9duire ces in\u00e9galit\u00e9s\u00a0 se doit d\u2019agir sur ces deux leviers\u00a0: revoir le syst\u00e8me de r\u00e9partition primaire des revenus et mettre en place une redistribution efficiente des richesses \u00e0 travers des politiques sociales actives et inclusives.<\/p>\n<p>Au niveau de la r\u00e9partition primaire, on rel\u00e8ve que les revenus du capital constituent la part de lion du revenu national\u00a0: ils repr\u00e9sentent plus de la moiti\u00e9 du \u00ab\u00a0g\u00e2teau national\u00a0\u00bb quand un petit tiers va aux travailleurs qui constituent la force vive du pays. Le reste, autour de 20%, constitue le revenu de l\u2019administration sous forme de recettes fiscales.\u00a0 Cette r\u00e9partition primaire, on ne peut plus injuste, est doublement p\u00e9nalisante\u00a0: pour le pouvoir d\u2019achat de la population et pour le d\u00e9veloppement du pays. L\u2019objectif serait dans un premier temps de parvenir \u00e0 un partage du g\u00e2teau \u00a0selon au moins la r\u00e8gle des trois tiers. Cela permettrait \u00e0 l\u2019Etat de disposer de plus de ressources pour conduire une politique sociale ambitieuse et corriger les imperfections n\u00e9es de la r\u00e9partition primaire.\u00a0 Pour ce faire, il n\u2019y a d\u2019autre voie que celle de la fiscalit\u00e9 \u00e0 travers une r\u00e9forme fiscale bas\u00e9e sur les principes d\u2019\u00e9quit\u00e9 et\u00a0 de transparence\u00a0: lutter sans merci\u00a0 contre la fraude et l\u2019\u00e9vasion fiscales en int\u00e9grant le secteur informel.<\/p>\n<p>Comme la r\u00e9partition primaire n\u2019est jamais totalement juste, les pouvoirs publics\u00a0 doivent proc\u00e9der \u00e0 une r\u00e9partition secondaire \u00e0 travers une redistribution des revenus.<\/p>\n<p>Il s\u2019agit tout d\u2019abord de la g\u00e9n\u00e9ralisation du syst\u00e8me de couverture m\u00e9dicale et sociale en visant, \u00e0 terme, la mise en place du\u00a0\u00ab<em>\u00a0socle de couverture\u00a0 universelle\u00a0<\/em>\u00bb englobant la couverture m\u00e9dicale, la retraite, les allocations familiales, l\u2019assurance contre les accidents de travail et les maladies professionnelles,\u00a0 l\u2019assurance contre le ch\u00f4mage. C\u2019est un vaste chantier sur lequel il faut travailler d\u2019arrache-pied car le rythme actuel ne nous permet pas d\u2019aller aussi vite qu\u2019on l\u2019aurait souhait\u00e9. En effet, le projet en cours consistant \u00e0 g\u00e9n\u00e9raliser la couverture sociale aux professions ind\u00e9pendantes (artisans, agriculteurs, commer\u00e7ants, professions lib\u00e9rales) suscite quelques inqui\u00e9tudes.<\/p>\n<p>Il y a ensuite les services publics dont la population a besoin et qui couvrent toute une s\u00e9rie de domaines comme l\u2019\u00e9ducation, la sant\u00e9, les transports, la culture et les loisirs&#8230; Ainsi, \u00a0un enseignement public de qualit\u00e9 \u00e9pargnerait aux m\u00e9nages modestes des d\u00e9penses qui p\u00e8sent lourdement sur leur budget. Il\u00a0 en est de m\u00eame pour la sant\u00e9 et les autres secteurs.<\/p>\n<p>Enfin, dans le cadre de la solidarit\u00e9 nationale et du raffermissement du sentiment d\u2019appartenance \u00e0 la Nation, des filets de s\u00e9curit\u00e9 doivent \u00eatre mis en place \u00e0 destination des populations vuln\u00e9rables aux besoins sp\u00e9cifiques. Ce ciblage, par d\u00e9finition limit\u00e9, doit concerner les personnes exclues, pour une raison ou une autre, du march\u00e9 du travail. A cet \u00e9gard, il faut proc\u00e9der \u00e0 une remise \u00e0 plat des politiques sociales \u00e0 l\u2019\u0153uvre, avec la mise en place d\u2019une nouvelle gouvernance\u00a0 assurant la convergence et l\u2019efficience\u00a0 des programmes concern\u00e9s.<\/p>\n<p>Pour les autres personnes, il faut\u00a0 \u00ab\u00a0faire feu de tout bois\u00a0\u00bb en vue de leur assurer un emploi stable et r\u00e9mun\u00e9rateur \u00e0 travers une politique visant le \u00a0plein emploi des ressources humaines disponibles. Cet objectif ne rel\u00e8ve pas de l\u2019utopie. Il\u00a0 est \u00e0 notre port\u00e9e \u00e0 condition de faire travailler notre intelligence collective, de mobiliser l\u2019ensemble des acteurs autour de la lutte contre le ch\u00f4mage et de mettre la question de l\u2019emploi au centre des politiques macro-\u00e9conomiques. La Strat\u00e9gie Nationale pour l\u2019Emploi indique les mesures pr\u00e9cises \u00e0 mettre en \u0153uvre mais le gouvernement actuel, comme le pr\u00e9c\u00e9dent, n\u2019y accordent que peu d\u2019\u00e9gards.<\/p>\n<p>En somme, si nouveau mod\u00e8le de croissance (de d\u00e9veloppement) il y aura, \u00a0ce sont l\u00e0 \u00e0 mon sens les leviers principaux qui devraient en constituer l\u2019ossature de base. Les Marocains ont trop patient\u00e9, on ne peut pas leur demander plus. Ils veulent un partage \u00e9quitable des fruits de la croissance. Ici et maintenant.<\/p>\n<p>(Publi\u00e9 par Al Bayane du mercredi 16 ao\u00fbt 2017)<\/p>\n<p>&nbsp;<\/p>\n","protected":false},"excerpt":{"rendered":"<p>Par Abdeslam SEDDIKI Les in\u00e9galit\u00e9s sociales\u00a0 au Maroc sont d\u2019une telle intensit\u00e9 qu\u2019elles sont visibles \u00e0 l\u2019\u0153il nu.\u00a0 D\u00e8s lors, il n\u2019est nul besoin de recourir\u00a0 aux statistiques qui restent d\u2019ailleurs biais\u00e9es et partielles, tant elles n\u2019int\u00e8grent pas tous les param\u00e8tres\u00a0 qui d\u00e9terminent les in\u00e9galit\u00e9s. Les donn\u00e9es en la mati\u00e8re se limitent aux seules enqu\u00eates [&hellip;]<\/p>\n","protected":false},"author":1,"featured_media":4960,"comment_status":"open","ping_status":"open","sticky":false,"template":"","format":"standard","meta":{"footnotes":""},"categories":[18],"tags":[],"class_list":["post-7230","post","type-post","status-publish","format-standard","has-post-thumbnail","hentry","category-point-de-vue"],"_links":{"self":[{"href":"https:\/\/pps.ma\/fr\/wp-json\/wp\/v2\/posts\/7230","targetHints":{"allow":["GET"]}}],"collection":[{"href":"https:\/\/pps.ma\/fr\/wp-json\/wp\/v2\/posts"}],"about":[{"href":"https:\/\/pps.ma\/fr\/wp-json\/wp\/v2\/types\/post"}],"author":[{"embeddable":true,"href":"https:\/\/pps.ma\/fr\/wp-json\/wp\/v2\/users\/1"}],"replies":[{"embeddable":true,"href":"https:\/\/pps.ma\/fr\/wp-json\/wp\/v2\/comments?post=7230"}],"version-history":[{"count":1,"href":"https:\/\/pps.ma\/fr\/wp-json\/wp\/v2\/posts\/7230\/revisions"}],"predecessor-version":[{"id":7231,"href":"https:\/\/pps.ma\/fr\/wp-json\/wp\/v2\/posts\/7230\/revisions\/7231"}],"wp:featuredmedia":[{"embeddable":true,"href":"https:\/\/pps.ma\/fr\/wp-json\/wp\/v2\/media\/4960"}],"wp:attachment":[{"href":"https:\/\/pps.ma\/fr\/wp-json\/wp\/v2\/media?parent=7230"}],"wp:term":[{"taxonomy":"category","embeddable":true,"href":"https:\/\/pps.ma\/fr\/wp-json\/wp\/v2\/categories?post=7230"},{"taxonomy":"post_tag","embeddable":true,"href":"https:\/\/pps.ma\/fr\/wp-json\/wp\/v2\/tags?post=7230"}],"curies":[{"name":"wp","href":"https:\/\/api.w.org\/{rel}","templated":true}]}}