{"id":7244,"date":"2017-08-24T10:59:32","date_gmt":"2017-08-24T10:59:32","guid":{"rendered":"http:\/\/ppsmaroc.com\/fr\/?p=7244"},"modified":"2017-08-24T10:59:32","modified_gmt":"2017-08-24T10:59:32","slug":"communique-du-parti-du-progres-et-du-socialisme-pps-suite-a-laffaire-du-viol-collectif-dune-jeune-fille-a-casablanca","status":"publish","type":"post","link":"https:\/\/pps.ma\/fr\/7244\/","title":{"rendered":"Communiqu\u00e9 du parti du Progr\u00e8s et du Socialisme (PPS ) suite \u00e0 l&rsquo;affaire du viol collectif d&rsquo;une jeune fille \u00e0 Casablanca"},"content":{"rendered":"<p>\u00c0 la suite de l&rsquo;acte innommable du viol collectif perp\u00e9tr\u00e9 \u00e0 l&rsquo;encontre d une jeune fille dans un autobus \u00e0 Casablanca, le bureau politique du PPS r\u00e9it\u00e8re fermement sa condamnation de cet acte barbare, ainsi qu&rsquo; exprim\u00e9e par ses organisations parall\u00e8les, \u00e0 savoir le Forum Parit\u00e9 et \u00c9galit\u00e9 et l&rsquo;Organisation des Pionniers du Maroc.<\/p>\n<p>Le PPS suit de tr\u00e8s pr\u00e8s les d\u00e9veloppements li\u00e9s \u00e0 cet acte d\u00e9plorable qui ne peut souffrir aucune justification et demande aux autorit\u00e9s de faire aboutir del\u00e0 mani\u00e8re la plus diligent\u00e9 les r\u00e9sultats de l&rsquo;enqu\u00eate afin de d\u00e9terminer la responsabilit\u00e9 des diff\u00e9rents acteurs et de prot\u00e9ger et d&rsquo;accompagner la jeune fille victime de ce crime odieux, \u00e0 laquelle le parti exprime sa profonde solidarit\u00e9.<br \/>\nLe PPS exprime sa totale indignation par rapport aux diff\u00e9rentes mont\u00e9es de violence sous toutes ses formes et appelle toutes les forces vives du pays \u00e0 r\u00e9agir vivement face \u00e0 la perte de valeurs et de rep\u00e8res qui menace la coh\u00e9sion sociale.<\/p>\n<p>Le PPS appelle \u00e0 la n\u00e9cessit\u00e9 de promouvoir des lois adapt\u00e9es aux diff\u00e9rentes formes de violence inadmissible et ce, avec la participation des organisations de d\u00e9fense des droits humains et des diff\u00e9rentes instances repr\u00e9sentant les organisations de femmes et d&rsquo;enfants.<\/p>\n","protected":false},"excerpt":{"rendered":"<p>\u00c0 la suite de l&rsquo;acte innommable du viol collectif perp\u00e9tr\u00e9 \u00e0 l&rsquo;encontre d une jeune fille dans un autobus \u00e0 Casablanca, le bureau politique du PPS r\u00e9it\u00e8re fermement sa condamnation de cet acte barbare, ainsi qu&rsquo; exprim\u00e9e par ses organisations parall\u00e8les, \u00e0 savoir le Forum Parit\u00e9 et \u00c9galit\u00e9 et l&rsquo;Organisation des Pionniers du Maroc. Le [&hellip;]<\/p>\n","protected":false},"author":1,"featured_media":7238,"comment_status":"open","ping_status":"open","sticky":false,"template":"","format":"standard","meta":{"footnotes":""},"categories":[3,18],"tags":[],"class_list":["post-7244","post","type-post","status-publish","format-standard","has-post-thumbnail","hentry","category-actualites","category-point-de-vue"],"_links":{"self":[{"href":"https:\/\/pps.ma\/fr\/wp-json\/wp\/v2\/posts\/7244","targetHints":{"allow":["GET"]}}],"collection":[{"href":"https:\/\/pps.ma\/fr\/wp-json\/wp\/v2\/posts"}],"about":[{"href":"https:\/\/pps.ma\/fr\/wp-json\/wp\/v2\/types\/post"}],"author":[{"embeddable":true,"href":"https:\/\/pps.ma\/fr\/wp-json\/wp\/v2\/users\/1"}],"replies":[{"embeddable":true,"href":"https:\/\/pps.ma\/fr\/wp-json\/wp\/v2\/comments?post=7244"}],"version-history":[{"count":1,"href":"https:\/\/pps.ma\/fr\/wp-json\/wp\/v2\/posts\/7244\/revisions"}],"predecessor-version":[{"id":7245,"href":"https:\/\/pps.ma\/fr\/wp-json\/wp\/v2\/posts\/7244\/revisions\/7245"}],"wp:featuredmedia":[{"embeddable":true,"href":"https:\/\/pps.ma\/fr\/wp-json\/wp\/v2\/media\/7238"}],"wp:attachment":[{"href":"https:\/\/pps.ma\/fr\/wp-json\/wp\/v2\/media?parent=7244"}],"wp:term":[{"taxonomy":"category","embeddable":true,"href":"https:\/\/pps.ma\/fr\/wp-json\/wp\/v2\/categories?post=7244"},{"taxonomy":"post_tag","embeddable":true,"href":"https:\/\/pps.ma\/fr\/wp-json\/wp\/v2\/tags?post=7244"}],"curies":[{"name":"wp","href":"https:\/\/api.w.org\/{rel}","templated":true}]}}