{"id":7246,"date":"2017-08-30T13:51:00","date_gmt":"2017-08-30T13:51:00","guid":{"rendered":"http:\/\/ppsmaroc.com\/fr\/?p=7246"},"modified":"2017-08-30T13:51:00","modified_gmt":"2017-08-30T13:51:00","slug":"sacrifices","status":"publish","type":"post","link":"https:\/\/pps.ma\/fr\/7246\/","title":{"rendered":"Sacrifices"},"content":{"rendered":"<p><span style=\"color: #3366ff;\"><img loading=\"lazy\" decoding=\"async\" class=\"wp-image-5897 alignleft\" src=\"http:\/\/ppsmaroc.com\/fr\/wp-content\/uploads\/2014\/05\/Mustapha-Labraimi-2.jpg\" alt=\"\" width=\"187\" height=\"229\" srcset=\"https:\/\/pps.ma\/fr\/wp-content\/uploads\/2014\/05\/Mustapha-Labraimi-2.jpg 264w, https:\/\/pps.ma\/fr\/wp-content\/uploads\/2014\/05\/Mustapha-Labraimi-2-245x300.jpg 245w\" sizes=\"auto, (max-width: 187px) 100vw, 187px\" \/>Par\u00a0 Mustapha Labraimi<\/span><\/p>\n<p>Dans des conditions appropri\u00e9es, la population marocaine est habitu\u00e9e \u00e0 faire des sacrifices aussi bien individuellement que collectivement. Il reste que \u00ab\u00a0le cher et le pr\u00e9cieux\u00a0\u00bb seront sacrifi\u00e9s pour la d\u00e9fense de l\u2019int\u00e9grit\u00e9 territoriale du pays et pour l\u2019\u00e9ducation de leurs enfants.<\/p>\n<p>Le territoire est sacr\u00e9. Il constitue la base g\u00e9ographique de l\u2019identit\u00e9 nationale. \u00c0 travers l\u2019histoire, le peuple marocain s\u2019est mobilis\u00e9 pour lutter contre les invasions ext\u00e9rieures et\/ou \u00a0la perte de sa souverainet\u00e9 sur une partie ou la totalit\u00e9 de son territoire. Pour d\u00e9passer l\u2019action du colonialisme, le Royaume du Maroc a \u0153uvr\u00e9 pour la r\u00e9cup\u00e9ration de son int\u00e9grit\u00e9 territoriale d\u2019une mani\u00e8re progressive.<\/p>\n<p>Dans les conditions g\u00e9opolitiques actuelles\u00a0; il reste, d\u2019une part, \u00e0 confirmer par les instances internationales la r\u00e9cup\u00e9ration de nos provinces sahariennes et, d\u2019autre part, \u00e0 assurer la r\u00e9trocession par l\u2019Espagne de Sebta , de Mellilia et des \u00eelots qui leurs sont rattach\u00e9s.<\/p>\n<p>Dans ce cadre, l\u2019actualit\u00e9 rel\u00e8ve la b\u00eatise des adversaires de l\u2019int\u00e9grit\u00e9 territoriale du Maroc. Sans aucun respect des r\u00e8gles et des proc\u00e9dures r\u00e9gissant la tenue de la Conf\u00e9rence internationale de Tokyo sur le d\u00e9veloppement de l&rsquo;Afrique, les autorit\u00e9s de Maputo dans leur r\u00f4le de sous-traitant pour le compte de l\u2019Alg\u00e9rie, se sont comport\u00e9s en fid\u00e8les \u00e0 ce qu\u2019ils sont\u00a0: irrespectueux du droit et du protocole, sans aucun sens diplomatique, usant de la r\u00e9pression \u00e0 la place du dialogue, se souciant beaucoup plus de faire plaisir \u00e0 leur commanditaire que du d\u00e9veloppement du continent et \u00a0\u00ab last but not least\u00a0\u00bb autoritaires et barbares comme ils le sont avec leur peuple. Des mercenaires, pour une poign\u00e9e de dollars vol\u00e9s au peuple alg\u00e9rien. C\u2019est \u00e9vident que le Mozambique ne contribuera aucunement ni au d\u00e9veloppement de l\u2019Afrique, et encore moins \u00e0 la mise en \u0153uvre des d\u00e9cisions onusiennes pour trouver une solution au probl\u00e8me artificiel cr\u00e9\u00e9 par l\u2019Alg\u00e9rie prussienne et h\u00e9g\u00e9monique, oubliant les sacrifices consentis par le peuple marocain pour son ind\u00e9pendance et sa libert\u00e9. Les autorit\u00e9s de Maputo ne pensent qu\u2019a se faire perp\u00e9tuer en usant de faux-semblants et de manipulations au d\u00e9triment d\u2019une population d\u00e9senchant\u00e9e apr\u00e8s la faillite \u00e9conomique et la guerre civile. Mais qu\u2019ils se le disent pour de bon, le Sahara occidental est marocain et le restera gr\u00e2ce \u00e0 l\u2019attachement de sa population \u00e0 l\u2019int\u00e9grit\u00e9 \u00a0territoriale du Royaume du Maroc. Le peuple marocain, dans son ensemble, consentira tous les sacrifices n\u00e9cessaires pour consolider son int\u00e9grit\u00e9 territoriale.<\/p>\n<p>La cause est entendue depuis fort longtemps et les vicissitudes de l\u2019histoire n\u2019ont pas emp\u00each\u00e9 la mobilisation des marocains pour que cette cause soit gagn\u00e9e. Il doit \u00eatre de m\u00eame pour l\u2019\u00e9ducation et la formation des filles et des fils de ce pays qui n\u00e9cessite l\u2019implication de tous.<\/p>\n<p>Il n\u2019y a pas un jour sans que les r\u00e9seaux de la communication virtuelle et collective ne fassent \u00e9tat d\u2019incidents mettant en cause des enfants et des jeunes dont le comportement suscite la condamnation. L\u2019\u00e9moi est g\u00e9n\u00e9ral. Les r\u00e9actions mettent en cause le syst\u00e8me \u00e9ducatif dans son ensemble qui n\u2019est plus efficient pour g\u00e9n\u00e9raliser le respect des valeurs fondamentales de la soci\u00e9t\u00e9. Incapable de permettre une employabilit\u00e9 \u00e0 tous les niveaux de la formation, l\u2019\u00e9ducation nationale ne permet plus le civisme et la civilit\u00e9, la d\u00e9fense des d\u00e9munis et des faibles, la solidarit\u00e9 entre les g\u00e9n\u00e9rations et le respect du bien public. La passivit\u00e9 des pr\u00e9sents lors de ces actes irresponsables interpelle l\u2019ensemble de la soci\u00e9t\u00e9 dans son \u00e9volution et la consolidation du processus d\u00e9mocratique dans notre pays. L\u2019\u00e9largissement des libert\u00e9s, le respect des droits de la personne humaine, l\u2019\u00e9galit\u00e9 des genres et des individus et d\u2019autres acquis d\u00e9mocratiques sont \u00e9br\u00e9ch\u00e9s par les tenants de la coercition et du tout r\u00e9pressif ainsi que par l\u2019obscurantisme et la r\u00e9action. L\u2019Etat doit \u00eatre fort par la participation de chacun(e) dans la mise en \u0153uvre de la citoyennet\u00e9. Il lui incombe d\u2019assurer \u00e0 la nation un syst\u00e8me \u00e9ducatif qui valorise notre capital humain et conduit \u00e0 son \u00e9mancipation dans l\u2019apaisement et la s\u00e9r\u00e9nit\u00e9.<\/p>\n<p>&nbsp;<\/p>\n","protected":false},"excerpt":{"rendered":"<p>Par\u00a0 Mustapha Labraimi Dans des conditions appropri\u00e9es, la population marocaine est habitu\u00e9e \u00e0 faire des sacrifices aussi bien individuellement que collectivement. Il reste que \u00ab\u00a0le cher et le pr\u00e9cieux\u00a0\u00bb seront sacrifi\u00e9s pour la d\u00e9fense de l\u2019int\u00e9grit\u00e9 territoriale du pays et pour l\u2019\u00e9ducation de leurs enfants. Le territoire est sacr\u00e9. Il constitue la base g\u00e9ographique de [&hellip;]<\/p>\n","protected":false},"author":1,"featured_media":5897,"comment_status":"open","ping_status":"open","sticky":false,"template":"","format":"standard","meta":{"footnotes":""},"categories":[18],"tags":[],"class_list":["post-7246","post","type-post","status-publish","format-standard","has-post-thumbnail","hentry","category-point-de-vue"],"_links":{"self":[{"href":"https:\/\/pps.ma\/fr\/wp-json\/wp\/v2\/posts\/7246","targetHints":{"allow":["GET"]}}],"collection":[{"href":"https:\/\/pps.ma\/fr\/wp-json\/wp\/v2\/posts"}],"about":[{"href":"https:\/\/pps.ma\/fr\/wp-json\/wp\/v2\/types\/post"}],"author":[{"embeddable":true,"href":"https:\/\/pps.ma\/fr\/wp-json\/wp\/v2\/users\/1"}],"replies":[{"embeddable":true,"href":"https:\/\/pps.ma\/fr\/wp-json\/wp\/v2\/comments?post=7246"}],"version-history":[{"count":2,"href":"https:\/\/pps.ma\/fr\/wp-json\/wp\/v2\/posts\/7246\/revisions"}],"predecessor-version":[{"id":7248,"href":"https:\/\/pps.ma\/fr\/wp-json\/wp\/v2\/posts\/7246\/revisions\/7248"}],"wp:featuredmedia":[{"embeddable":true,"href":"https:\/\/pps.ma\/fr\/wp-json\/wp\/v2\/media\/5897"}],"wp:attachment":[{"href":"https:\/\/pps.ma\/fr\/wp-json\/wp\/v2\/media?parent=7246"}],"wp:term":[{"taxonomy":"category","embeddable":true,"href":"https:\/\/pps.ma\/fr\/wp-json\/wp\/v2\/categories?post=7246"},{"taxonomy":"post_tag","embeddable":true,"href":"https:\/\/pps.ma\/fr\/wp-json\/wp\/v2\/tags?post=7246"}],"curies":[{"name":"wp","href":"https:\/\/api.w.org\/{rel}","templated":true}]}}