{"id":7257,"date":"2017-09-13T15:17:02","date_gmt":"2017-09-13T15:17:02","guid":{"rendered":"http:\/\/ppsmaroc.com\/fr\/?p=7257"},"modified":"2017-09-13T15:17:02","modified_gmt":"2017-09-13T15:17:02","slug":"comm","status":"publish","type":"post","link":"https:\/\/pps.ma\/fr\/7257\/","title":{"rendered":"Comm."},"content":{"rendered":"<p><span style=\"color: #3366ff;\">Par Mustapha LABRAIMI<\/span><\/p>\n<p><img loading=\"lazy\" decoding=\"async\" class=\"size-full wp-image-5667 alignright\" src=\"http:\/\/ppsmaroc.com\/fr\/wp-content\/uploads\/2014\/03\/mustapha-labraimi.jpg\" alt=\"\" width=\"250\" height=\"305\" srcset=\"https:\/\/pps.ma\/fr\/wp-content\/uploads\/2014\/03\/mustapha-labraimi.jpg 250w, https:\/\/pps.ma\/fr\/wp-content\/uploads\/2014\/03\/mustapha-labraimi-245x300.jpg 245w\" sizes=\"auto, (max-width: 250px) 100vw, 250px\" \/>La communication, encore faut-il qu\u2019elle soit bien men\u00e9e, ne peut prendre la place de l\u2019action politique. Et si cette communication s\u2019accompagne d\u2019une autosatisfaction, au moment o\u00f9 \u00ab\u00a0notre peuple a des attentes de plus en plus grandes\u00a0\u00bb, elle devient contreproductive et malsaine. Si \u00e0 cela s\u2019ajoute un embrouillamini d\u00e9velopp\u00e9 par ceux qui sont cens\u00e9s r\u00e9percuter \u00e0 travers leurs medias les \u00e9l\u00e9ments de langage qui devraient aider le marocain lambda \u00e0 comprendre ce qu\u2019il en est\u00a0; c\u2019est le z\u00e9ro absolu\u00a0! Dans cette action de parasitage, la palme revient \u00e0 cette onde \u00ab\u00a0atlantique\u00a0\u00bb qui fait bouder une r\u00e9union \u00e0 un secr\u00e9taire g\u00e9n\u00e9ral alors qu\u2019il s\u2019occupait des obs\u00e8ques de sa m\u00e8re d\u00e9funte\u00a0!<\/p>\n<p>Au fait de quoi s\u2019agit-il\u00a0? Apr\u00e8s cent vingt jours de la mise en place du gouvernement, la majorit\u00e9 qui en constitue l\u2019assise d\u00e9cide de se r\u00e9unir en pr\u00e9sence de la presse et des directions des partis politiques impliqu\u00e9s. Objectif\u00a0: pr\u00e9senter un bilan de l\u2019action gouvernementale en laissant croire que chaque jour avait connu une r\u00e9alisation. Comme si l\u2019\u00e9tat de gr\u00e2ce, s\u2019il existe, se dilatait sous nos latitudes\u00a0! \u00a0\u00a0Jeu de comm. beaucoup plus que la pr\u00e9sentation d\u2019un bilan, comme le rel\u00e8ve la remarque jaune d\u2019un chef de parti, ancien habitu\u00e9 des arcanes gouvernementaux.<\/p>\n<p>N\u00e9cessit\u00e9 oblige, le gouvernement malmen\u00e9 par un certain nombre de couacs se devait de se manifester. Ne voulant pas se mouiller plus qu\u2019il n\u2019en faut en tant qu\u2019institution responsable, dans une certaine mesure, de la gestion des affaires publiques\u00a0; il se met derri\u00e8re le paravent de sa majorit\u00e9 \u00e9lectorale pour vanter sa coh\u00e9sion et sa capacit\u00e9 \u00e0 affronter les contradictions qui la secouent. On ne peut s\u2019attendre \u00e0 une autre preuve d\u2019existence de la part d\u2019une majorit\u00e9 qui ne s\u2019est pas encore lib\u00e9r\u00e9e de son p\u00e9ch\u00e9 originel, celui de sa formation.<\/p>\n<p>Qu\u2019en est-il alors\u00a0? La r\u00e9forme administrative est d\u00e9cr\u00e9t\u00e9e mais reste \u00ab\u00a0dans l\u2019air\u00a0\u00bb dans la r\u00e9alit\u00e9 des arrondissements et des communes territoriales d\u2019une part, et dans les bureaux des diff\u00e9rents d\u00e9partements minist\u00e9riels d\u2019autre part, faute de d\u00e9centralisation et de d\u00e9concentration suffisantes pour la mise en \u0153uvre de la r\u00e9gionalisation avanc\u00e9e encore souhait\u00e9e. La paperasse appelle la paperasse dans toutes les administrations\u00a0! Dans les \u00e9coles, le sureffectif des classes persistera jusqu\u2019en 2030\u00a0! Certes\u00a0; des h\u00f4pitaux sont inaugur\u00e9s, mais l\u2019am\u00e9lioration du service de la sant\u00e9 s\u2019impose. Et si les \u00e9carts sociaux font le grand \u00e9cart, \u00e0 \u00e9couter les dol\u00e9ances et les r\u00e9clamations de la population\u00a0; le gouvernement souhaite les r\u00e9duire. Il n\u2019y qu\u2019\u00e0 constater, pour s\u2019en assurer, la ruralisation sournoise de l\u2019urbain existant\u00a0!<\/p>\n<p>Paroles de coach \u00e0 une \u00e9quipe marqu\u00e9e par l\u2019individualisme et rong\u00e9e par le doute beaucoup plus que v\u00e9ritable bilan d\u00e9montrant une action gouvernementale qui vise \u00ab\u00a0\u00e0 ne pas d\u00e9cevoir les revendications des citoyens dans le cadre de la mise en \u0153uvre de la constitution dans son ensemble\u00a0\u00bb.<\/p>\n<p>On attendra donc les 120 prochains jours avec, pourquoi pas, 240 r\u00e9alisations gouvernementales si le nouveau censeur du champ politique national d\u00e9passe sa critique formelle concernant le style de cette langue fran\u00e7aise malmen\u00e9e dans (ou sur, je ne sais plus\u00a0!) nos cabinets minist\u00e9riels et d\u2019aider son beau pays par des propositions concr\u00e8tes afin que son d\u00e9veloppement s\u2019am\u00e9liore. Boule \u00e0 z\u00e9ro, aussi lisse qu\u2019une orange de Berkane, usant d\u2019un franc-parler ma\u00eetris\u00e9, le nouveau censeur d\u00e9nonce et rel\u00e8ve les insuffisances et les dysfonctionnements pour insinuer le doute sur ce qui va venir. Usant de comparaisons non appropri\u00e9es, il continue son travail de sape par la communication. Pour la simple raison qu\u2019il ne r\u00e9pond pas \u00e0 l\u2019\u00e9ternelle question \u00ab\u00a0Que faire\u00a0?\u00a0\u00bb et ne propose aucune \u00ab\u00a0issue heureuse en r\u00e9ponse \u00e0 des questions lancinantes\u00a0\u00bb comme le font, ou tentent au moins de le faire, certains patriotes agissant dans le domaine de la comm..<\/p>\n<p>Ainsi et comme par hasard\u00a0; d\u2019une mani\u00e8re concomitante et certainement sans aucune coordination, deux actions de comm. se rejoignent pour ajouter du doute au doute et laisser la population dans l\u2019expectative. Dans l\u2019attente\u00a0; car, \u00ab\u00a0il n&rsquo;y a rien de nouveau sous le soleil. Ce qui a \u00e9t\u00e9, c&rsquo;est ce qui sera, et ce qui s&rsquo;est fait, c&rsquo;est ce qui se fera&#8230;\u00a0\u00bb. Comm. perverse et corrompue.<\/p>\n<p>&nbsp;<\/p>\n","protected":false},"excerpt":{"rendered":"<p>Par Mustapha LABRAIMI La communication, encore faut-il qu\u2019elle soit bien men\u00e9e, ne peut prendre la place de l\u2019action politique. Et si cette communication s\u2019accompagne d\u2019une autosatisfaction, au moment o\u00f9 \u00ab\u00a0notre peuple a des attentes de plus en plus grandes\u00a0\u00bb, elle devient contreproductive et malsaine. Si \u00e0 cela s\u2019ajoute un embrouillamini d\u00e9velopp\u00e9 par ceux qui sont [&hellip;]<\/p>\n","protected":false},"author":1,"featured_media":5667,"comment_status":"open","ping_status":"open","sticky":false,"template":"","format":"standard","meta":{"footnotes":""},"categories":[18],"tags":[],"class_list":["post-7257","post","type-post","status-publish","format-standard","has-post-thumbnail","hentry","category-point-de-vue"],"_links":{"self":[{"href":"https:\/\/pps.ma\/fr\/wp-json\/wp\/v2\/posts\/7257","targetHints":{"allow":["GET"]}}],"collection":[{"href":"https:\/\/pps.ma\/fr\/wp-json\/wp\/v2\/posts"}],"about":[{"href":"https:\/\/pps.ma\/fr\/wp-json\/wp\/v2\/types\/post"}],"author":[{"embeddable":true,"href":"https:\/\/pps.ma\/fr\/wp-json\/wp\/v2\/users\/1"}],"replies":[{"embeddable":true,"href":"https:\/\/pps.ma\/fr\/wp-json\/wp\/v2\/comments?post=7257"}],"version-history":[{"count":1,"href":"https:\/\/pps.ma\/fr\/wp-json\/wp\/v2\/posts\/7257\/revisions"}],"predecessor-version":[{"id":7258,"href":"https:\/\/pps.ma\/fr\/wp-json\/wp\/v2\/posts\/7257\/revisions\/7258"}],"wp:featuredmedia":[{"embeddable":true,"href":"https:\/\/pps.ma\/fr\/wp-json\/wp\/v2\/media\/5667"}],"wp:attachment":[{"href":"https:\/\/pps.ma\/fr\/wp-json\/wp\/v2\/media?parent=7257"}],"wp:term":[{"taxonomy":"category","embeddable":true,"href":"https:\/\/pps.ma\/fr\/wp-json\/wp\/v2\/categories?post=7257"},{"taxonomy":"post_tag","embeddable":true,"href":"https:\/\/pps.ma\/fr\/wp-json\/wp\/v2\/tags?post=7257"}],"curies":[{"name":"wp","href":"https:\/\/api.w.org\/{rel}","templated":true}]}}