{"id":7269,"date":"2017-09-20T15:40:32","date_gmt":"2017-09-20T15:40:32","guid":{"rendered":"http:\/\/ppsmaroc.com\/fr\/?p=7269"},"modified":"2017-09-20T15:41:52","modified_gmt":"2017-09-20T15:41:52","slug":"lecole-de-si-ali","status":"publish","type":"post","link":"https:\/\/pps.ma\/fr\/7269\/","title":{"rendered":"L\u2019\u00e9cole de Si Ali"},"content":{"rendered":"<p><strong><img loading=\"lazy\" decoding=\"async\" class=\"wp-image-5094 alignright\" src=\"http:\/\/ppsmaroc.com\/fr\/wp-content\/uploads\/2013\/12\/seddeki.jpg\" alt=\"\" width=\"415\" height=\"279\" srcset=\"https:\/\/pps.ma\/fr\/wp-content\/uploads\/2013\/12\/seddeki.jpg 640w, https:\/\/pps.ma\/fr\/wp-content\/uploads\/2013\/12\/seddeki-300x201.jpg 300w\" sizes=\"auto, (max-width: 415px) 100vw, 415px\" \/>Par\u00a0: Abdeslam SEDDIKI<\/strong><\/p>\n<p>\u00ab\u00a0Journalisme et politique, l\u2019exp\u00e9rience de Ali Yata\u00a0\u00bb, tel est le th\u00e8me de la table ronde organis\u00e9e\u00a0 vendredi dernier par la Fondation portant le nom du d\u00e9funt Ali Yata pour c\u00e9l\u00e9brer le 20<sup>\u00e8me<\/sup> anniversaire de sa disparition.\u00a0 Pour sa premi\u00e8re sortie publique, l\u2019institution que pr\u00e9side le camarade Ismail Alaoui a r\u00e9ussi le pari. Ce fut une occasion idoine pour remonter dans l\u2019histoire contemporaine du Maroc \u00e0 travers cette dialectique concr\u00e8te \u00ab\u00a0politique et journalisme\u00a0\u00bb, deux jumeaux ins\u00e9parables pour reprendre l\u2019expression abondamment utilis\u00e9e par les animateurs de cette rencontre.<\/p>\n<p>Ce qui a rendu cette rencontre attrayante et f\u00e9conde c\u2019est justement la qualit\u00e9 des intervenants \u00a0qui sont loin d\u2019\u00eatre des n\u00e9ophytes\u00a0 en la mati\u00e8re. Les deux connaissent\u00a0 bien la mati\u00e8re et savent de quoi ils parlent.\u00a0 Qu\u2019il s\u2019agisse de Mohamed Berrada, ancien Directeur de Sapress\u00a0 et compagnon de lutte de Ali Yata ou de Khalil Hachimi Idrissi Directeur g\u00e9n\u00e9ral de la MAP et \u00a0journaliste talentueux, les deux ont vraiment gratifi\u00e9 l\u2019assistance par leurs interventions \u00e0 la fois concises et pertinentes.\u00a0 Ils ont pu, chacun\u00a0 \u00e0 sa mani\u00e8re, \u00a0restituer des s\u00e9quences de l\u2019exp\u00e9rience de Si Ali qui m\u00e9rite vraiment d\u2019\u00eatre enseign\u00e9e dans les \u00e9coles et instituts de formation des journalistes. Une exp\u00e9rience forg\u00e9e dans la lutte pour l\u2019ind\u00e9pendance d\u2019abord et prolong\u00e9e durant l\u2019ind\u00e9pendance politique pour asseoir les bases de la d\u00e9mocratie, de la justice sociale et de l\u2019Etat de\u00a0\u00a0 droit.<\/p>\n<p>Pour Ali Yata, le journalisme fut un moyen de donner plus de sens \u00e0 l\u2019action politique. Ce n\u2019est pas un journalisme \u00ab\u00a0gagne -pain\u00a0\u00bb pour ainsi dire. Ecrire, c\u2019est d\u2019abord soutenir et d\u00e9fendre une cause, une id\u00e9e, un projet. Et c\u2019est cette forme de journalisme, \u00ab\u00a0professionnel et politique\u00a0\u00bb, qui a domin\u00e9 le champ m\u00e9diatique des d\u00e9cennies durant et que d\u2019aucuns appellent par raccourci \u00a0la presse partisane. Ce journalisme-l\u00e0, fait avec le minimum de moyens,\u00a0 \u00e9tait \u00a0d\u2019une efficacit\u00e9 remarquable. Un \u00a0simple \u00e9ditorial \u00e9crit par Si Ali, comme il en avait l\u2019habitude, pourrait \u00e0 lui seul cr\u00e9er l\u2019\u00e9v\u00e9nement dans la vie politique\u00a0!<\/p>\n<p>Les missions assign\u00e9es au journalisme \u00e9taient d\u2019abord politiques\u00a0: s\u2019int\u00e9resser aux affaires de la cit\u00e9, d\u00e9fendre les int\u00e9r\u00eats de le nation, populariser les positions du parti\u00a0 et les porter \u00e0 la connaissance du public sans pour autant verser dans le sectarisme et le clanisme,\u00a0 ,contribuer \u00e0 l\u2019\u00e9ducation de la jeunesse en faisant barrage aux id\u00e9es r\u00e9trogrades et \u00e0 l\u2019obscurantisme, soutenir et d\u00e9fendre les causes\u00a0 des peuples \u00a0opprim\u00e9s et les mouvements de lib\u00e9ration de par le monde \u2026<\/p>\n<p>Ce journalisme s\u2019appuie d\u2019abord sur les militants et leur engagement. A c\u00f4t\u00e9 de Si Ali comme chef d\u2019orchestre, il y avait toujours un groupe\u00a0 de\u00a0 militants qui faisaient la Une du journal Al Bayane dans les deux langues.\u00a0 C\u2019est l\u2019occasion de rendre un hommage particulier \u00e0 tous ceux qui nous ont quitt\u00e9s. Je pense tout particuli\u00e8rement \u00e0 Nadir Yata et sa rubrique \u00ab\u00a0Mais dit l\u2019autre\u00a0\u00bb, Mohamed Ferhat, alias Abou Mounia, et sa rubrique \u00ab\u00a0A chaque jour suffit sa peine\u00a0\u00bb, Mimoun Habriche, alias Hachem, et sa rubrique \u00ab\u00a0A propos\u00a0\u00bb, Mohamed Anik et sa rubrique judiciaire.\u00a0 Nous ne pouvons omettre le r\u00f4le jou\u00e9 par les figures de proue et les dirigeants historiques du parti\u00a0: Abdeslam Bourquia qui \u00e9crivait sous le pseudonyme de \u00ab\u00a0Abou tha3laba\u00a0\u00bb, Abdellah Ayachi, Simon L\u00e9vy, Chouaib Rifi, Aziz Belal, Abdelmajid Douieb et d\u2019autres \u2026.Ils faisaient tous de l\u2019\u00e9criture une arme politique. Pour eux, \u00e9crire c\u2019est\u00a0 exister. Politiquement s\u2019entend.<\/p>\n<p>Les g\u00e9n\u00e9rations actuelles, au PPS et ailleurs, gagneraient \u00e0\u00a0 conna\u00eetre et \u00e0 m\u00e9diter le parcours de ces militants qui nous ont l\u00e9gu\u00e9 un patrimoine in\u00e9puisable et immortel. Il est grand temps de revenir aux fondamentaux et de suivre la voie des sages, la voie des Grands. On n\u2019y insistera jamais assez par les temps qui courent\u2026<\/p>\n<p><strong><span style=\"color: #3366ff;\">Publi\u00e9 par Al Bayane du mercredi 20 sept.-17<\/span><\/strong><\/p>\n","protected":false},"excerpt":{"rendered":"<p>Par\u00a0: Abdeslam SEDDIKI \u00ab\u00a0Journalisme et politique, l\u2019exp\u00e9rience de Ali Yata\u00a0\u00bb, tel est le th\u00e8me de la table ronde organis\u00e9e\u00a0 vendredi dernier par la Fondation portant le nom du d\u00e9funt Ali Yata pour c\u00e9l\u00e9brer le 20\u00e8me anniversaire de sa disparition.\u00a0 Pour sa premi\u00e8re sortie publique, l\u2019institution que pr\u00e9side le camarade Ismail Alaoui a r\u00e9ussi le pari. [&hellip;]<\/p>\n","protected":false},"author":1,"featured_media":5094,"comment_status":"open","ping_status":"open","sticky":false,"template":"","format":"standard","meta":{"footnotes":""},"categories":[18],"tags":[],"class_list":["post-7269","post","type-post","status-publish","format-standard","has-post-thumbnail","hentry","category-point-de-vue"],"_links":{"self":[{"href":"https:\/\/pps.ma\/fr\/wp-json\/wp\/v2\/posts\/7269","targetHints":{"allow":["GET"]}}],"collection":[{"href":"https:\/\/pps.ma\/fr\/wp-json\/wp\/v2\/posts"}],"about":[{"href":"https:\/\/pps.ma\/fr\/wp-json\/wp\/v2\/types\/post"}],"author":[{"embeddable":true,"href":"https:\/\/pps.ma\/fr\/wp-json\/wp\/v2\/users\/1"}],"replies":[{"embeddable":true,"href":"https:\/\/pps.ma\/fr\/wp-json\/wp\/v2\/comments?post=7269"}],"version-history":[{"count":3,"href":"https:\/\/pps.ma\/fr\/wp-json\/wp\/v2\/posts\/7269\/revisions"}],"predecessor-version":[{"id":7272,"href":"https:\/\/pps.ma\/fr\/wp-json\/wp\/v2\/posts\/7269\/revisions\/7272"}],"wp:featuredmedia":[{"embeddable":true,"href":"https:\/\/pps.ma\/fr\/wp-json\/wp\/v2\/media\/5094"}],"wp:attachment":[{"href":"https:\/\/pps.ma\/fr\/wp-json\/wp\/v2\/media?parent=7269"}],"wp:term":[{"taxonomy":"category","embeddable":true,"href":"https:\/\/pps.ma\/fr\/wp-json\/wp\/v2\/categories?post=7269"},{"taxonomy":"post_tag","embeddable":true,"href":"https:\/\/pps.ma\/fr\/wp-json\/wp\/v2\/tags?post=7269"}],"curies":[{"name":"wp","href":"https:\/\/api.w.org\/{rel}","templated":true}]}}