{"id":7281,"date":"2017-09-27T10:32:14","date_gmt":"2017-09-27T10:32:14","guid":{"rendered":"http:\/\/ppsmaroc.com\/fr\/?p=7281"},"modified":"2017-09-27T10:32:14","modified_gmt":"2017-09-27T10:32:14","slug":"expectative","status":"publish","type":"post","link":"https:\/\/pps.ma\/fr\/7281\/","title":{"rendered":"Expectative"},"content":{"rendered":"<p><span style=\"color: #3366ff;\"><img loading=\"lazy\" decoding=\"async\" class=\" wp-image-5667 alignright\" src=\"http:\/\/ppsmaroc.com\/fr\/wp-content\/uploads\/2014\/03\/mustapha-labraimi.jpg\" alt=\"\" width=\"194\" height=\"237\" srcset=\"https:\/\/pps.ma\/fr\/wp-content\/uploads\/2014\/03\/mustapha-labraimi.jpg 250w, https:\/\/pps.ma\/fr\/wp-content\/uploads\/2014\/03\/mustapha-labraimi-245x300.jpg 245w\" sizes=\"auto, (max-width: 194px) 100vw, 194px\" \/>Par Mustapha LABRAIMI<\/span><\/p>\n<p>Extraordinaire attente dans laquelle se trouvent les acteurs partisans de la vie politique nationale. Si personne ne veut utiliser le terme de \u00ab\u00a0crise\u00a0\u00bb, c\u2019est s\u00fbrement faute de pouvoir proposer une solution. Comme le dicton le souligne,\u00a0\u00ab\u00a0celui qui n\u2019a rien en sa possession, ne peut rien donner\u00a0\u00bb. Alors, on fait monter les ench\u00e8res pour ne rien proposer.<\/p>\n<p>Quand certains parlent de\u00a0souverainet\u00e9 relative\u00a0; d\u2019autres, brandissent directement la menace d\u2019un protectorat probable. Ainsi, les premiers pr\u00e9parent les mentalit\u00e9s pour faire encore payer aux pauvres les exc\u00e8s des riches\u00a0; et les autres veulent r\u00e9animer certaines mentalit\u00e9s pour retrouver une r\u00e9activit\u00e9 perdue par l\u2019abus de l\u2019usage et le non-respect de la parole donn\u00e9e. Les deux approches, dans leur convergence \u00e0 se servir et \u00e0 asservir, ne constituent aucunement la solution. Car ils ne r\u00e9pondent pas \u00e0 la r\u00e9alit\u00e9 v\u00e9cue par la tr\u00e8s grande majorit\u00e9 de notre peuple, faisant abstraction de ses possibilit\u00e9s et de ses aspirations l\u00e9gitimes.<\/p>\n<p>Ici-bas, les pauvres, dont le nombre augmente, continuent \u00e0 supporter les frais d\u2019une politique \u00e9conomique qui veut s\u2019int\u00e9grer dans le libre-\u00e9change plan\u00e9taire sans prendre en consid\u00e9ration les d\u00e9fis inh\u00e9rents \u00e0 la transformation de la soci\u00e9t\u00e9 \u00ab\u00a0moiti\u00e9-moiti\u00e9\u00a0\u00bb dans le cadre d\u2019un d\u00e9veloppement durable et prenant particuli\u00e8rement en consid\u00e9ration l\u2019\u00e9limination des in\u00e9galit\u00e9s. Toutes les in\u00e9galit\u00e9s\u00a0; celles entre les territoires, entre les individus, entre les genres et entre les classes sociales.<\/p>\n<p>L\u2019Etat ne peut d\u00e9missionner de l\u2019organisation de la soci\u00e9t\u00e9 et laisser les tenants du profit g\u00e9rer l\u2019ordre social par la privatisation, l\u2019externalisation et la gestion d\u00e9l\u00e9gu\u00e9e. La marchandisation de ce qui constituait l\u2019objet du \u00ab\u00a0service public\u00a0\u00bb dans le cadre de \u00ab\u00a0l\u2019int\u00e9r\u00eat g\u00e9n\u00e9ral\u00a0\u00bb soul\u00e8ve de nombreux probl\u00e8mes. On ne veut pas se doubler d\u2019un homme de loi chaque fois qu\u2019un acte de la vie quotidienne est accompli\u00a0! Encore que la p\u00e9nalisation \u00e0 l\u2019am\u00e9ricaine n\u00e9cessite son syst\u00e8me juridique avec ses principes et ses pratiques.<\/p>\n<p>L\u2019action de nos gouvernants est comme la marche de l\u2019\u00e9crevisse\u00a0: aller toujours de travers, se d\u00e9tourner \u00e0 droite ou \u00e0 gauche \u00e0 chaque mouvement et s\u2019arr\u00eater en cours du chemin sans crier gare. Cela peut d\u00e9router \u00e9ventuellement les pr\u00e9dateurs de l\u2019\u00e9crevisse, mais ne constitue nullement la bonne gouvernance dans la r\u00e9alisation des objectifs n\u00e9cessaires \u00e0 la consolidation de l\u2019Etat national d\u00e9mocratique et moderne. Car, cette d\u00e9marche qui ne permet pas \u00e0 la population dans son ensemble de partager \u00ab\u00a0les fruits de la croissance\u00a0\u00bb induit la non mobilisation et le d\u00e9sengagement au lieu de l\u2019enthousiasme et de la participation.<\/p>\n<p>Les forces vives de la Nation doivent prendre en consid\u00e9ration cette exigence et ne pas se laisser aller \u00e0 une red\u00e9finition perp\u00e9tuelle des pr\u00e9liminaires du processus d\u00e9mocratique. L\u2019examen critique de notre exp\u00e9rience s\u2019impose pour \u00e9viter son inversion. C\u2019est aussi \u00e0 l\u2019aune de la qualit\u00e9 et de la profondeur de cet effort de r\u00e9flexion que la recomposition du champ politique national pourrait \u00eatre utile afin de pallier \u00e0 ses carences et effacer les effets induits par cette pause o\u00f9 tout semble fig\u00e9. La clairvoyance des objectifs doit \u00eatre franchement exprim\u00e9e pour entra\u00eener l\u2019\u00e9lan patriote apte \u00e0 contrecarrer \u00ab\u00a0le protectorat probable\u00a0\u00bb, quelle que soit sa nature.<\/p>\n<p>La pr\u00e9servation de notre int\u00e9grit\u00e9 territoriale, la d\u00e9limitation de notre plateau continental et la reconnaissance de notre zone \u00e9conomique exclusive ne peuvent souffrir d\u2019aucune relativit\u00e9 dans l\u2019exercice de la souverainet\u00e9 nationale. Un Etat, fort par sa d\u00e9mocratie et par sa position d\u2019arbitre\u00a0; r\u00e9gulateur \u00e0 tous les niveaux et dans tous les domaines\u00a0: \u00e9conomique, politique, de s\u00e9curit\u00e9, culturel et environnemental, ne peut \u00eatre que souverain pour conduire son ouverture et r\u00e9ussir sa modernit\u00e9. De par le fait d\u2019une pratique d\u00e9mocratique saine et exempte de toute d\u00e9rive, d\u2019une gouvernance idoine permettant de transformer la soci\u00e9t\u00e9 par le droit, l\u2019\u00e9galit\u00e9 des chances, la r\u00e9partition \u00e9quitable des richesses et la justice, le Royaume du Maroc confortera sa position au niveau international pour r\u00e9aliser son \u00e9mergence dans le respect de sa souverainet\u00e9 et de la l\u00e9gitimit\u00e9 de ses institutions.<\/p>\n<p>C\u2019est ce choix qui d\u00e9termine le succ\u00e8s de notre option de d\u00e9veloppement\u00a0; alors que le chant des sir\u00e8nes des tenants du profit est d\u00e9termin\u00e9 par ce dernier sans aucun engagement envers la patrie. Car, entre l\u2019\u00e9rosion de la souverainet\u00e9 nationale et le protectorat probable, seule la d\u00e9nomination change alors qu\u2019aucune ambig\u00fcit\u00e9 ne doit freiner la prosp\u00e9rit\u00e9 \u00e9conomique et la stabilit\u00e9 sociale de notre pays.<\/p>\n<p>&nbsp;<\/p>\n","protected":false},"excerpt":{"rendered":"<p>Par Mustapha LABRAIMI Extraordinaire attente dans laquelle se trouvent les acteurs partisans de la vie politique nationale. Si personne ne veut utiliser le terme de \u00ab\u00a0crise\u00a0\u00bb, c\u2019est s\u00fbrement faute de pouvoir proposer une solution. Comme le dicton le souligne,\u00a0\u00ab\u00a0celui qui n\u2019a rien en sa possession, ne peut rien donner\u00a0\u00bb. Alors, on fait monter les ench\u00e8res [&hellip;]<\/p>\n","protected":false},"author":1,"featured_media":5667,"comment_status":"open","ping_status":"open","sticky":false,"template":"","format":"standard","meta":{"footnotes":""},"categories":[18],"tags":[],"class_list":["post-7281","post","type-post","status-publish","format-standard","has-post-thumbnail","hentry","category-point-de-vue"],"_links":{"self":[{"href":"https:\/\/pps.ma\/fr\/wp-json\/wp\/v2\/posts\/7281","targetHints":{"allow":["GET"]}}],"collection":[{"href":"https:\/\/pps.ma\/fr\/wp-json\/wp\/v2\/posts"}],"about":[{"href":"https:\/\/pps.ma\/fr\/wp-json\/wp\/v2\/types\/post"}],"author":[{"embeddable":true,"href":"https:\/\/pps.ma\/fr\/wp-json\/wp\/v2\/users\/1"}],"replies":[{"embeddable":true,"href":"https:\/\/pps.ma\/fr\/wp-json\/wp\/v2\/comments?post=7281"}],"version-history":[{"count":1,"href":"https:\/\/pps.ma\/fr\/wp-json\/wp\/v2\/posts\/7281\/revisions"}],"predecessor-version":[{"id":7282,"href":"https:\/\/pps.ma\/fr\/wp-json\/wp\/v2\/posts\/7281\/revisions\/7282"}],"wp:featuredmedia":[{"embeddable":true,"href":"https:\/\/pps.ma\/fr\/wp-json\/wp\/v2\/media\/5667"}],"wp:attachment":[{"href":"https:\/\/pps.ma\/fr\/wp-json\/wp\/v2\/media?parent=7281"}],"wp:term":[{"taxonomy":"category","embeddable":true,"href":"https:\/\/pps.ma\/fr\/wp-json\/wp\/v2\/categories?post=7281"},{"taxonomy":"post_tag","embeddable":true,"href":"https:\/\/pps.ma\/fr\/wp-json\/wp\/v2\/tags?post=7281"}],"curies":[{"name":"wp","href":"https:\/\/api.w.org\/{rel}","templated":true}]}}