{"id":7297,"date":"2017-10-04T11:11:49","date_gmt":"2017-10-04T11:11:49","guid":{"rendered":"http:\/\/ppsmaroc.com\/fr\/?p=7297"},"modified":"2017-10-04T11:11:49","modified_gmt":"2017-10-04T11:11:49","slug":"le-dialogue","status":"publish","type":"post","link":"https:\/\/pps.ma\/fr\/7297\/","title":{"rendered":"Le dialogue"},"content":{"rendered":"<p><span style=\"color: #3366ff;\"><b><img loading=\"lazy\" decoding=\"async\" class=\"alignleft size-thumbnail wp-image-4960\" src=\"http:\/\/ppsmaroc.com\/fr\/wp-content\/uploads\/2013\/12\/seddiki-2013-12-12-150x150.jpg\" alt=\"\" width=\"150\" height=\"150\" srcset=\"https:\/\/pps.ma\/fr\/wp-content\/uploads\/2013\/12\/seddiki-2013-12-12-150x150.jpg 150w, https:\/\/pps.ma\/fr\/wp-content\/uploads\/2013\/12\/seddiki-2013-12-12-90x90.jpg 90w\" sizes=\"auto, (max-width: 150px) 100vw, 150px\" \/>Par Abdeslam Seddiki<\/b><\/span><\/p>\n<p><span style=\"font-weight: 400;\">Apr\u00e8s une longue p\u00e9riode de \u00ab\u00a0sommeil\u00a0\u00bb, le dialogue social va enfin reprendre. C\u2019est pr\u00e9vu pour le 9 octobre, quelques jours avant l\u2019ouverture de la session parlementaire. \u00a0On s\u2019attend, par cons\u00e9quent, \u00e0 une semaine charg\u00e9e qui sera, esp\u00e9rons-le, le pr\u00e9lude \u00e0 une dynamique socio-politique de nature \u00e0 sortir le pays de cette morosit\u00e9 dans laquelle il s\u2019est durablement install\u00e9 sans perspective claire pour l\u2019avenir. <\/span><\/p>\n<p><span style=\"font-weight: 400;\">L\u2019enjeu du prochain round social, qui aurait d\u00fb intervenir avant le bouclage par le gouvernement du projet de loi de finances 2018, est d\u2019instaurer des relations de confiance mutuelle entre les diff\u00e9rents protagonistes, condition sine qua none pour un dialogue serein, constructif et d\u00e9barrass\u00e9 de pr\u00e9jug\u00e9s \u00a0et id\u00e9es re\u00e7ues. Tous les acteurs sont invit\u00e9s \u00e0 d\u00e9passer les \u00e9gos et les int\u00e9r\u00eats purement cat\u00e9goriels. L\u2019int\u00e9r\u00eat national doit pr\u00e9valoir.<\/span><\/p>\n<p><span style=\"font-weight: 400;\">Il faut pr\u00e9ciser, cependant, que les participants \u00a0\u00e0 ce rendez-vous social ne d\u00e9marrent pas de n\u00e9ant et ne vont pas, non plus, \u00a0r\u00e9inventer la roue. \u00a0Les dossiers en suspens sont connus et list\u00e9s lors du dernier round d\u2019avril 2016 qui n\u2019a malheureusement pas abouti pour des raisons multiples o\u00f9 chaque partie assume sa part de responsabilit\u00e9. Il convient donc de reprendre le dialogue l\u00e0 o\u00f9 il est laiss\u00e9\u00a0: faire le point sur les accords d\u2019avril 2011 pour voir ce qui reste \u00e0 r\u00e9aliser et traiter l\u2019ensemble des revendications selon une m\u00e9thodologie d\u00e9finie de commun accord. <\/span><\/p>\n<p><span style=\"font-weight: 400;\">Par ailleurs, il faut capitaliser le travail fait \u00e0 d\u2019autres niveaux. Ainsi, \u00a0Le CESE qui regroupe les forces vives du pays a produit une litt\u00e9rature tr\u00e8s riche dont notamment la charte sociale. Il en est de m\u00eame pour les conseils consultatifs pr\u00e9vus par le code du travail qui \u00a0\u00a0ont adopt\u00e9 une s\u00e9rie \u00a0de recommandations portant sur des questions relatives \u00e0 la promotion de l\u2019emploi, au d\u00e9veloppement de la s\u00e9curit\u00e9 au travail et de la n\u00e9gociation collective&#8230;De son c\u00f4t\u00e9, \u00a0la Chambre des Conseillers a \u00a0consacr\u00e9, la deuxi\u00e8me \u00e9dition du forum parlementaire sur la justice sociale, en f\u00e9vrier 2017, \u00e0 l\u2019institutionnalisation du dialogue social avec un message de SM le Roi sur la question, \u00a0message \u00a0\u00a0dont la pertinence a \u00e9t\u00e9 salu\u00e9e par l\u2019ensemble des partenaires sociaux \u00a0le consid\u00e9rant comme une v\u00e9ritable feuille de route. <\/span><\/p>\n<p><span style=\"font-weight: 400;\">Apparemment, toutes les conditions sont r\u00e9unies \u00a0pour que le dialogue social aboutisse. \u00a0C\u2019est dans l\u2019int\u00e9r\u00eat de tous. Le pays y gagnera en garantissant une paix sociale durable et un climat social \u00a0attractif aux investissements et favorable aux affaires. L\u2019entreprise, qu\u2019elle soit publique ou priv\u00e9e, am\u00e9liorera sa comp\u00e9titivit\u00e9 et sa visibilit\u00e9. Les organisations syndicales se verront renforc\u00e9es et gagneront en cr\u00e9dibilit\u00e9 pour qu\u2019elles puissent jouer pleinement leur r\u00f4le d\u2019encadrement \u00a0et de m\u00e9diation. En d\u00e9finitive, le pays se remettra en marche \u00e0 une vitesse sup\u00e9rieure et l\u2019espoir reviendra pour s\u2019attaquer ensemble aux d\u00e9fis majeurs qui nous guettent.<\/span><\/p>\n<p><span style=\"font-weight: 400;\">On le voit, le dialogue social n\u2019est pas un luxe. C\u2019est une n\u00e9cessit\u00e9 \u00a0pour r\u00e9soudre les probl\u00e8mes et une forme privil\u00e9gi\u00e9e pour consolider la d\u00e9mocratie participative. En tout \u00e9tat de cause, \u00a0la concertation est de loin pr\u00e9f\u00e9rable \u00e0 la confrontation. \u00a0Mais dialoguer suppose n\u00e9cessairement faire des concessions, \u00eatre \u00e0 l\u2019\u00e9coute de l\u2019autre et attentif \u00e0 ses dol\u00e9ances, avoir le souci permanent de parvenir \u00e0 des consensus positifs et dynamiques pour aller de l\u2019avant. <\/span><\/p>\n<p><span style=\"font-weight: 400;\">Le Message Royal cit\u00e9 pr\u00e9c\u00e9demment est on ne peut plus clair \u00e0 ce sujet : <\/span><i><span style=\"font-weight: 400;\">\u00ab\u00a0l\u2019efficacit\u00e9 des m\u00e9canismes du dialogue social ne se mesure pas uniquement \u00e0 leur disponibilit\u00e9 et \u00e0 la r\u00e9gularit\u00e9 de leur fonctionnement. Elle tient plut\u00f4t aux effets tangibles qu\u2019ils produisent, notamment en favorisant la mise en place de conditions de travail d\u00e9centes, l\u2019instauration de la paix sociale, la r\u00e9alisation de la croissance \u00e9conomique et du d\u00e9veloppement durable et inclusif pour les diff\u00e9rentes cat\u00e9gories sociales et la concr\u00e9tisation de la finalit\u00e9 ultime qu\u2019est la mat\u00e9rialisation de la justice sociale\u00a0<\/span><\/i><span style=\"font-weight: 400;\">\u00bb <\/span><\/p>\n<p><span style=\"font-weight: 400;\">A m\u00e9diter par tous \u2026..<\/span><\/p>\n<p><span style=\"font-weight: 400;\">(publi\u00e9 par Al Bayane du \u00a0mercredi 3 octobre 2017)<\/span><\/p>\n<p>&nbsp;<\/p>\n","protected":false},"excerpt":{"rendered":"<p>Par Abdeslam Seddiki Apr\u00e8s une longue p\u00e9riode de \u00ab\u00a0sommeil\u00a0\u00bb, le dialogue social va enfin reprendre. C\u2019est pr\u00e9vu pour le 9 octobre, quelques jours avant l\u2019ouverture de la session parlementaire. \u00a0On s\u2019attend, par cons\u00e9quent, \u00e0 une semaine charg\u00e9e qui sera, esp\u00e9rons-le, le pr\u00e9lude \u00e0 une dynamique socio-politique de nature \u00e0 sortir le pays de cette morosit\u00e9 [&hellip;]<\/p>\n","protected":false},"author":1,"featured_media":4960,"comment_status":"open","ping_status":"open","sticky":false,"template":"","format":"standard","meta":{"footnotes":""},"categories":[18],"tags":[],"class_list":["post-7297","post","type-post","status-publish","format-standard","has-post-thumbnail","hentry","category-point-de-vue"],"_links":{"self":[{"href":"https:\/\/pps.ma\/fr\/wp-json\/wp\/v2\/posts\/7297","targetHints":{"allow":["GET"]}}],"collection":[{"href":"https:\/\/pps.ma\/fr\/wp-json\/wp\/v2\/posts"}],"about":[{"href":"https:\/\/pps.ma\/fr\/wp-json\/wp\/v2\/types\/post"}],"author":[{"embeddable":true,"href":"https:\/\/pps.ma\/fr\/wp-json\/wp\/v2\/users\/1"}],"replies":[{"embeddable":true,"href":"https:\/\/pps.ma\/fr\/wp-json\/wp\/v2\/comments?post=7297"}],"version-history":[{"count":1,"href":"https:\/\/pps.ma\/fr\/wp-json\/wp\/v2\/posts\/7297\/revisions"}],"predecessor-version":[{"id":7298,"href":"https:\/\/pps.ma\/fr\/wp-json\/wp\/v2\/posts\/7297\/revisions\/7298"}],"wp:featuredmedia":[{"embeddable":true,"href":"https:\/\/pps.ma\/fr\/wp-json\/wp\/v2\/media\/4960"}],"wp:attachment":[{"href":"https:\/\/pps.ma\/fr\/wp-json\/wp\/v2\/media?parent=7297"}],"wp:term":[{"taxonomy":"category","embeddable":true,"href":"https:\/\/pps.ma\/fr\/wp-json\/wp\/v2\/categories?post=7297"},{"taxonomy":"post_tag","embeddable":true,"href":"https:\/\/pps.ma\/fr\/wp-json\/wp\/v2\/tags?post=7297"}],"curies":[{"name":"wp","href":"https:\/\/api.w.org\/{rel}","templated":true}]}}