{"id":7302,"date":"2017-10-12T10:19:12","date_gmt":"2017-10-12T10:19:12","guid":{"rendered":"http:\/\/ppsmaroc.com\/fr\/?p=7302"},"modified":"2017-10-12T10:21:24","modified_gmt":"2017-10-12T10:21:24","slug":"un-cours-deconomie-tres-politique","status":"publish","type":"post","link":"https:\/\/pps.ma\/fr\/7302\/","title":{"rendered":"Un cours d\u2019\u00e9conomie&#8230; tr\u00e8s politique"},"content":{"rendered":"<div>\n<div>\n<div id=\"ydp2fa027bdyahoo_quoted_7612734099\" class=\"ydp2fa027bdyahoo_quoted\">\n<div>\n<div>\n<div id=\"ydp2fa027bdyiv7684722529\">\n<div>\n<div>\n<div>\n<p style=\"text-align: left;\"><span style=\"color: #000000;\">Par\u00a0<\/span><b><u>Ahmed AZIRAR<\/u><\/b><span style=\"color: #000000;\">\u00a0<\/span><\/p>\n<\/div>\n<\/div>\n<\/div>\n<\/div>\n<\/div>\n<\/div>\n<\/div>\n<\/div>\n<\/div>\n<blockquote>\n<div>\n<div>\n<div id=\"ydp2fa027bdyahoo_quoted_7612734099\" class=\"ydp2fa027bdyahoo_quoted\">\n<div>\n<div>\n<div id=\"ydp2fa027bdyiv7684722529\">\n<div>\n<div>\n<div>\n<p style=\"text-align: left;\"><span dir=\"RTL\" lang=\"AR-SA\"><span style=\"color: #000000;\">\u00a0<\/span><\/span><\/p>\n<p style=\"text-align: left;\"><b><i><span style=\"color: #000000;\"><img loading=\"lazy\" decoding=\"async\" class=\"alignleft size-thumbnail wp-image-7303\" src=\"http:\/\/ppsmaroc.com\/fr\/wp-content\/uploads\/2017\/10\/Azirar-150x150.jpg\" alt=\"\" width=\"150\" height=\"150\" \/>Ahmed Azirar est Economiste, professeur \u00e0 l\u2019ISCAE Casablanca, fondateur de l\u2019Association marocaine des \u00e9conomistes d\u2019entreprise (AMEEN)<\/span><\/i><\/b><\/p>\n<p style=\"text-align: left;\"><span style=\"color: #000000;\">\u00a0<\/span><\/p>\n<p style=\"text-align: left;\"><span style=\"color: #000000;\">A moins que le m\u00e9morandum \u00e9conomique Maroc 2017, tel que rendu public par la Banque mondiale, en date du 16 d\u00e9cembre 2016, sous le titre, \u00abLe Maroc \u00e0 l\u2019horizon 2040: Capital immat\u00e9riel et les voies de l\u2019\u00e9mergence \u00e9conomique\u00bb,\u00a0 ne soit\u00a0 qu\u2019une version grand public, et qu\u2019il soit sous tendu par une autre version,\u00a0 rest\u00e9e confidentielle celle-l\u00e0, la grille de propositions pr\u00e9sent\u00e9es est loin de\u00a0 charpenter le paradigme de d\u00e9veloppement nouveau et les fondements de l\u2019\u00e9conomie politique r\u00e9nov\u00e9e annonc\u00e9s par ledit m\u00e9morandum.<\/span><\/p>\n<p style=\"text-align: left;\"><span style=\"color: #000000;\">La publication de ce document alors que le nouveau gouvernement \u00e9tait en p\u00e9riode de pr\u00e9paration de sa \u00abD\u00e9claration\u00bb, si ce n\u2019est une pure co\u00efncidence, laisse penser que\u00a0 la Banque mondiale a voulu\u00a0 servir au nouvel ex\u00e9cutif marocain un cours d\u2019\u00e9conomie\u2026 tr\u00e8s politique. Une \u00e9conomie politique non du \u00abque faire\u00bb, mais du \u00abcomment faire\u00bb. Le fameux \u00abd\u00e9ficit d\u2019ex\u00e9cution\u00bb.<\/span><\/p>\n<p style=\"text-align: left;\"><span style=\"color: #000000;\">Mis \u00e0 part quelques coups de griffes d\u00e9cid\u00e9s assen\u00e9s au \u00abcapitalisme de connivence\u00bb, aux \u00abcercles d\u2019influence \u00e9conomique, au capital priv\u00e9 courtermiste, au syst\u00e8me bancaire frileux, \u00e0 l\u2019\u00e9conomie de rente, aux entraves \u00e0 la concurrence, au faible esprit d\u2019entreprise et au syst\u00e8me \u00e9ducatif d\u00e9faillant (ce n\u2019est pas rien!), nous\u00a0 avons eu l\u2019impression de lire une mixture synth\u00e9tique des pr\u00e9c\u00e9dentes \u00e9tudes de la Banque mondiale\u00a0 ainsi que des rapports de divers organismes nationaux (CESE, HCP, IRES, OCP Center\u2026) et \u00e9trangers (OCDE, BAD, Coface\u2026), agr\u00e9ment\u00e9e de notions en vogue et servie\u00a0 dans un souci d\u2019\u00e9quilibrisme diplomatique feutr\u00e9.<\/span><\/p>\n<p style=\"text-align: left;\"><span style=\"color: #000000;\">De fait, si \u00able pass\u00e9 ressemble \u00e0 l&rsquo;avenir plus qu\u2019une goutte d&rsquo;eau\u00a0 ressemble \u00e0 une autre\u00bb selon Ibn Khaldoun, mis en exergue au chapitre 1 du m\u00e9morandum, il n\u2019est pas exag\u00e9r\u00e9 de constater que le m\u00e9morandum est truff\u00e9 de redites. De quoi comprendre que la p\u00e9dagogie, c\u2019est la r\u00e9p\u00e9tition. Avec une nouveaut\u00e9 quand m\u00eame, les cas romanesques des quatre jeunes, qui constituent la trame de fond du m\u00e9morandum, annoncent d\u00e8s le d\u00e9but la couleur,\u00a0 pour le Maroc et pour l\u2019Europe.<\/span><\/p>\n<p style=\"text-align: left;\"><span style=\"color: #000000;\">Danger politique pour le Maroc, d\u2019abord: \u00abCompte tenu de leur origine socio-\u00e9conomique et de leur histoire personnelle et familiale, Amine, Nisrine, Kawtar et R\u00e9da conna\u00eetront sans doute des destins diff\u00e9rents. Leur parcours est repr\u00e9sentatif de celui de nombreux jeunes de leur groupe et illustre les disparit\u00e9s sociales dans un Maroc \u00e0 plusieurs vitesses\u00bb.<\/span><\/p>\n<p style=\"text-align: left;\"><span style=\"color: #000000;\">Risque \u00e9lev\u00e9 d\u2019exacerbation de l\u2019\u00e9migration vers l\u2019Europe, ensuite: \u00abUne grande partie de la jeunesse marocaine risque de ne pas se reconna\u00eetre dans le contrat social qui lui est propos\u00e9 et elle est travers\u00e9e par un malaise qui s\u2019exprime notamment par la volont\u00e9 de quitter le pays pour tenter sa chance \u00e0 l\u2019\u00e9tranger\u00bb.<\/span><\/p>\n<p style=\"text-align: left;\"><span style=\"color: #000000;\">Concr\u00e8tement, ces risques existeraient \u00e0 cause du\u00a0 \u00abblocage du mod\u00e8le de d\u00e9veloppement\u00bb et d\u2019enlisement irr\u00e9m\u00e9diable dans la\u00a0 \u00abtrappe des pays interm\u00e9diaires\u00bb, si le Maroc ne change pas les r\u00e8gles du jeu. Un remake moderne des anciennes\u00a0 id\u00e9es du genre \u00abcercle vicieux de la pauvret\u00e9\u2026\u00bb.<\/span><\/p>\n<p style=\"text-align: left;\"><span style=\"color: #000000;\">Techniquement, \u00abdoubler les gains de productivit\u00e9 \u00e0 2% par an constitue la cl\u00e9 de vo\u00fbte d\u2019une croissance forte et viable \u00e0 long terme \u00e0 m\u00eame d\u2019am\u00e9liorer le bien-\u00eatre et la prosp\u00e9rit\u00e9 des Marocains tout en renfor\u00e7ant la paix et la stabilit\u00e9 sociale\u00bb.\u00a0 D\u00e9fi difficile, s\u2019il en est, selon la Banque, \u00e0 moins de mobiliser s\u00e9rieusement le capital immat\u00e9riel (combien m\u00eame\u00a0 c\u2019est le capital industriel qui cr\u00e9e d\u2019ordinaire l\u2019emploi d\u00e9cent, sachant que le Maroc serait condamn\u00e9 \u00e0 \u00abla d\u00e9sindustrialisation pr\u00e9coce\u00bb).<\/span><\/p>\n<p style=\"text-align: left;\"><span style=\"color: #000000;\">D\u2019o\u00f9 la recommandation m\u00e8re: \u00abLa mise en \u0153uvre rapide et compl\u00e8te de l\u2019esprit et des principes de la Constitution de 2011 et la mise en \u0153uvre non moins rapide et compl\u00e8te d\u2019un accord de libre-\u00e9change complet et approfondi (Aleca) ambitieux avec l\u2019Union europ\u00e9enne\u00bb. Approfondissement de la d\u00e9mocratie et de l\u2019int\u00e9gration \u00e0 l\u2019Europe, voil\u00e0 la solution Banque mondiale pour le Maroc \u00e0 l\u2019horizon 2040.<\/span><\/p>\n<p style=\"text-align: left;\"><span style=\"color: #000000;\">Soit!<\/span><\/p>\n<p style=\"text-align: left;\"><span style=\"color: #000000;\">Mais il est quand m\u00eame intriguant de rattacher la Constitution de 2011 au projet de l&rsquo;Aleca, surtout en ce moment o\u00f9 l&rsquo;Europe, la Grande-Bretagne et les USA ne jurent que par protectionnisme et m\u00eame d\u00e9-mondialisation. Comme elle est bien plus dure cette panoplie d&rsquo;arguments,\u00a0 des plus dissuasifs pour les\u00a0 investissements \u00e9trangers destin\u00e9s \u00e0 notre pays servie par le document. Nous croyons bien que ce n&rsquo;est pas l&rsquo;objectif vis\u00e9.<\/span><\/p>\n<\/div>\n<\/div>\n<\/div>\n<\/div>\n<\/div>\n<\/div>\n<\/div>\n<\/div>\n<\/div>\n<\/blockquote>\n","protected":false},"excerpt":{"rendered":"<p>Par\u00a0Ahmed AZIRAR\u00a0 \u00a0 Ahmed Azirar est Economiste, professeur \u00e0 l\u2019ISCAE Casablanca, fondateur de l\u2019Association marocaine des \u00e9conomistes d\u2019entreprise (AMEEN) \u00a0 A moins que le m\u00e9morandum \u00e9conomique Maroc 2017, tel que rendu public par la Banque mondiale, en date du 16 d\u00e9cembre 2016, sous le titre, \u00abLe Maroc \u00e0 l\u2019horizon 2040: Capital immat\u00e9riel et les voies [&hellip;]<\/p>\n","protected":false},"author":1,"featured_media":7303,"comment_status":"open","ping_status":"open","sticky":false,"template":"","format":"standard","meta":{"footnotes":""},"categories":[18],"tags":[],"class_list":["post-7302","post","type-post","status-publish","format-standard","has-post-thumbnail","hentry","category-point-de-vue"],"_links":{"self":[{"href":"https:\/\/pps.ma\/fr\/wp-json\/wp\/v2\/posts\/7302","targetHints":{"allow":["GET"]}}],"collection":[{"href":"https:\/\/pps.ma\/fr\/wp-json\/wp\/v2\/posts"}],"about":[{"href":"https:\/\/pps.ma\/fr\/wp-json\/wp\/v2\/types\/post"}],"author":[{"embeddable":true,"href":"https:\/\/pps.ma\/fr\/wp-json\/wp\/v2\/users\/1"}],"replies":[{"embeddable":true,"href":"https:\/\/pps.ma\/fr\/wp-json\/wp\/v2\/comments?post=7302"}],"version-history":[{"count":2,"href":"https:\/\/pps.ma\/fr\/wp-json\/wp\/v2\/posts\/7302\/revisions"}],"predecessor-version":[{"id":7305,"href":"https:\/\/pps.ma\/fr\/wp-json\/wp\/v2\/posts\/7302\/revisions\/7305"}],"wp:featuredmedia":[{"embeddable":true,"href":"https:\/\/pps.ma\/fr\/wp-json\/wp\/v2\/media\/7303"}],"wp:attachment":[{"href":"https:\/\/pps.ma\/fr\/wp-json\/wp\/v2\/media?parent=7302"}],"wp:term":[{"taxonomy":"category","embeddable":true,"href":"https:\/\/pps.ma\/fr\/wp-json\/wp\/v2\/categories?post=7302"},{"taxonomy":"post_tag","embeddable":true,"href":"https:\/\/pps.ma\/fr\/wp-json\/wp\/v2\/tags?post=7302"}],"curies":[{"name":"wp","href":"https:\/\/api.w.org\/{rel}","templated":true}]}}