{"id":7357,"date":"2017-11-29T13:28:09","date_gmt":"2017-11-29T13:28:09","guid":{"rendered":"http:\/\/ppsmaroc.com\/fr\/?p=7357"},"modified":"2017-11-29T13:28:09","modified_gmt":"2017-11-29T13:28:09","slug":"la-securite","status":"publish","type":"post","link":"https:\/\/pps.ma\/fr\/7357\/","title":{"rendered":"La s\u00e9curit\u00e9"},"content":{"rendered":"<p><b><img loading=\"lazy\" decoding=\"async\" class=\"alignright size-thumbnail wp-image-7337\" src=\"http:\/\/ppsmaroc.com\/fr\/wp-content\/uploads\/2017\/11\/Abdeslam-Seddiki-150x150.png\" alt=\"\" width=\"150\" height=\"150\" \/>Par\u00a0: Abdeslam Seddiki<\/b><\/p>\n<p><span style=\"font-weight: 400;\">Rassurez vous chers lecteurs, je ne parlerai pas de la s\u00e9curit\u00e9 au sens courant du terme. Non seulement je suis mal outill\u00e9 pour le faire, mais Dieu merci, la situation dans le pays est bien ma\u00eetris\u00e9e et il n\u2019y a pas lieu de s\u2019en inqui\u00e9ter outre mesure m\u00eame si la vigilance doit \u00eatre toujours de mise. L\u2019occasion ici de rendre un vibrant hommage aux hommes et aux femmes qui veillent constamment \u00e0 assurer notre s\u00e9curit\u00e9. Ils le font avec d\u00e9vouement, d\u00e9termination et une ma\u00eetrise reconnue au niveau mondial. Mon propos dans la pr\u00e9sente chronique concernera la s\u00e9curit\u00e9 humaine et plus pr\u00e9cis\u00e9ment la s\u00e9curit\u00e9 \u00e9conomique qui est aussi importante que la premi\u00e8re.<\/span><\/p>\n<p><span style=\"font-weight: 400;\">Assurer la s\u00e9curit\u00e9 \u00e9conomique d\u2019un pays, \u00a0c\u2019est mette \u00e0 la disposition de la population les moyens \u00e0 m\u00eame de satisfaire ses besoins fondamentaux pour vivre dignement. Cela comprend toute une panoplie de biens et services. A titre d\u2019illustration, \u00a0j\u2019exposerai deux cas de s\u00e9curit\u00e9\u00a0: alimentaire et hydraulique dans lesquelles notre pays a \u00e9t\u00e9 pionnier en r\u00e9alisant des progr\u00e8s \u00a0consid\u00e9rables. Les deux renvoient au droit \u00e0 l\u2019alimentation et au droit \u00e0 l\u2019eau. \u00a0O\u00f9 en sommes- nous aujourd\u2019hui par rapport \u00e0 ces deux objectifs\u00a0?<\/span><\/p>\n<p><span style=\"font-weight: 400;\">Pour ce qui est de la s\u00e9curit\u00e9 alimentaire, force est de constater que le Plan Maroc Vert, \u00e0 l\u2019\u0153uvre depuis 2008 et pour lequel des moyens consistants ont \u00e9t\u00e9 mobilis\u00e9s, n\u2019est pas encore parvenu \u00e0 redresser notablement la balance commerciale agricole qui reste inf\u00e9rieure \u00e0 50%\u00a0! Et pourtant, tous les indicateurs sont encourageants\u00a0: l\u2019investissement a presque doubl\u00e9 entre 2008 et 2016, la production a augment\u00e9 \u00e0 un rythme annuel de pr\u00e8s de 6,4% au cours de la m\u00eame p\u00e9riode contre 3,9% pour l\u2019ensemble de l\u2019\u00e9conomie, les exportations agricoles ont enregistr\u00e9 une augmentation de 34% au cours de la p\u00e9riode consid\u00e9r\u00e9e\u2026 Avec tous ces progr\u00e8s, \u00a0on continue n\u00e9anmoins de payer une facture alimentaire de l\u2019ordre de 22,8 milliards de DH en moyenne annuelle (dont les deux tiers sont consacr\u00e9s aux importations c\u00e9r\u00e9ali\u00e8res) avec des pics d\u00e9passant la bagatelle de 30 milliards de DH. Situation pour le moins \u00e9nigmatique. \u00a0Sans aller jusqu\u2019\u00e0 remettre en cause la \u00ab\u00a0vocation agricole\u00a0\u00bb du Maroc, comme le font h\u00e2tivement certains analystes et observateurs, il y a lieu de s\u2019interroger sur la pertinence de ces \u00a0orientations et s\u2019il ne fallait pas infl\u00e9chir davantage le PMV en faveur de \u00a0\u00ab\u00a0l\u2019agriculture solidaire\u00a0\u00bb directement li\u00e9e \u00e0 la satisfaction des besoins de la population, sans pour autant n\u00e9gliger les productions destin\u00e9es \u00e0 l\u2019exportation. Les Fonds \u00a0pour le d\u00e9veloppement rural et des zones de montagne s\u2019inscrit visiblement dans cette perspective.<\/span><\/p>\n<p><span style=\"font-weight: 400;\">Concernant la s\u00e9curit\u00e9 hydraulique li\u00e9e au droit \u00e0 l\u2019eau, il ya lieu d\u2019affirmer \u00a0que le Maroc est globalement sur la bonne voie moyennant cependant la poursuite de l\u2019effort \u00a0au niveau de la mobilisation de la ressource et \u00a0les ajustements n\u00e9cessaires notamment au niveau de la protection des ressources existantes et de leur \u00a0r\u00e9partition \u00e9quitable entre les utilisateurs. \u00a0Il faut rappeler que le Maroc dispose d\u2019une \u00ab\u00a0v\u00e9ritable culture de l\u2019eau\u00a0\u00bb gr\u00e2ce \u00e0 la vision anticipative et \u00a0strat\u00e9gique du Regrett\u00e9 le Roi Hassan II, vision perp\u00e9tu\u00e9e et consolid\u00e9e par Son Successeur le Roi Mohamed VI.<\/span><\/p>\n<p><span style=\"font-weight: 400;\">La politique des grands barrages lanc\u00e9e \u00e0 partir des ann\u00e9es 60, qui ne b\u00e9n\u00e9ficiait pas \u00e0 l\u2019\u00e9poque de l\u2019adh\u00e9sion et du soutien de tous, s\u2019est av\u00e9r\u00e9e pertinente et r\u00e9pondait parfaitement aux int\u00e9r\u00eats strat\u00e9giques du pays. Ses critiques avaient une vision \u00e9triqu\u00e9e\u00a0 selon laquelle \u00ab\u00a0les grands barrages sont au service des grands exploitants agricoles\u00a0\u00bb. Soit\u00a0! Mais rien n\u2019interdit que ces grands ouvrages puissent b\u00e9n\u00e9ficier aussi \u00e0 la petite et moyenne exploitation. La vision pour l\u2019avenir est \u00a0d\u00e9sormais claire\u00a0: nous avons une strat\u00e9gie de l\u2019eau couvrant la p\u00e9riode 2010-2030, nous disposons d\u2019une v\u00e9ritable politique de l\u2019eau, le gouvernement actuel vient d\u2019annoncer la pr\u00e9paration d\u2019un nouveau plan national en la mati\u00e8re. Il faut aller de l\u2019avant et mobiliser \u00a0tous les moyens disponibles tout en tenant compte des changements climatiques qui impactent n\u00e9gativement nos ressources hydrauliques. Les recommandations \u00e9mises par le CESE en 2014 demeurent d\u2019actualit\u00e9. Elles portent sur \u00a0une mobilisation suppl\u00e9mentaire annuelle de 6,4 milliards de m\u00e8tres cube \u00e0 travers le dessalement d\u2019eau de mer (31%), l\u2019\u00e9dification de nouveaux barrages (27%), la rationalisation de l\u2019irrigation (25%), le recyclage des eaux us\u00e9es (11%) et l\u2019am\u00e9lioration des rendements de l\u2019adduction d\u2019eau (6%). A cela il faut ajouter, et c\u2019est urgent, le transfert de l\u2019eau du nord du pays vers le sud. Qu\u2019importe le co\u00fbt\u00a0! Il y va de la survie de toute une partie de nos concitoyens. <\/span><\/p>\n<p><span style=\"font-weight: 400;\">L\u2019eau est un bien public, on ne le dira jamais assez. Elle ne doit pas faire l\u2019objet d\u2019un traitement marchand et bassement mercantiliste. Tout comme la pr\u00e9servation de notre souverainet\u00e9 alimentaire.<\/span><\/p>\n<p><span style=\"font-weight: 400;\">(Al Bayane du mercredi 27 nov.2017)<\/span><\/p>\n","protected":false},"excerpt":{"rendered":"<p>Par\u00a0: Abdeslam Seddiki Rassurez vous chers lecteurs, je ne parlerai pas de la s\u00e9curit\u00e9 au sens courant du terme. Non seulement je suis mal outill\u00e9 pour le faire, mais Dieu merci, la situation dans le pays est bien ma\u00eetris\u00e9e et il n\u2019y a pas lieu de s\u2019en inqui\u00e9ter outre mesure m\u00eame si la vigilance doit [&hellip;]<\/p>\n","protected":false},"author":1,"featured_media":7337,"comment_status":"open","ping_status":"open","sticky":false,"template":"","format":"standard","meta":{"footnotes":""},"categories":[18],"tags":[],"class_list":["post-7357","post","type-post","status-publish","format-standard","has-post-thumbnail","hentry","category-point-de-vue"],"_links":{"self":[{"href":"https:\/\/pps.ma\/fr\/wp-json\/wp\/v2\/posts\/7357","targetHints":{"allow":["GET"]}}],"collection":[{"href":"https:\/\/pps.ma\/fr\/wp-json\/wp\/v2\/posts"}],"about":[{"href":"https:\/\/pps.ma\/fr\/wp-json\/wp\/v2\/types\/post"}],"author":[{"embeddable":true,"href":"https:\/\/pps.ma\/fr\/wp-json\/wp\/v2\/users\/1"}],"replies":[{"embeddable":true,"href":"https:\/\/pps.ma\/fr\/wp-json\/wp\/v2\/comments?post=7357"}],"version-history":[{"count":1,"href":"https:\/\/pps.ma\/fr\/wp-json\/wp\/v2\/posts\/7357\/revisions"}],"predecessor-version":[{"id":7358,"href":"https:\/\/pps.ma\/fr\/wp-json\/wp\/v2\/posts\/7357\/revisions\/7358"}],"wp:featuredmedia":[{"embeddable":true,"href":"https:\/\/pps.ma\/fr\/wp-json\/wp\/v2\/media\/7337"}],"wp:attachment":[{"href":"https:\/\/pps.ma\/fr\/wp-json\/wp\/v2\/media?parent=7357"}],"wp:term":[{"taxonomy":"category","embeddable":true,"href":"https:\/\/pps.ma\/fr\/wp-json\/wp\/v2\/categories?post=7357"},{"taxonomy":"post_tag","embeddable":true,"href":"https:\/\/pps.ma\/fr\/wp-json\/wp\/v2\/tags?post=7357"}],"curies":[{"name":"wp","href":"https:\/\/api.w.org\/{rel}","templated":true}]}}