{"id":7364,"date":"2017-12-13T22:59:55","date_gmt":"2017-12-13T22:59:55","guid":{"rendered":"http:\/\/ppsmaroc.com\/fr\/?p=7364"},"modified":"2017-12-13T22:59:55","modified_gmt":"2017-12-13T22:59:55","slug":"dixieme","status":"publish","type":"post","link":"https:\/\/pps.ma\/fr\/7364\/","title":{"rendered":"Dixi\u00e8me"},"content":{"rendered":"<p><span style=\"color: #3366ff;\">Par Mustapha LABRAIMI<\/span><\/p>\n<p><img loading=\"lazy\" decoding=\"async\" class=\"alignright size-thumbnail wp-image-5667\" src=\"http:\/\/ppsmaroc.com\/fr\/wp-content\/uploads\/2014\/03\/mustapha-labraimi-150x150.jpg\" alt=\"\" width=\"150\" height=\"150\" srcset=\"https:\/\/pps.ma\/fr\/wp-content\/uploads\/2014\/03\/mustapha-labraimi-150x150.jpg 150w, https:\/\/pps.ma\/fr\/wp-content\/uploads\/2014\/03\/mustapha-labraimi-90x90.jpg 90w\" sizes=\"auto, (max-width: 150px) 100vw, 150px\" \/>Le Parti du Progr\u00e8s et du Socialisme s\u2019appr\u00eate \u00e0 r\u00e9unir son dixi\u00e8me congr\u00e8s national. Le coup d\u2019envoi de cet \u00e9v\u00e9nement statutaire sera donn\u00e9 lors de la r\u00e9union de la neuvi\u00e8me session ordinaire du Comit\u00e9 Central qui se tiendra \u00e0 Rabat, le dimanche 17 d\u00e9cembre 2017.<\/p>\n<p>Pr\u00e9par\u00e9 en amont par l\u2019\u00e9laboration et l\u2019envoi de documents \u00e0 ses membres, le Comit\u00e9 Central aura \u00e0 se prononcer sur un projet de feuille de route concernant le processus organisationnel devant aboutir au congr\u00e8s et le d\u00e9roulement de ce dernier ainsi qu\u2019un projet de r\u00e9solution ayant pour objet l\u2019initiation du d\u00e9bat et son animation.<\/p>\n<p>Dans le contexte politique national, les congr\u00e8s se succ\u00e8dent mais ne se ressemblent pas. Comme chaque organisation politique qui vise, \u00e0 travers la tenue de son congr\u00e8s, un renouvellement de ses structures de d\u00e9cision et de consultation et \u00e0 ajuster son programme en fonction des analyses et des concepts qui l\u2019animent\u00a0; le dixi\u00e8me congr\u00e8s national du PPS s\u2019inscrit dans la droite ligne des neuf congr\u00e8s qui l\u2019ont pr\u00e9c\u00e9der. Il s\u2019en distingue toutefois par les caract\u00e9ristiques du contexte politique g\u00e9n\u00e9ral qui pr\u00e9vaut au sein de la soci\u00e9t\u00e9 marocaine et ses aspirations l\u00e9gitimes \u00e0 la consolidation du processus d\u00e9mocratique et l\u2019\u00e9tablissement de la justice sociale.<\/p>\n<p>Ainsi\u00a0; dans une soci\u00e9t\u00e9 clair-obscur, le Parti du Progr\u00e8s et du Socialisme est appel\u00e9\u00a0\u00e0 d\u00e9velopper sa r\u00e9flexion, \u00e0 d\u00e9battre des concepts r\u00e9gissant son action, \u00e0 amplifier l\u2019interactivit\u00e9 n\u00e9cessaire pour maintenir la communication en interne et en externe, et ce afin d\u2019am\u00e9liorer sa capacit\u00e9 \u00e0 pr\u00e9ciser ses objectifs essentiels et \u00e0 actualiser son programme et ses propositions.<\/p>\n<p>Le Parti du Progr\u00e8s et du Socialisme s\u2019interroge collectivement sur les modalit\u00e9s qui d\u00e9terminent son parcours et ses actions dans le cadre de la transformation de la soci\u00e9t\u00e9 et des rapports qui la r\u00e9gissent. Il le fera dans la s\u00e9r\u00e9nit\u00e9 et la conviction de son action militante. Loin de toute perception \u00ab\u00a0noire\u00a0et d\u00e9courag\u00e9e\u00a0\u00bb de l\u2019\u00e9volution du processus d\u00e9mocratique dans notre pays\u00a0; loin de toute d\u00e9magogie et de toute surench\u00e8re\u00a0; dans une appr\u00e9ciation juste de l\u2019\u00e9tape historique et des tendances \u00e9volutives qu\u2019elle d\u00e9gage\u00a0; pour des perspectives exaltant la mobilisation et l\u2019enthousiasme de notre peuple dans sa lutte d\u2019\u00e9mancipation contre les entraves du sous-d\u00e9veloppement, la pr\u00e9servation de son int\u00e9grit\u00e9 territoriale, la mise en \u0153uvre des conditions de l\u2019\u00e9mergence \u00e9conomique et du bien\u00eatre social.<\/p>\n<p>Notre soci\u00e9t\u00e9 \u00e9volue. Cette transformation s\u2019accompagne d\u2019une insatisfaction qui se renouvelle apr\u00e8s la satisfaction d\u2019un besoin cr\u00e9\u00e9 lui-m\u00eame par un sentiment de privation aggrav\u00e9 par la diff\u00e9renciation et la stratification sociales. Elle aspire \u00e0 devenir \u00ab\u00a0une soci\u00e9t\u00e9 solidaire o\u00f9 tous jouissent de la s\u00e9curit\u00e9, de la libert\u00e9, de l\u2019\u00e9galit\u00e9 des chances, du respect de leur dignit\u00e9 et de la justice sociale, dans le cadre du principe de corr\u00e9lation entre les droits et les devoirs de la citoyennet\u00e9.\u00a0\u00bb. La concr\u00e9tisation de cet espoir interpelle le PPS dans son ensemble pour renforcer ses capacit\u00e9s organisationnelles et ses potentialit\u00e9s \u00e9lectorales afin d\u2019assumer le r\u00f4le qui lui incombe au sein des institutions pour les consolider et les renforcer dans une modernit\u00e9 garantissant la participation, le pluralisme et la bonne gouvernance. De sa participation au gouvernement, de sa gestion des affaires publiques au niveau des collectivit\u00e9s territoriales, le PPS doit en tirer les lignes directrices de son action future dans le respect de la Constitution et de la loi, dans le respect des valeurs et des principes immuables de la nation marocaine et son attachement aux droits de la personne humaine, \u00e0 la pr\u00e9servation de son environnement, \u00e0 la paix et \u00e0 la s\u00e9curit\u00e9 dans le monde.<\/p>\n<p>Le dixi\u00e8me congr\u00e8s national du PPS sera l\u2019apoth\u00e9ose d\u2019une action collective. Une commission pr\u00e9paratoire qui s\u2019occupera \u00e0 la mise en \u0153uvre des r\u00e9solutions adopt\u00e9es par le Comit\u00e9 Central sera mise en place. Que le d\u00e9bat commence pour apporter les r\u00e9ponses les plus ad\u00e9quates aux questionnements qui se posent\u00a0; que l\u2019action responsable et engag\u00e9e soit men\u00e9e pour un avenir meilleur.<\/p>\n<p>&nbsp;<\/p>\n","protected":false},"excerpt":{"rendered":"<p>Par Mustapha LABRAIMI Le Parti du Progr\u00e8s et du Socialisme s\u2019appr\u00eate \u00e0 r\u00e9unir son dixi\u00e8me congr\u00e8s national. Le coup d\u2019envoi de cet \u00e9v\u00e9nement statutaire sera donn\u00e9 lors de la r\u00e9union de la neuvi\u00e8me session ordinaire du Comit\u00e9 Central qui se tiendra \u00e0 Rabat, le dimanche 17 d\u00e9cembre 2017. Pr\u00e9par\u00e9 en amont par l\u2019\u00e9laboration et l\u2019envoi [&hellip;]<\/p>\n","protected":false},"author":1,"featured_media":5667,"comment_status":"open","ping_status":"open","sticky":false,"template":"","format":"standard","meta":{"footnotes":""},"categories":[18],"tags":[],"class_list":["post-7364","post","type-post","status-publish","format-standard","has-post-thumbnail","hentry","category-point-de-vue"],"_links":{"self":[{"href":"https:\/\/pps.ma\/fr\/wp-json\/wp\/v2\/posts\/7364","targetHints":{"allow":["GET"]}}],"collection":[{"href":"https:\/\/pps.ma\/fr\/wp-json\/wp\/v2\/posts"}],"about":[{"href":"https:\/\/pps.ma\/fr\/wp-json\/wp\/v2\/types\/post"}],"author":[{"embeddable":true,"href":"https:\/\/pps.ma\/fr\/wp-json\/wp\/v2\/users\/1"}],"replies":[{"embeddable":true,"href":"https:\/\/pps.ma\/fr\/wp-json\/wp\/v2\/comments?post=7364"}],"version-history":[{"count":1,"href":"https:\/\/pps.ma\/fr\/wp-json\/wp\/v2\/posts\/7364\/revisions"}],"predecessor-version":[{"id":7365,"href":"https:\/\/pps.ma\/fr\/wp-json\/wp\/v2\/posts\/7364\/revisions\/7365"}],"wp:featuredmedia":[{"embeddable":true,"href":"https:\/\/pps.ma\/fr\/wp-json\/wp\/v2\/media\/5667"}],"wp:attachment":[{"href":"https:\/\/pps.ma\/fr\/wp-json\/wp\/v2\/media?parent=7364"}],"wp:term":[{"taxonomy":"category","embeddable":true,"href":"https:\/\/pps.ma\/fr\/wp-json\/wp\/v2\/categories?post=7364"},{"taxonomy":"post_tag","embeddable":true,"href":"https:\/\/pps.ma\/fr\/wp-json\/wp\/v2\/tags?post=7364"}],"curies":[{"name":"wp","href":"https:\/\/api.w.org\/{rel}","templated":true}]}}