{"id":7366,"date":"2017-12-20T11:47:27","date_gmt":"2017-12-20T11:47:27","guid":{"rendered":"http:\/\/ppsmaroc.com\/fr\/?p=7366"},"modified":"2017-12-20T11:47:27","modified_gmt":"2017-12-20T11:47:27","slug":"le-plan","status":"publish","type":"post","link":"https:\/\/pps.ma\/fr\/7366\/","title":{"rendered":"Le Plan"},"content":{"rendered":"<div id=\"contentsContainer\">\n<div id=\"contents\">\n<p id=\"E71\"><span id=\"E72\" style=\"color: #3366ff;\">Par Abdeslam Seddiki<\/span><\/p>\n<p id=\"E73\"><span id=\"E74\"><img loading=\"lazy\" decoding=\"async\" class=\"alignright size-thumbnail wp-image-4599\" src=\"http:\/\/ppsmaroc.com\/fr\/wp-content\/uploads\/2013\/10\/Abdesslam-Seddiki-150x150.jpg\" alt=\"\" width=\"150\" height=\"150\" \/>Parler aujourd\u2019hui de planification peut para\u00eetre aux yeux de certains, par les temps de lib\u00e9ralisation qui courent, comme une action de naviguer \u00e0 contre courant. Et pourtant, le plan semble de plus en plus indispensable en ces temps de turbulences et de retournements spectaculaires de situation. Bien s\u00fbr<\/span><span id=\"E75\">,<\/span><span id=\"E76\"> il ne s\u2019agit ni d\u2019un retour \u00e0 une centaine planification dite abusivement \u00ab\u00a0imp\u00e9rative\u00a0\u00bb appliqu\u00e9e dans les anciens pays du \u00ab\u00a0socialisme r\u00e9el\u00a0\u00bb, ni d\u2019une planification dite, a contrario, \u00ab\u00a0indicative\u00a0\u00bb appliqu\u00e9e notamment durant les trente glorieuses jusqu\u2019\u00e0 l\u2019av\u00e8nement d<\/span><span id=\"E77\">u reaganisme et <\/span><span id=\"E78\"> du thatch\u00e9risme au Nord et des programmes d\u2019ajustement au Sud. <\/span><span id=\"E79\">Si le premier type de planification a d\u00e9finitivement failli avec l\u2019effondrement du pseudo socialisme bureaucratique, le second type n\u2019est plus applicable tel qu\u2019il a fonctionn\u00e9. Il doit \u00eatre ajust\u00e9 \u00e0 l\u2019aune de l\u2019ouverture des \u00e9conomies et de la mondialisation rampante \u00e0 l\u2019\u0153uvre.<\/span><\/p>\n<p id=\"E80\"><span id=\"E81\">Une chose est <\/span><span id=\"E82\">cependant<\/span><span id=\"E83\"> certaine\u00a0: les pays qui ont abandonn\u00e9 la planification par un simple mim\u00e9tisme et d\u2019une fa\u00e7on pr\u00e9cipit\u00e9e<\/span><span id=\"E84\">, sans rien lui substituer, <\/span><span id=\"E85\"> en ont s\u00e9rieusement p\u00e2ti. Car le mal ne r\u00e9sidait pas dans \u00ab\u00a0l\u2019id\u00e9e du plan\u00a0\u00bb mais plut\u00f4t dans \u00ab\u00a0le type du plan\u00a0\u00bb. <\/span><span id=\"E86\">Le Maroc a bel et bien suivi cette trajectoire\u00a0: apr\u00e8s qu\u2019il e\u00fbt opt\u00e9<\/span><span id=\"E87\">,<\/span><span id=\"E88\"> au lendemain de l\u2019ind\u00e9pendance<\/span><span id=\"E89\">,<\/span><span id=\"E90\"> pour la planification en \u00e9laborant 5 plans successifs (1960-1964\u00a0; 1965-1967\u00a0; 1968-1972\u00a0; 1973-1977\u00a0; 1978-1980), il a travers\u00e9 une p\u00e9riode de \u00ab\u00a0vide\u00a0\u00bb sous la contrainte de l\u2019ajustement structurel et de la lib\u00e9ralisation forc\u00e9e de son \u00e9conomie jusqu\u2019\u00e0 l\u2019av\u00e8nement de l\u2019alternance consensuelle en 1998<\/span><span id=\"E91\">. Ainsi, <\/span><span id=\"E92\">un nouveau plan quinquennal (2000-2004) fut adopt\u00e9 par le parlement. Force est de constater<\/span><span id=\"E93\">, cependant, <\/span><span id=\"E94\"> que ce plan <\/span><span id=\"E95\">est rest\u00e9 sans lendemain et personne n\u2019en parlait depuis malgr\u00e9 les moyens qui lui sont r\u00e9serv\u00e9s et les efforts d\u00e9ploy\u00e9s pour son \u00e9laboration. Et je me demande<\/span><span id=\"E96\"> m\u00eame <\/span><span id=\"E97\"> si on s\u2019en souvient encore\u00a0!! <\/span><\/p>\n<p id=\"E98\"><span id=\"E99\">En lieu et place de la planification, le pays a opt\u00e9<\/span><span id=\"E100\">, comme chacun le<\/span><span id=\"E101\"> sait, pour une politique des programmes<\/span><span id=\"E102\"> et strat\u00e9gies <\/span><span id=\"E103\"> sectoriels<\/span><span id=\"E104\">. Ces derniers concernent toute une panoplie d\u2019activit\u00e9s\u00a0:<\/span><span id=\"E105\"> l\u2019industrie, l\u2019agriculture, les p\u00eaches maritimes, le commerce, l\u2019artisanat, <\/span><span id=\"E106\"> <\/span><span id=\"E107\">le num\u00e9rique, le tourisme, l\u2019\u00e9ducation, la formation personnelle, l\u2019emploi \u2026.<\/span><span id=\"E108\">Ces programmes et strat\u00e9gies embrassant diff\u00e9rentes <\/span><span id=\"E109\">p\u00e9riodes et pr\u00e9par\u00e9s g\u00e9n\u00e9ralement par les d\u00e9partements de tutelle sans tenir compte des interf\u00e9rences et interactions entre eux, ont donn\u00e9 des r\u00e9sultats<\/span><\/p>\n<\/div>\n<\/div>\n<div id=\"contentsContainer\">\n<div id=\"contents\">\n<p>contrast\u00e9s. Ils souffrent, de l\u2019avis de tous<span id=\"E111\">, <\/span><span id=\"E112\"> d\u2019un manque de convergence et de coh\u00e9rence<\/span><span id=\"E113\">. Et c\u2019est justement, l\u00e0 o\u00f9 r\u00e9side <\/span><span id=\"E114\">le r\u00f4le <\/span><span id=\"E115\"> de la planification <\/span><span id=\"E116\"> <\/span><span id=\"E117\">qui <\/span><span id=\"E118\">aurait<\/span><span id=\"E119\">\u00ab\u00a0<\/span><span id=\"E120\">habill\u00e9<\/span><span id=\"E121\">\u00a0\u00bb ces <\/span><span id=\"E122\">programmes orphelins en <\/span><span id=\"E123\">leur <\/span><span id=\"E124\">assurant<\/span><span id=\"E125\"> la convergence et la coh\u00e9rence qui leur fait d\u00e9faut, et par cons\u00e9quent, am\u00e9liorerait leur efficacit\u00e9 et leur <\/span><span id=\"E126\">pertinence.<\/span><\/p>\n<p id=\"E127\"><span id=\"E128\"> Ce faisant, on ne fera qu\u2019appliquer les dispositions de la constitution 2011<\/span><span id=\"E129\"> <\/span><span id=\"E130\">dont <\/span><span id=\"E131\"> l\u2019article 75 dispose<\/span><span id=\"E132\">\u00a0:<\/span><span id=\"E133\"> <\/span><span id=\"E134\">\u00ab\u00a0<\/span><span id=\"E135\"> <\/span><span id=\"E136\">Les d\u00e9penses d\u2019investissement n\u00e9cessaires \u00e0 la r\u00e9alisation des plans de d\u00e9veloppement strat\u00e9giques ou des programmes pluriannuels, ne sont vot\u00e9es qu\u2019une seule fois, lors de l\u2019approbation de ces derniers par le Parlement et sont reconduites automatiquement pendant leur dur\u00e9e<\/span><span id=\"E137\">.\u00bb Il est donc question de plans de d\u00e9veloppement strat\u00e9gique qui portent sur une p\u00e9riode plus ou moins longue couvrant au minimum une l\u00e9gislature. D\u2019ailleurs, <\/span><span id=\"E138\">on ne comprend<\/span><span id=\"E139\"> pas <\/span><span id=\"E140\">pourquoi<\/span><span id=\"E141\"> il est fait obligation aux collectivit\u00e9s territoriales de disposer d\u2019un plan de d\u00e9veloppement strat\u00e9gique et ne pas applique<\/span><span id=\"E142\">r<\/span><span id=\"E143\"> cette r\u00e8gle \u00e0 l\u2019administration centrale<\/span><span id=\"E144\">.<\/span><\/p>\n<p id=\"E145\"><span id=\"E146\">Un <\/span><span id=\"E147\">\u00ab\u00a0<\/span><span id=\"E148\">plan strat\u00e9gique<\/span><span id=\"E149\">\u00a0\u00bb <\/span><span id=\"E150\">avec des objectifs coh\u00e9rents et des prioris\u00e9s d\u00e9mocratiquement arr\u00eat\u00e9es, des moyens appropri\u00e9s pour atteindre ces objectifs avec la mise en place des instances de suivi et des m\u00e9canismes d\u2019\u00e9valuation aiderait le pays \u00e0 surmonter les turbulences et \u00e0 r\u00e9duire la marge des incertitudes du futur. <\/span><span id=\"E151\">Car l<\/span><span id=\"E152\">e plan <\/span><span id=\"E153\">n\u2019<\/span><span id=\"E154\">est <\/span><span id=\"E155\">autre que <\/span><span id=\"E156\">cette \u00ab\u00a0aventure calcul\u00e9e\u00a0\u00bb et <\/span><span id=\"E157\">ce <\/span><span id=\"E158\">\u00ab\u00a0r\u00e9ducteur d\u2019incertitude\u00a0\u00bb pour reprendre les termes d\u2019un grand sp\u00e9cialiste de la planification (Pierre Mass\u00e9). Je <\/span><span id=\"E159\">me souviens bien de <\/span><span id=\"E160\"> cette remarque <\/span><span id=\"E161\">de<\/span><span id=\"E162\"> l\u2019un de mes anciens professeurs\u00a0: \u00ab\u00a0il vaudrait mieux avoir un plan appliqu\u00e9 \u00e0 30% que de ne pas en avoir du tout\u00a0\u00bb. Quelle sagesse\u00a0!! <\/span><span id=\"E163\"> <\/span><\/p>\n<p id=\"E164\"><span id=\"E165\" style=\"color: #3366ff;\">Al Bayane du mercredi 20 d\u00e9cembre 2017<\/span><\/p>\n<\/div>\n<\/div>\n","protected":false},"excerpt":{"rendered":"<p>Par Abdeslam Seddiki Parler aujourd\u2019hui de planification peut para\u00eetre aux yeux de certains, par les temps de lib\u00e9ralisation qui courent, comme une action de naviguer \u00e0 contre courant. Et pourtant, le plan semble de plus en plus indispensable en ces temps de turbulences et de retournements spectaculaires de situation. Bien s\u00fbr, il ne s\u2019agit ni [&hellip;]<\/p>\n","protected":false},"author":1,"featured_media":7337,"comment_status":"open","ping_status":"open","sticky":false,"template":"","format":"standard","meta":{"footnotes":""},"categories":[18],"tags":[],"class_list":["post-7366","post","type-post","status-publish","format-standard","has-post-thumbnail","hentry","category-point-de-vue"],"_links":{"self":[{"href":"https:\/\/pps.ma\/fr\/wp-json\/wp\/v2\/posts\/7366","targetHints":{"allow":["GET"]}}],"collection":[{"href":"https:\/\/pps.ma\/fr\/wp-json\/wp\/v2\/posts"}],"about":[{"href":"https:\/\/pps.ma\/fr\/wp-json\/wp\/v2\/types\/post"}],"author":[{"embeddable":true,"href":"https:\/\/pps.ma\/fr\/wp-json\/wp\/v2\/users\/1"}],"replies":[{"embeddable":true,"href":"https:\/\/pps.ma\/fr\/wp-json\/wp\/v2\/comments?post=7366"}],"version-history":[{"count":1,"href":"https:\/\/pps.ma\/fr\/wp-json\/wp\/v2\/posts\/7366\/revisions"}],"predecessor-version":[{"id":7367,"href":"https:\/\/pps.ma\/fr\/wp-json\/wp\/v2\/posts\/7366\/revisions\/7367"}],"wp:featuredmedia":[{"embeddable":true,"href":"https:\/\/pps.ma\/fr\/wp-json\/wp\/v2\/media\/7337"}],"wp:attachment":[{"href":"https:\/\/pps.ma\/fr\/wp-json\/wp\/v2\/media?parent=7366"}],"wp:term":[{"taxonomy":"category","embeddable":true,"href":"https:\/\/pps.ma\/fr\/wp-json\/wp\/v2\/categories?post=7366"},{"taxonomy":"post_tag","embeddable":true,"href":"https:\/\/pps.ma\/fr\/wp-json\/wp\/v2\/tags?post=7366"}],"curies":[{"name":"wp","href":"https:\/\/api.w.org\/{rel}","templated":true}]}}