{"id":7514,"date":"2018-05-02T21:12:10","date_gmt":"2018-05-02T21:12:10","guid":{"rendered":"http:\/\/ppsmaroc.com\/fr\/?p=7514"},"modified":"2018-05-02T21:12:10","modified_gmt":"2018-05-02T21:12:10","slug":"almoukataa","status":"publish","type":"post","link":"https:\/\/pps.ma\/fr\/7514\/","title":{"rendered":"\u00ab Almoukat\u00e2a \u00bb !"},"content":{"rendered":"<p><img loading=\"lazy\" decoding=\"async\" class=\"aligncenter size-full wp-image-7337\" src=\"http:\/\/ppsmaroc.com\/fr\/wp-content\/uploads\/2017\/11\/Abdeslam-Seddiki.png\" alt=\"\" width=\"669\" height=\"447\" srcset=\"https:\/\/pps.ma\/fr\/wp-content\/uploads\/2017\/11\/Abdeslam-Seddiki.png 669w, https:\/\/pps.ma\/fr\/wp-content\/uploads\/2017\/11\/Abdeslam-Seddiki-300x200.png 300w, https:\/\/pps.ma\/fr\/wp-content\/uploads\/2017\/11\/Abdeslam-Seddiki-90x60.png 90w, https:\/\/pps.ma\/fr\/wp-content\/uploads\/2017\/11\/Abdeslam-Seddiki-180x120.png 180w, https:\/\/pps.ma\/fr\/wp-content\/uploads\/2017\/11\/Abdeslam-Seddiki-95x64.png 95w\" sizes=\"auto, (max-width: 669px) 100vw, 669px\" \/><\/p>\n<p><b>Par Abdeslam Seddiki<\/b><\/p>\n<p><span style=\"font-weight: 400;\">Le terme \u00ab\u00a0almoukat\u00e2a\u00a0\u00bb est d\u2019usage courant chez nous notamment en milieu citadin. Il d\u00e9signe ces administrations territoriales, les arrondissements, auxquelles s\u2019adressent les citoyens r\u00e9guli\u00e8rement pour obtenir des documents administratifs dont ils<\/span><b> ont<\/b><span style=\"font-weight: 400;\"> besoin ou pour proc\u00e9der \u00e0 la l\u00e9galisation des copies des originaux. Mais ce n\u2019est pas le sujet de cette chronique m\u00eame s\u2019il y a fort \u00e0 \u00a0dire \u00e0 ce sujet. Il s\u2019agit en \u00a0fait, pour \u00eatre dans l\u2019air du temps et coller \u00e0 l\u2019actualit\u00e9, de traiter\u00a0 \u00ab\u00a0d\u2019almoukat\u00e2a\u00a0\u00bb au sens du boycott, arme redoutable \u00e0 laquelle recourent tant \u00e0 la fois les Etats et les citoyens en vue de peser de leur poids pour bien se faire entendre.<\/span><\/p>\n<p><span style=\"font-weight: 400;\">Que signifie au juste cette notion\u00a0? C\u2019est la d\u00e9cision de ne pas acheter un produit ou de d\u00e9serter un lieu ou un \u00e9v\u00e9nement en signe de protestation. Le mot provient du nom de Charles Cunningham Boycott, l&rsquo;intendant d&rsquo;un riche propri\u00e9taire d&rsquo;Irlande de l&rsquo;ouest, qui louait ses terres \u00e0 des prix tr\u00e8s \u00e9lev\u00e9s au XIX\u00e8me si\u00e8cle, provoquant la grogne des fermiers qui organis\u00e8rent un blocus. On peut boycotter une marque, une entreprise, un produit et m\u00eame un Etat (le cas du boycott US de Cuba) ! Cependant, le boycott est le plus couramment utilis\u00e9 par les consommateurs comme moyen de se faire entendre par les grandes multinationales ou les cartels dominants. C\u2019est le cas du boycott lanc\u00e9 derni\u00e8rement par les citoyens sur la toile. Et contrairement au pass\u00e9, cette m\u00e9thode \u00a0est rendue facile gr\u00e2ce aux nouvelles techniques d\u2019information et de communication qui donnent la possibilit\u00e9 aux consommateurs usagers de communiquer en temps r\u00e9el. Il faudra s\u2019attendre qu\u2019elle prenne plus de vigueur \u00e0 l\u2019avenir et, par cons\u00e9quent, \u00a0se pr\u00e9parer \u00e0 faire avec.<\/span><\/p>\n<p><span style=\"font-weight: 400;\">Il faut rappeler que ladite campagne \u00a0a mis dans son point de mire trois produits consid\u00e9r\u00e9s pour le moins strat\u00e9giques\u00a0: une soci\u00e9t\u00e9 de distribution des hydrocarbures, celle qui dispose de plus de stations au Maroc\u00a0; une marque d\u2019eau min\u00e9rale appartenant \u00e0 un groupe bien en vue de place\u00a0; une soci\u00e9t\u00e9 multinationale de produits laitiers. Pourquoi le choix de ces trois produits et pas les autres qui sont dans le m\u00eame secteur\u00a0? \u00a0Dans l\u2019\u00e9tat actuel des informations disponibles, il est difficile de se hasarder \u00e0 apporter une r\u00e9ponse pr\u00e9cise et d\u00e9finitive, bien que tout laisse croire que le choix \u00a0ne d\u00e9coule pas d\u2019un simple hasard, mais plut\u00f4t \u00a0consid\u00e9r\u00e9 comme un \u00ab\u00a0 \u00e9chantillon repr\u00e9sentatif\u00a0\u00bb au sens statistique du terme.<\/span><\/p>\n<p><span style=\"font-weight: 400;\">Action bien \u00e9tudi\u00e9e sans doute. On aura tort d\u2019en minimiser la port\u00e9e et de ne pas la prendre au s\u00e9rieux. Elle risquerait bien de faire t\u00e2che d\u2019huile et de provoquer des d\u00e9g\u00e2ts incommensurables \u00a0si on ne \u00a0prend \u00a0pas la question \u00a0\u00e0 bras le corps. Il faut surtout \u00e9viter de recourir \u00e0 la calomnie, \u00e0 l\u2019insulte et au m\u00e9pris de l\u2019intelligence populaire comme l\u2019ont fait malheureusement \u00a0d\u2019aucuns par r\u00e9action de d\u00e9pit et d\u2019\u00e9nervement\u00a0! En pareille circonstance, il faut analyser, d\u00e9battre, comprendre et trouver des solutions. \u00a0Toute autre r\u00e9action spontan\u00e9e et irr\u00e9fl\u00e9chie ne ferait que verser de l\u2019huile sur le feu. D\u2019ailleurs, la campagne va crescendo et gagne en sympathie au fil des heures et des jours. Des personnalit\u00e9s en vue appartenant aux multiples corps professionnels expriment leur soutien et leur adh\u00e9sion \u00e0 visage d\u00e9couvert sans se cacher derri\u00e8re des pseudonymes ou des pr\u00eate-noms. C\u2019est du s\u00e9rieux en somme\u00a0!<\/span><\/p>\n<p><span style=\"font-weight: 400;\">Il convient, par cons\u00e9quent, de tirer les le\u00e7ons, toutes les le\u00e7ons, de cette campagne. En premier lieu, il est temps d\u2019activer les instances de gouvernance pr\u00e9vues par la constitution de 2011, notamment le Conseil National de la Concurrence qui est en hivernation. En deuxi\u00e8me lieu, il est l\u00e9gitime de nous interroger sur le sort des conclusions, si conclusions il y a, du rapport d\u2019enqu\u00eate parlementaire sur les hydrocarbures r\u00e9alis\u00e9 derni\u00e8rement. En troisi\u00e8me lieu, il faut que l\u2019administration charg\u00e9e du \u00a0contr\u00f4le des prix fasse son travail d\u2019une fa\u00e7on r\u00e9guli\u00e8re et ne pas se contenter des actions \u00e9pisodiques et occasionnelles pour faire sensation. \u00a0\u00ab\u00a0At last but not least\u00a0\u00bb, notre pays tr\u00e8s attach\u00e9 aux valeurs de solidarit\u00e9, \u00a0n\u2019est pas en mesure de s\u2019adapter \u00e0 la politique du \u00a0\u00ab\u00a0laisser-faire, laisser- passer\u00a0\u00bb. Le lib\u00e9ralisme \u00e0 tout va et la croyance aux vertus du capital priv\u00e9 ne sauraient \u00eatre une panac\u00e9e. L\u2019Etat, sans \u00eatre tatillon, doit \u00eatre pr\u00e9sent. Ni plus d\u2019Etat, ni moins d\u2019Etat, juste un mieux \u00a0d\u2019Etat. Celui qui prot\u00e8ge le consommateur contre la rapacit\u00e9 du priv\u00e9 qui court d\u2019une mani\u00e8re aveugle derri\u00e8re le profit. Celui qui \u00e9tablit des r\u00e8gles de jeu claires \u00a0pour garantir une concurrence loyale et interdire, par la loi, les monopoles, les oligopoles coordonn\u00e9es et les ententes illicites. Celui qui assure l\u2019\u00e9galit\u00e9 des chances aux citoyens quelle que soit leur origine sociale. Celui qui assure la coh\u00e9sion \u00a0sociale et l\u2019\u00e9galit\u00e9 sociale et territoriale. Bref un v\u00e9ritable Etat de droit o\u00f9 il n\u2019y aurait plus de place \u00e0 la loi de la jungle et aux d\u00e9rogations sur mesure\u00a0\u2026<\/span><\/p>\n","protected":false},"excerpt":{"rendered":"<p>Par Abdeslam Seddiki Le terme \u00ab\u00a0almoukat\u00e2a\u00a0\u00bb est d\u2019usage courant chez nous notamment en milieu citadin. Il d\u00e9signe ces administrations territoriales, les arrondissements, auxquelles s\u2019adressent les citoyens r\u00e9guli\u00e8rement pour obtenir des documents administratifs dont ils ont besoin ou pour proc\u00e9der \u00e0 la l\u00e9galisation des copies des originaux. Mais ce n\u2019est pas le sujet de cette chronique [&hellip;]<\/p>\n","protected":false},"author":1,"featured_media":7337,"comment_status":"open","ping_status":"open","sticky":false,"template":"","format":"standard","meta":{"footnotes":""},"categories":[18],"tags":[],"class_list":["post-7514","post","type-post","status-publish","format-standard","has-post-thumbnail","hentry","category-point-de-vue"],"_links":{"self":[{"href":"https:\/\/pps.ma\/fr\/wp-json\/wp\/v2\/posts\/7514","targetHints":{"allow":["GET"]}}],"collection":[{"href":"https:\/\/pps.ma\/fr\/wp-json\/wp\/v2\/posts"}],"about":[{"href":"https:\/\/pps.ma\/fr\/wp-json\/wp\/v2\/types\/post"}],"author":[{"embeddable":true,"href":"https:\/\/pps.ma\/fr\/wp-json\/wp\/v2\/users\/1"}],"replies":[{"embeddable":true,"href":"https:\/\/pps.ma\/fr\/wp-json\/wp\/v2\/comments?post=7514"}],"version-history":[{"count":2,"href":"https:\/\/pps.ma\/fr\/wp-json\/wp\/v2\/posts\/7514\/revisions"}],"predecessor-version":[{"id":7516,"href":"https:\/\/pps.ma\/fr\/wp-json\/wp\/v2\/posts\/7514\/revisions\/7516"}],"wp:featuredmedia":[{"embeddable":true,"href":"https:\/\/pps.ma\/fr\/wp-json\/wp\/v2\/media\/7337"}],"wp:attachment":[{"href":"https:\/\/pps.ma\/fr\/wp-json\/wp\/v2\/media?parent=7514"}],"wp:term":[{"taxonomy":"category","embeddable":true,"href":"https:\/\/pps.ma\/fr\/wp-json\/wp\/v2\/categories?post=7514"},{"taxonomy":"post_tag","embeddable":true,"href":"https:\/\/pps.ma\/fr\/wp-json\/wp\/v2\/tags?post=7514"}],"curies":[{"name":"wp","href":"https:\/\/api.w.org\/{rel}","templated":true}]}}