{"id":7614,"date":"2018-09-26T10:00:50","date_gmt":"2018-09-26T10:00:50","guid":{"rendered":"http:\/\/ppsmaroc.com\/fr\/?p=7614"},"modified":"2018-09-26T10:00:50","modified_gmt":"2018-09-26T10:00:50","slug":"la-clarification","status":"publish","type":"post","link":"https:\/\/pps.ma\/fr\/7614\/","title":{"rendered":"La clarification"},"content":{"rendered":"<p><img loading=\"lazy\" decoding=\"async\" class=\"aligncenter size-full wp-image-7337\" src=\"http:\/\/ppsmaroc.com\/fr\/wp-content\/uploads\/2017\/11\/Abdeslam-Seddiki.png\" alt=\"\" width=\"669\" height=\"447\" srcset=\"https:\/\/pps.ma\/fr\/wp-content\/uploads\/2017\/11\/Abdeslam-Seddiki.png 669w, https:\/\/pps.ma\/fr\/wp-content\/uploads\/2017\/11\/Abdeslam-Seddiki-300x200.png 300w, https:\/\/pps.ma\/fr\/wp-content\/uploads\/2017\/11\/Abdeslam-Seddiki-90x60.png 90w, https:\/\/pps.ma\/fr\/wp-content\/uploads\/2017\/11\/Abdeslam-Seddiki-180x120.png 180w, https:\/\/pps.ma\/fr\/wp-content\/uploads\/2017\/11\/Abdeslam-Seddiki-95x64.png 95w\" sizes=\"auto, (max-width: 669px) 100vw, 669px\" \/><\/p>\n<p><span style=\"font-weight: 400;\">Le champ politique national continue \u00e0 \u00eatre travers\u00e9 par un brouillard intense rendant la visibilit\u00e9 difficile voire impossible. Ce qui ne fait qu\u2019\u00e9largir la distance entre les partis et les citoyens qu\u2019ils sont cens\u00e9s encadrer et tout particuli\u00e8rement les jeunes. Doit-on rappeler que \u00a0seuls 1% des jeunes de 15-35 ans d\u00e9clarent appartenir \u00e0 un parti ou \u00e0 un syndicat\u00a0? Ce ph\u00e9nom\u00e8ne, inqui\u00e9tant pour l\u2019avenir de notre pays et l\u2019\u00e9volution positive de son processus d\u00e9mocratique nous interpelle tous et en premier lieu les partis politiques eux-m\u00eames. Ces derniers sont appel\u00e9s \u00e0 effectuer une v\u00e9ritable mue dans le sens de plus de clart\u00e9 et de clarification afin d\u2019\u00eatre en phase avec les principes qu\u2019ils \u00e9noncent et les orientations \u00a0programmatiques qu\u2019ils pr\u00f4nent.<\/span><\/p>\n<p><span style=\"font-weight: 400;\">En effet, tout observateur un tant soit peu averti ne manquera pas de relever la confusion des programmes et l\u2019amalgame des discours de nos partis. \u00a0A tel point que le citoyen se retrouve perdu dans cette \u00ab\u00a0jungle politique\u00a0\u00bb et ne sait plus \u00e0 quel saint se vouer. Tous, \u00ab\u00a0droite\u00a0\u00bb, \u00ab\u00a0gauche\u00a0\u00bb, \u00ab\u00a0centre\u00a0\u00bb, r\u00e9citent la m\u00eame chanson et scandent les m\u00eames slogans ou presque\u00a0: justice sociale, \u00e9galit\u00e9 des chances, mod\u00e8le inclusif\u2026 \u00a0Ce qui a fait dire \u00e0 un ami qui a assist\u00e9 r\u00e9cemment \u00e0 une rencontre sur \u00ab\u00a0finances publiques et justice sociale\u00a0\u00bb que \u00ab\u00a0tout le monde emploie un discours de gauche\u00a0\u00bb\u00a0!! Si telle \u00e9tait effectivement la conviction des uns et des autres, \u00e0 quoi bon d\u2019avoir toute une pl\u00e9iade de partis politiques\u00a0?<\/span><\/p>\n<p><span style=\"font-weight: 400;\">C\u2019est cette confusion des r\u00f4les, \u00a0sciemment entretenue\u00a0?, qui retarde l\u2019\u00e9volution de la d\u00e9mocratie. \u00a0Les partis politiques ont vocation d\u2019encadrer les citoyens et de rentrer en comp\u00e9tition sur la base des programmes et des projets de soci\u00e9t\u00e9 pour essayer de convaincre les \u00e9lecteurs potentiels soit pour \u00a0acc\u00e9der \u00e0 la gestion des affaires du pays, soit pour exercer le r\u00f4le d\u2019opposition dans une optique d\u2019\u00e9quilibre des pouvoirs. La situation actuelle de la soci\u00e9t\u00e9 marocaine doit en principe inciter les partis politiques \u00e0 agir dans ce sens. En effet, la stratification sociale de la soci\u00e9t\u00e9 marocaine ne pr\u00eate gu\u00e8re \u00e0 \u00e9quivoque, les classes sociales existent bel et bien et \u00a0les int\u00e9r\u00eats antagonistes entre ces classes sont une r\u00e9alit\u00e9<\/span> <span style=\"font-weight: 400;\">\u00a0tangible, \u00a0le capitalisme se d\u00e9veloppe et proc\u00e8de \u00e0 la \u00ab\u00a0destruction cr\u00e9atrice\u00a0\u00bb au quotidien en d\u00e9sagr\u00e9geant les \u00a0classes sociales et les modes de production traditionnels, les ph\u00e9nom\u00e8nes d\u2019inclusion et d\u2019exclusion se superposent de plus en plus\u2026 Dans ces conditions, le bon sens aidant, chaque parti politique, tout en exprimant son attachement \u00e0 un certain nombre de valeurs, doit se positionner par rapport \u00e0 ces contradictions et choisir son \u00ab\u00a0clan\u00a0\u00bb pour ainsi dire. Pr\u00e9tende d\u00e9fendre vaguement \u00a0les int\u00e9r\u00eats de tout le peuple rel\u00e8ve de la d\u00e9magogie et du populisme. Scander des mots d\u2019ordre de la gauche et faire comme si, tout en gardant une pratique fonci\u00e8rement de droite, rel\u00e8ve de l\u2019opportunisme. Dire que l\u2019\u00e8re des id\u00e9ologies est r\u00e9volue, c\u2019est surfer sur les vagues d\u2019une mode dont l\u2019exp\u00e9rience commence \u00e0 montrer ses limites.<\/span><\/p>\n<p><span style=\"font-weight: 400;\">Cette clarification est n\u00e9cessaire pour nouer des alliances saines et productives entre forces politiques ayant des affinit\u00e9s id\u00e9ologiques \u00a0et sortir le pays de cette transition d\u00e9mocratique qui a l\u2019air de faire du sur-place. Notre pays a besoin d\u2019un front de gauche fort qui soit le porte-parole \u00a0de ces classes montantes et ces couches d\u00e9sh\u00e9rit\u00e9es qui se trouvent aujourd\u2019hui sans voix \u00e0 l\u2019exception de la rue et des r\u00e9seaux sociaux. Il a tout autant besoin d\u2019un front lib\u00e9ral qui s\u2019assume pleinement et qui a le courage de d\u00e9fendre son projet et de d\u00e9velopper une culture et une philosophie lib\u00e9rales. Nous manquons terriblement d\u2019une \u00ab\u00a0bourgeoisie nationale\u00bb porteuse d\u2019un projet mobilisateur \u00a0qui s\u2019attaquerait- en alliance avec les forces de gauche \u00e9ventuellement- \u00e0 l\u2019\u00e9limination des r\u00e9sistances au progr\u00e8s et des privil\u00e8ges relevant du pass\u00e9. Bien s\u00fbr, comme dans toute soci\u00e9t\u00e9, les forces conservatrices existent et ont le droit de s\u2018exprimer. Mais il faut les emp\u00eacher de se nourrir de la mamelle religieuse en donnant leur propre interpr\u00e9tation de l\u2019islam \u00e0 des fins inavou\u00e9es. Soyons clairs\u00a0: la religion doit \u00eatre laiss\u00e9e \u00e0 l\u2019\u00e9cart de la comp\u00e9tition politique. La constitution ne mentionne qu\u2019un Seul Commandeur des Croyants qui est SM le Roi. Et \u00a0personne n\u2019a le droit de s\u2019interf\u00e9rer entre Dieu et le citoyen. <\/span><\/p>\n<p><span style=\"font-weight: 400;\">Cette clarification, \u00a0\u00a0rendue imp\u00e9rative et urgentissime, \u00a0\u00a0donnera du sens au politique et donnera, par cons\u00e9quent, le go\u00fbt aux citoyens pour renouer avec les partis politiques. \u00a0La balle est d\u00e9sormais dans le camp de ces derniers. Qu\u2019on ne vienne pas chercher des alibis pour justifier leur l\u00e9thargie. Et continuer \u00e0 \u00a0faire de l\u2019agitation dans l\u2019immobilisme. Faut-il rappeler cette \u00e9vidence\u00a0: pas de d\u00e9mocratie sans partis politiques, et pas de d\u00e9mocratie sans d\u00e9mocrates\u00a0!<\/span><\/p>\n<p><span style=\"font-weight: 400; color: #3366ff;\">Al Bayane du mercredi 26 septembre 2018<\/span><\/p>\n","protected":false},"excerpt":{"rendered":"<p>Le champ politique national continue \u00e0 \u00eatre travers\u00e9 par un brouillard intense rendant la visibilit\u00e9 difficile voire impossible. Ce qui ne fait qu\u2019\u00e9largir la distance entre les partis et les citoyens qu\u2019ils sont cens\u00e9s encadrer et tout particuli\u00e8rement les jeunes. Doit-on rappeler que \u00a0seuls 1% des jeunes de 15-35 ans d\u00e9clarent appartenir \u00e0 un parti [&hellip;]<\/p>\n","protected":false},"author":1,"featured_media":7337,"comment_status":"open","ping_status":"open","sticky":false,"template":"","format":"standard","meta":{"footnotes":""},"categories":[18],"tags":[],"class_list":["post-7614","post","type-post","status-publish","format-standard","has-post-thumbnail","hentry","category-point-de-vue"],"_links":{"self":[{"href":"https:\/\/pps.ma\/fr\/wp-json\/wp\/v2\/posts\/7614","targetHints":{"allow":["GET"]}}],"collection":[{"href":"https:\/\/pps.ma\/fr\/wp-json\/wp\/v2\/posts"}],"about":[{"href":"https:\/\/pps.ma\/fr\/wp-json\/wp\/v2\/types\/post"}],"author":[{"embeddable":true,"href":"https:\/\/pps.ma\/fr\/wp-json\/wp\/v2\/users\/1"}],"replies":[{"embeddable":true,"href":"https:\/\/pps.ma\/fr\/wp-json\/wp\/v2\/comments?post=7614"}],"version-history":[{"count":1,"href":"https:\/\/pps.ma\/fr\/wp-json\/wp\/v2\/posts\/7614\/revisions"}],"predecessor-version":[{"id":7615,"href":"https:\/\/pps.ma\/fr\/wp-json\/wp\/v2\/posts\/7614\/revisions\/7615"}],"wp:featuredmedia":[{"embeddable":true,"href":"https:\/\/pps.ma\/fr\/wp-json\/wp\/v2\/media\/7337"}],"wp:attachment":[{"href":"https:\/\/pps.ma\/fr\/wp-json\/wp\/v2\/media?parent=7614"}],"wp:term":[{"taxonomy":"category","embeddable":true,"href":"https:\/\/pps.ma\/fr\/wp-json\/wp\/v2\/categories?post=7614"},{"taxonomy":"post_tag","embeddable":true,"href":"https:\/\/pps.ma\/fr\/wp-json\/wp\/v2\/tags?post=7614"}],"curies":[{"name":"wp","href":"https:\/\/api.w.org\/{rel}","templated":true}]}}