{"id":7617,"date":"2018-10-05T11:12:55","date_gmt":"2018-10-05T11:12:55","guid":{"rendered":"http:\/\/ppsmaroc.com\/fr\/?p=7617"},"modified":"2018-10-05T11:12:55","modified_gmt":"2018-10-05T11:12:55","slug":"lexecutif-en-mal-de-mer","status":"publish","type":"post","link":"https:\/\/pps.ma\/fr\/7617\/","title":{"rendered":"L\u2019ex\u00e9cutif, en mal de mer !"},"content":{"rendered":"<p><span style=\"color: #3366ff;\">Saoudi El Amalki<\/span><\/p>\n<p><img loading=\"lazy\" decoding=\"async\" class=\"aligncenter size-full wp-image-1926\" src=\"http:\/\/ppsmaroc.com\/fr\/wp-content\/uploads\/2013\/02\/saoud-amalki.jpg\" alt=\"\" width=\"640\" height=\"430\" srcset=\"https:\/\/pps.ma\/fr\/wp-content\/uploads\/2013\/02\/saoud-amalki.jpg 640w, https:\/\/pps.ma\/fr\/wp-content\/uploads\/2013\/02\/saoud-amalki-300x201.jpg 300w, https:\/\/pps.ma\/fr\/wp-content\/uploads\/2013\/02\/saoud-amalki-99x66.jpg 99w\" sizes=\"auto, (max-width: 640px) 100vw, 640px\" \/><\/p>\n<p>Le vaisseau minist\u00e9riel, conduit par le capitaine de l\u2019\u00e9quipage gouvernemental, accoste aujourd\u2019hui \u00e0 la baie d\u2019Agadir. Malgr\u00e9 le mal de mer, caus\u00e9 par les turbulences atmosph\u00e9riques, il finit par amerrir sur le quai de la capitale du Souss. Ces rencontres de proximit\u00e9 entam\u00e9es, il y a quelques temps, avec les populations respectives, visent \u00e0 tendre les passerelles de communication directe et de connaissance de visu des besoins exprim\u00e9s par les diff\u00e9rents intervenants. En somme, l\u2019ex\u00e9cutif se met, depuis un certain temps, au service des citoyens pour une meilleure appr\u00e9hension des contraintes qui subsistent encore pour tel ou tel secteur. Apr\u00e8s l\u2019allocution inaugurale du chef de file, les ministres pr\u00e9sentent, tour \u00e0 tour, le plan d\u2019action qu\u2019ils comptent mettre en application, \u00e9tendu sur le restant de leur mandat. Un exercice de d\u00e9mocratie participative qui invite les uns et les autres \u00e0 recouvrer la confiance perdue et raviver les liens de mutualit\u00e9 compromise. Une occasion \u00e9galement de revigorer la coh\u00e9sion de la majorit\u00e9, ne serait-ce que momentan\u00e9ment devant une assistance, de plus en plus r\u00e9ticente devant l\u2019attitude belliqueuse dont font montre certaines de ses composantes.<\/p>\n<p>Au-del\u00e0 donc des aspects techniques de ces d\u00e9monstrations intentionnelles, il va sans dire que le gouvernement actuel est plut\u00f4t d\u00e9noyaut\u00e9 de substance politique, \u00e0 m\u00eame de remplir sa mission dans les conditions optimales. La nature lib\u00e9rale de son offre r\u00e9solument tourn\u00e9e vers la paup\u00e9risation des larges souches d\u00e9sh\u00e9rit\u00e9es, a conduit \u00e0 la d\u00e9rive, en plus du comportement conflictuel de ses constituantes de base. Certes, le syst\u00e8me d\u2019ensemble n\u2019incite gu\u00e8re \u00e0 mettre en place une gouvernance susceptible d\u2019asseoir l\u2019homog\u00e9n\u00e9it\u00e9 escompt\u00e9e et d\u2019insuffler l\u2019entrain politique attendu. Une approche vell\u00e9itaire vou\u00e9e \u00e0 l\u2019accaparement des ressources du pays par des minorit\u00e9s renti\u00e8res, au d\u00e9racinement des Institutions de leur contenu constitutionnel, \u00e0 la prolif\u00e9ration des pratiques attentatoires \u00e0 l\u2019\u00e9thique et la loyaut\u00e9&#8230;Ce dont l\u2019ex\u00e9cutif a donc grand besoin, c\u2019est incontestablement une bouff\u00e9e politique susceptible de s\u2019attaquer fermement \u00e0 ces freins nocifs qui ne cessent de porter malheur au d\u00e9veloppement de la Nation. En est-il capable, du reste ?<\/p>\n<p>Franchement, tous les indicateurs aussi bien apparents que latents r\u00e9v\u00e8lent cette impuissance d\u2019affronter les dossiers br\u00fblants qui n\u00e9cessitent cran et savoir-faire. Or, en d\u00e9pit de la volont\u00e9 de nombre de ses \u00e9l\u00e9ments p\u00e9tris de volume politique et d\u2019abn\u00e9gation civique, la constitution du gouvernement est bien loin de se montrer bien arm\u00e9e de faire r\u00e9gner l\u2019harmonie solidaire et de confronter les probl\u00e9matiques majeures de l\u2019heure, \u00e0 l\u2019image de sa locomotive terne et mi\u00e8vre, face aux barons de la discorde et du statu quo anti-d\u00e9mocratique. Ce constat est, sans doute, incontestable, suscite consternation dans les milieux populaires, en qu\u00eate de la d\u00e9livrance de l\u2019\u00e9tau qui se resserre davantage et interpelle toutes les forces vives. Car, il faut bien dire que cette faiblesse saillante ne saurait faire baisser les bras aux fervents d\u00e9fenseurs des causes supr\u00eames du peuple et de la Nation. Il est alors question du sort du pays que les formations politiques, notamment celles qui se veulent nationales, d\u00e9mocratiques et progressistes, se doivent de pr\u00e9server, sans calculs politiciens r\u00e9ducteurs. Au moins deux de ces partis qui composent, en fait, l\u2019\u00e9quipe gouvernementale, en baisse de r\u00e9gime !<\/p>\n","protected":false},"excerpt":{"rendered":"<p>Saoudi El Amalki Le vaisseau minist\u00e9riel, conduit par le capitaine de l\u2019\u00e9quipage gouvernemental, accoste aujourd\u2019hui \u00e0 la baie d\u2019Agadir. Malgr\u00e9 le mal de mer, caus\u00e9 par les turbulences atmosph\u00e9riques, il finit par amerrir sur le quai de la capitale du Souss. Ces rencontres de proximit\u00e9 entam\u00e9es, il y a quelques temps, avec les populations respectives, [&hellip;]<\/p>\n","protected":false},"author":1,"featured_media":1926,"comment_status":"open","ping_status":"open","sticky":false,"template":"","format":"standard","meta":{"footnotes":""},"categories":[18],"tags":[],"class_list":["post-7617","post","type-post","status-publish","format-standard","has-post-thumbnail","hentry","category-point-de-vue"],"_links":{"self":[{"href":"https:\/\/pps.ma\/fr\/wp-json\/wp\/v2\/posts\/7617","targetHints":{"allow":["GET"]}}],"collection":[{"href":"https:\/\/pps.ma\/fr\/wp-json\/wp\/v2\/posts"}],"about":[{"href":"https:\/\/pps.ma\/fr\/wp-json\/wp\/v2\/types\/post"}],"author":[{"embeddable":true,"href":"https:\/\/pps.ma\/fr\/wp-json\/wp\/v2\/users\/1"}],"replies":[{"embeddable":true,"href":"https:\/\/pps.ma\/fr\/wp-json\/wp\/v2\/comments?post=7617"}],"version-history":[{"count":1,"href":"https:\/\/pps.ma\/fr\/wp-json\/wp\/v2\/posts\/7617\/revisions"}],"predecessor-version":[{"id":7618,"href":"https:\/\/pps.ma\/fr\/wp-json\/wp\/v2\/posts\/7617\/revisions\/7618"}],"wp:featuredmedia":[{"embeddable":true,"href":"https:\/\/pps.ma\/fr\/wp-json\/wp\/v2\/media\/1926"}],"wp:attachment":[{"href":"https:\/\/pps.ma\/fr\/wp-json\/wp\/v2\/media?parent=7617"}],"wp:term":[{"taxonomy":"category","embeddable":true,"href":"https:\/\/pps.ma\/fr\/wp-json\/wp\/v2\/categories?post=7617"},{"taxonomy":"post_tag","embeddable":true,"href":"https:\/\/pps.ma\/fr\/wp-json\/wp\/v2\/tags?post=7617"}],"curies":[{"name":"wp","href":"https:\/\/api.w.org\/{rel}","templated":true}]}}