{"id":7627,"date":"2018-10-17T12:03:34","date_gmt":"2018-10-17T12:03:34","guid":{"rendered":"http:\/\/ppsmaroc.com\/fr\/?p=7627"},"modified":"2018-10-17T12:03:34","modified_gmt":"2018-10-17T12:03:34","slug":"la-complexite","status":"publish","type":"post","link":"https:\/\/pps.ma\/fr\/7627\/","title":{"rendered":"La complexit\u00e9"},"content":{"rendered":"<p><span style=\"color: #3366ff;\">Par\u00a0: Abdeslam Seddiki<\/span><\/p>\n<p><img loading=\"lazy\" decoding=\"async\" class=\"aligncenter size-full wp-image-4960\" src=\"http:\/\/ppsmaroc.com\/fr\/wp-content\/uploads\/2013\/12\/seddiki-2013-12-12.jpg\" alt=\"\" width=\"770\" height=\"450\" srcset=\"https:\/\/pps.ma\/fr\/wp-content\/uploads\/2013\/12\/seddiki-2013-12-12.jpg 770w, https:\/\/pps.ma\/fr\/wp-content\/uploads\/2013\/12\/seddiki-2013-12-12-300x175.jpg 300w\" sizes=\"auto, (max-width: 770px) 100vw, 770px\" \/><\/p>\n<p><span style=\"font-weight: 400;\">L\u2019universit\u00e9 annuelle organis\u00e9e samedi dernier par le PPS fera s\u00fbrement date. Par le th\u00e8me choisi\u00a0d\u2019abord : \u00ab\u00a0le mod\u00e8le de d\u00e9veloppement d\u00e9mocratique, efficient et \u00e9quitable\u00a0\u00bb. Ainsi, elle a touch\u00e9 au fond du d\u00e9bat national pour rompre avec la m\u00e9diocrit\u00e9 ambiante aliment\u00e9e par les faits divers g\u00e9n\u00e9ralement \u00a0fabriqu\u00e9s de toutes pi\u00e8ces afin de d\u00e9tourner l\u2019opinion publiques des questions fondamentales. Par la qualit\u00e9 et la pluralit\u00e9 des intervenants ensuite\u00a0: ces derniers sont dans leur majorit\u00e9 des sommit\u00e9s scientifiques et des personnalit\u00e9s politiques qui constituent une fiert\u00e9 pour notre pays. Le PPS a vu juste en optant pour un d\u00e9bat ouvert et contradictoire et en s\u2019ouvrant sur des personnes qui ne partagent pas n\u00e9cessairement ses positions. \u00a0D\u2019ailleurs, le d\u00e9bat ne peut se faire que dans la contradiction surtout lorsqu\u2019il s\u2019agit de questions soci\u00e9tales complexes. <\/span><\/p>\n<p><span style=\"font-weight: 400;\">Et justement sous l\u2019angle de cette complexit\u00e9 que le Professeur Mohamed Berrada a abord\u00e9 \u00ab\u00a0les fondamentaux d\u2019un nouveau mod\u00e8le de d\u00e9veloppement\u00a0\u00bb. Pour ce faire, il a opt\u00e9 pour une m\u00e9thodologie emprunt\u00e9e \u00e0 la fois \u00e0 deux illustres penseurs\u00a0: Karl Marx et Edgar Morin. \u00a0Il a pris \u00ab\u00a0la dialectique\u00a0 mat\u00e9rialiste \u00a0\u00bb chez le premier et la th\u00e9orie de \u00ab\u00a0la complexit\u00e9\u00a0\u00bb chez le second pour construire une \u00ab\u00a0pens\u00e9e dialectique du complexe\u00a0\u00bb qui est seule \u00e0 m\u00eame de faire le contrepoids \u00e0 la pens\u00e9e n\u00e9o-lib\u00e9rale dominante. A l\u2019aide de cette dialectique du complexe, l\u2019orateur a montr\u00e9 toutes les faiblesses de notre mod\u00e8le de d\u00e9veloppement et esquiss\u00e9 les contours d\u2019un nouveau mod\u00e8le. <\/span><\/p>\n<p><span style=\"font-weight: 400;\">Le d\u00e9veloppement d\u2019apr\u00e8s l\u2019auteur \u00ab\u00a0est un concept complexe. Il lie une multitude de facteurs entre eux, comme l\u2019\u00e9conomie, l\u2019\u00e9ducation, les valeurs soci\u00e9tales, les traditions, le processus d\u00e9mocratique, l\u2019histoire, le savoir-faire, le temps\u2026etc.\u2026des facteurs quantifiables qui se m\u00e9langent avec des facteurs non quantifiables\u00a0\u00bb. Il rejoint en cela les grands Economistes comme \u00a0Fran\u00e7ois Perroux, De Bernis, Aziz Belal et d\u2019autres. <\/span><\/p>\n<p><span style=\"font-weight: 400;\">Il \u00a0critique s\u00e9v\u00e8rement le libre \u2013\u00e9change \u00e0 tout crin\u00a0: \u00ab\u00a0 Le pays a besoin d\u2019un minimum de patriotisme \u00e9conomique. Donner la priorit\u00e9 \u00e0 la production nationale. \u00ab Maroc d\u2019abord ! \u00bb. Et de poursuivre\u00a0: \u00ab\u00a0Entre le libre- \u00e9change tout azimut et protectionnisme tout azimut, il y a des espaces de pr\u00e9caution o\u00f9 des actions sont n\u00e9cessaires pour renforcer la comp\u00e9titivit\u00e9 de notre industrie, tout en respectant nos accords. Partout dans le monde, \u00e0 l\u2019exception de notre pays, le d\u00e9bat entre libre \u00e9changistes et protectionnistes, entre souverainistes et mondialistes est ouvert\u00a0\u00bb.<\/span><\/p>\n<p><span style=\"font-weight: 400;\"> Pour l\u2019ancien Ministre des \u00a0finances, le mod\u00e8le de d\u00e9veloppement se d\u00e9finit ainsi\u00a0: \u00ab\u00a0Un mod\u00e8le o\u00f9 on parlera moins de croissance et plus de d\u00e9veloppement, o\u00f9 la qualit\u00e9 deviendrait un crit\u00e8re plus pertinent que la quantit\u00e9, un mod\u00e8le qui place l&rsquo;homme au centre de toute pr\u00e9occupation, un mod\u00e8le, o\u00f9 on cherchera \u00e0 se moderniser sans s\u2019occidentaliser, en construisant nos strat\u00e9gies sur nos valeurs traditionnelles, \u00e0 l\u2019instar de certains pays asiatiques comme la Chine, le Japon ou m\u00eame la Turque, un mod\u00e8le qui verrait l&rsquo;\u00e9conomie verte submerger l&rsquo;\u00e9conomie financi\u00e8re, le concept de bien-\u00eatre dominer celui du bien-avoir, un mod\u00e8le o\u00f9 l\u2019\u00e9conomie sociale et solidaire envahit peu \u00e0 peu les domaines de l\u2019\u00e9conomie financi\u00e8re.\u00a0\u00bb<\/span><\/p>\n<p><span style=\"font-weight: 400;\"> C\u2019est bien ce que pense le PPS\u00a0!! D\u2019ailleurs, \u00a0cette convergence de vues a \u00e9t\u00e9 bien relev\u00e9e par certains intervenants. Quand on se d\u00e9barrasse du dogmatisme, du stalinisme et \u00a0de la pens\u00e9e unique pour s\u2019impr\u00e9gner de l\u2019esprit scientifique et d\u2019un patriotisme sinc\u00e8re, il n\u2019est pas exclu de d\u00e9gager des terrains d\u2019entente et des espaces de convergence. <\/span><\/p>\n<p><span style=\"font-weight: 400;\">En fin de compte, nous pouvons affirmer, sans exc\u00e8s d\u2019autosatisfaction, que l\u2019universit\u00e9 annuelle du PPS a tenu ses promesses. Le Parti a d\u00e9montr\u00e9, \u00a0encore une fois, sa force en tant que parti qui sait cr\u00e9er l\u2019\u00e9v\u00e9nement sans verser dans le show politique qui se transforme en feu de paille. Cette journ\u00e9e a d\u00e9montr\u00e9 aussi que le pays regorge de potentialit\u00e9s intellectuelles capables de produire des id\u00e9es et de proposer des solutions. Aux politiques de saisir cette aubaine pour valoriser le \u00ab\u00a0made in Morocco\u00a0\u00bb. C\u2019est du patriotisme \u00a0tout court\u00a0!!<\/span><\/p>\n<p><span style=\"font-weight: 400; color: #3366ff;\">Al Bayane du mercredi 17 octobre 2018<\/span><\/p>\n","protected":false},"excerpt":{"rendered":"<p>Par\u00a0: Abdeslam Seddiki L\u2019universit\u00e9 annuelle organis\u00e9e samedi dernier par le PPS fera s\u00fbrement date. Par le th\u00e8me choisi\u00a0d\u2019abord : \u00ab\u00a0le mod\u00e8le de d\u00e9veloppement d\u00e9mocratique, efficient et \u00e9quitable\u00a0\u00bb. Ainsi, elle a touch\u00e9 au fond du d\u00e9bat national pour rompre avec la m\u00e9diocrit\u00e9 ambiante aliment\u00e9e par les faits divers g\u00e9n\u00e9ralement \u00a0fabriqu\u00e9s de toutes pi\u00e8ces afin de d\u00e9tourner [&hellip;]<\/p>\n","protected":false},"author":1,"featured_media":4960,"comment_status":"open","ping_status":"open","sticky":false,"template":"","format":"standard","meta":{"footnotes":""},"categories":[18],"tags":[],"class_list":["post-7627","post","type-post","status-publish","format-standard","has-post-thumbnail","hentry","category-point-de-vue"],"_links":{"self":[{"href":"https:\/\/pps.ma\/fr\/wp-json\/wp\/v2\/posts\/7627","targetHints":{"allow":["GET"]}}],"collection":[{"href":"https:\/\/pps.ma\/fr\/wp-json\/wp\/v2\/posts"}],"about":[{"href":"https:\/\/pps.ma\/fr\/wp-json\/wp\/v2\/types\/post"}],"author":[{"embeddable":true,"href":"https:\/\/pps.ma\/fr\/wp-json\/wp\/v2\/users\/1"}],"replies":[{"embeddable":true,"href":"https:\/\/pps.ma\/fr\/wp-json\/wp\/v2\/comments?post=7627"}],"version-history":[{"count":1,"href":"https:\/\/pps.ma\/fr\/wp-json\/wp\/v2\/posts\/7627\/revisions"}],"predecessor-version":[{"id":7628,"href":"https:\/\/pps.ma\/fr\/wp-json\/wp\/v2\/posts\/7627\/revisions\/7628"}],"wp:featuredmedia":[{"embeddable":true,"href":"https:\/\/pps.ma\/fr\/wp-json\/wp\/v2\/media\/4960"}],"wp:attachment":[{"href":"https:\/\/pps.ma\/fr\/wp-json\/wp\/v2\/media?parent=7627"}],"wp:term":[{"taxonomy":"category","embeddable":true,"href":"https:\/\/pps.ma\/fr\/wp-json\/wp\/v2\/categories?post=7627"},{"taxonomy":"post_tag","embeddable":true,"href":"https:\/\/pps.ma\/fr\/wp-json\/wp\/v2\/tags?post=7627"}],"curies":[{"name":"wp","href":"https:\/\/api.w.org\/{rel}","templated":true}]}}