{"id":7633,"date":"2018-10-21T15:34:44","date_gmt":"2018-10-21T15:34:44","guid":{"rendered":"http:\/\/ppsmaroc.com\/fr\/?p=7633"},"modified":"2018-10-21T15:35:30","modified_gmt":"2018-10-21T15:35:30","slug":"cours-inaugural-a-la-faculte-des-lettres-dagadir-culture-et-identite-quels-defis-a-relever","status":"publish","type":"post","link":"https:\/\/pps.ma\/fr\/7633\/","title":{"rendered":"Cours inaugural \u00e0 la facult\u00e9 des lettres d\u2019Agadir Culture et identit\u00e9 : quels d\u00e9fis \u00e0 relever ?"},"content":{"rendered":"<p><span style=\"color: #3366ff;\">Saoudi El Amalki<\/span><\/p>\n<p><img loading=\"lazy\" decoding=\"async\" class=\"aligncenter size-full wp-image-1926\" src=\"http:\/\/ppsmaroc.com\/fr\/wp-content\/uploads\/2013\/02\/saoud-amalki.jpg\" alt=\"\" width=\"640\" height=\"430\" srcset=\"https:\/\/pps.ma\/fr\/wp-content\/uploads\/2013\/02\/saoud-amalki.jpg 640w, https:\/\/pps.ma\/fr\/wp-content\/uploads\/2013\/02\/saoud-amalki-300x201.jpg 300w, https:\/\/pps.ma\/fr\/wp-content\/uploads\/2013\/02\/saoud-amalki-99x66.jpg 99w\" sizes=\"auto, (max-width: 640px) 100vw, 640px\" \/><\/p>\n<p>Comme \u00e0 son accoutum\u00e9e, la facult\u00e9 des lettres et sciences humaines \u00e0 Agadir a inaugur\u00e9 sa rentr\u00e9e universitaire par un cours magistral sign\u00e9 Dr Azzedine Bounite, \u00e9minent expert en la mati\u00e8re et ancien directeur r\u00e9gional de la culture. En pr\u00e9ambule, l\u2019omnipr\u00e9sent doyen de cet \u00e9tablissement universitaire, Dr Ahmed Belcadi a prononc\u00e9 une allocution introductive devant l\u2019imposante assistance. Par la suite, Dans une salle archi-comble, compos\u00e9e d\u2019un parterre de chercheurs, d\u2019intellectuels et d\u2019\u00e9tudiants, l\u2019illustre intervenant pr\u00e9senta son discours d\u2019un ton \u00e0 la fois fervent et persuasif. Il faut bien dire que son passage \u00e0 la t\u00eate du d\u00e9partement des affaires culturelles ainsi que sa longue \u00e9rudition dans les amphith\u00e9\u00e2tres et les enceintes de la facult\u00e9, lui ont fait acqu\u00e9rir une forte maturit\u00e9 d\u2019analyse et de synth\u00e8se. Tout au long de sa communication, fluide et interpellante, il d\u00e9bitait des propos messagers de haute qualit\u00e9 intellectuelle, tout en usant d\u2019une approche compar\u00e9e dans l\u2019\u00e9volution identitaire et civilisationnelle de la question culturelle dans notre pays.<\/p>\n<p>D\u2019embl\u00e9e, le conf\u00e9rencier se fit un ardent plaidoyer de la chose culturelle qu\u2019il consid\u00e9ra, en fait, comme une condition imp\u00e9rative dans l\u2019\u00e9dification des individus et des collectivit\u00e9s. Contrairement aux nations qui ont sit\u00f4t tabl\u00e9 sur la culture pour l\u2019essor de l\u2019\u00e9l\u00e9ment humain et la croissance de leur pays, le Maroc l\u2019a, depuis des lustres, rel\u00e9gu\u00e9e au second plan dans la mise en avant de ses politiques publiques. Et de poursuivre que les modiques enveloppes budg\u00e9taires attribu\u00e9es \u00e0 la culture dans les projets de loi de finances, traduisent bien cette perception d\u00e9risoire affich\u00e9e par les d\u00e9cideurs \u00e0 cet \u00e9gard. Pr\u00e9cisant cette importance d\u00e9cisive que rev\u00eat la culture dans le parcours des g\u00e9n\u00e9rations montantes, l\u2019orateur a d\u00e9voil\u00e9 ce gros d\u00e9ficit en termes de lecture, en r\u00e9v\u00e9lant des statistiques aussi pi\u00e8tres que d\u00e9solantes. Alors que dans d\u2019autres contr\u00e9es qui placent la culture au centre de leurs soucis, investissent sans compter dans le domaine de la diffusion livresque au service de l\u2019\u00eatre humain, toutes souches confondues, tout en \u00e9tant conscientes de son impact certain.<\/p>\n<p>Dans le m\u00eame ordre d\u2019id\u00e9es, Dr Azeddine Bounite, mit en exergue les retomb\u00e9es judicieuses sur le comportement, tout en particulier, des enfants, d\u00e8s leur bas \u00e2ge, en mettant en place une strat\u00e9gie de culture porteuse et g\u00e9n\u00e9ralis\u00e9e. C\u2019est, en effet, un r\u00e9el propulseur des valeurs et des vertus que les jeunes se devraient de porter, durant leur vie estudiantine et, plus tard, professionnelle. Les principes de civisme, de tol\u00e9rance et de labeur constituent des atouts majeurs dans le fa\u00e7onnement des enfants, pour les pr\u00e9parer fortement aux diff\u00e9rents d\u00e9fis \u00e0 relever. Il exhorte enfin, toutes les composantes de la facult\u00e9 de s\u2019atteler \u00e0 valoriser et optimiser une v\u00e9ritable r\u00e9volution culturelle illumin\u00e9e afin de faire face aux assauts n\u00e9fastes des tendances obscurantistes et r\u00e9actionnaires, dans une soci\u00e9t\u00e9 en proie des souffles de l\u2019extr\u00eamisme, de la d\u00e9n\u00e9gation et du nihilisme. Un appel qui, sans doute, r\u00e9chauffe les c\u0153urs des pr\u00e9sents, sachant que le cadre agr\u00e9able et l\u2019engouement synergique dans lesquels se trouve la facult\u00e9, pr\u00eatent \u00e0 l\u2019appr\u00e9hension positive de la dynamique culturelle.<\/p>\n","protected":false},"excerpt":{"rendered":"<p>Saoudi El Amalki Comme \u00e0 son accoutum\u00e9e, la facult\u00e9 des lettres et sciences humaines \u00e0 Agadir a inaugur\u00e9 sa rentr\u00e9e universitaire par un cours magistral sign\u00e9 Dr Azzedine Bounite, \u00e9minent expert en la mati\u00e8re et ancien directeur r\u00e9gional de la culture. En pr\u00e9ambule, l\u2019omnipr\u00e9sent doyen de cet \u00e9tablissement universitaire, Dr Ahmed Belcadi a prononc\u00e9 une [&hellip;]<\/p>\n","protected":false},"author":1,"featured_media":6822,"comment_status":"open","ping_status":"open","sticky":false,"template":"","format":"standard","meta":{"footnotes":""},"categories":[18],"tags":[],"class_list":["post-7633","post","type-post","status-publish","format-standard","has-post-thumbnail","hentry","category-point-de-vue"],"_links":{"self":[{"href":"https:\/\/pps.ma\/fr\/wp-json\/wp\/v2\/posts\/7633","targetHints":{"allow":["GET"]}}],"collection":[{"href":"https:\/\/pps.ma\/fr\/wp-json\/wp\/v2\/posts"}],"about":[{"href":"https:\/\/pps.ma\/fr\/wp-json\/wp\/v2\/types\/post"}],"author":[{"embeddable":true,"href":"https:\/\/pps.ma\/fr\/wp-json\/wp\/v2\/users\/1"}],"replies":[{"embeddable":true,"href":"https:\/\/pps.ma\/fr\/wp-json\/wp\/v2\/comments?post=7633"}],"version-history":[{"count":2,"href":"https:\/\/pps.ma\/fr\/wp-json\/wp\/v2\/posts\/7633\/revisions"}],"predecessor-version":[{"id":7635,"href":"https:\/\/pps.ma\/fr\/wp-json\/wp\/v2\/posts\/7633\/revisions\/7635"}],"wp:featuredmedia":[{"embeddable":true,"href":"https:\/\/pps.ma\/fr\/wp-json\/wp\/v2\/media\/6822"}],"wp:attachment":[{"href":"https:\/\/pps.ma\/fr\/wp-json\/wp\/v2\/media?parent=7633"}],"wp:term":[{"taxonomy":"category","embeddable":true,"href":"https:\/\/pps.ma\/fr\/wp-json\/wp\/v2\/categories?post=7633"},{"taxonomy":"post_tag","embeddable":true,"href":"https:\/\/pps.ma\/fr\/wp-json\/wp\/v2\/tags?post=7633"}],"curies":[{"name":"wp","href":"https:\/\/api.w.org\/{rel}","templated":true}]}}