{"id":7646,"date":"2018-10-29T14:14:08","date_gmt":"2018-10-29T14:14:08","guid":{"rendered":"http:\/\/ppsmaroc.com\/fr\/?p=7646"},"modified":"2018-10-29T14:14:08","modified_gmt":"2018-10-29T14:14:08","slug":"remettre-les-pendules-a-lheure","status":"publish","type":"post","link":"https:\/\/pps.ma\/fr\/7646\/","title":{"rendered":"Remettre les pendules \u00e0 l\u2019HEURE !"},"content":{"rendered":"<p>Saoudi El Amalki<\/p>\n<p><img loading=\"lazy\" decoding=\"async\" class=\"aligncenter size-full wp-image-6822\" src=\"http:\/\/ppsmaroc.com\/fr\/wp-content\/uploads\/2015\/11\/Saoudi-El-Amalki.jpg\" alt=\"\" width=\"640\" height=\"430\" srcset=\"https:\/\/pps.ma\/fr\/wp-content\/uploads\/2015\/11\/Saoudi-El-Amalki.jpg 640w, https:\/\/pps.ma\/fr\/wp-content\/uploads\/2015\/11\/Saoudi-El-Amalki-300x202.jpg 300w, https:\/\/pps.ma\/fr\/wp-content\/uploads\/2015\/11\/Saoudi-El-Amalki-90x60.jpg 90w, https:\/\/pps.ma\/fr\/wp-content\/uploads\/2015\/11\/Saoudi-El-Amalki-180x120.jpg 180w, https:\/\/pps.ma\/fr\/wp-content\/uploads\/2015\/11\/Saoudi-El-Amalki-95x64.jpg 95w\" sizes=\"auto, (max-width: 640px) 100vw, 640px\" \/><\/p>\n<p>Quelle mouche a bien pu piquer l\u2019ex\u00e9cutif pour gaffer, encore une fois si brutalement ? Cette nouvelle bavure, certainement prise dans la pr\u00e9cipitation, vient de d\u00e9clencher, ipso facto, un si large toll\u00e9 au sein de la soci\u00e9t\u00e9 ? Sans doute, le gouvernement est-il en possession de son argumentaire fiable pour balancer, \u00e0 l\u2019improviste, une telle mesure qui touche directement le citoyen dans sa vie quotidienne. Encore faut-il le communiquer au grand public, d\u2019une mani\u00e8re explicite et convaincante. Apr\u00e8s avoir fix\u00e9 la date du retour \u00e0 l\u2019heure normale, on revient encore sur cette d\u00e9cision et d\u00e9cr\u00e8te son maintien sans en avoir, visiblement, assez anticip\u00e9 les cons\u00e9quences.<\/p>\n<p>En effet, une telle d\u00e9marche, vraisemblablement lanc\u00e9e \u00e0 la h\u00e2te, n\u00e9cessite beaucoup plus de doigt\u00e9 pour \u00e9viter de tomber gratuitement dans le grincement populaire. D\u2019autant plus que la rogne sociale est d\u00e9j\u00e0 pr\u00e9dispos\u00e9e \u00e0 l\u2019\u00e9clatement, \u00e0 tout moment, en raison du malaise qui hante, sans cesse, les couches d\u00e9munies du pays. Par ci, par l\u00e0, les r\u00e9actions plus ou moins acerbes, surgissent dans les r\u00e9seaux sociaux et les voies publiques, rousp\u00e9tant et conspuant cette b\u00e9vue irascible. Sit\u00f4t, des mouvements de riposte se mettent \u00e0 envahir la rue et engourdissent les gourdins des forces de l\u2019ordre, toujours \u00e0 l\u2019aff\u00fbt des manifs d\u00e9rapantes. Pourquoi se hasarder \u00e0 cr\u00e9er la hu\u00e9e absurde ?<\/p>\n<p>En fait, on ne parvient gu\u00e8re \u00e0 solutionner cette \u00e9quation \u00e0 deux inconnues, \u00e0 savoir 12 et 13 h ! Comment, les enfants aux bas \u00e2ges, peuvent-ils quitter l\u2019\u00e9cole \u00e0 midi et y revenir une heure plus tard, tout en arrivant \u00e0 combler le trajet du va et vient et le repas d\u2019entre-jour, en une heure ? Si seulement, on s\u2019\u00e9tait mis \u00e0 la place de ces gamins pour pouvoir esquiver cette stupidit\u00e9 qui ne dit pas son nom ! On se demandera alors comment on peut ignorer si froidement ces exigences inh\u00e9rentes au fonctionnement de la vie scolaire. Ceci \u00e9tant, il se pourrait que le gouvernement ait des arguments fiables pour bien expliquer sa version de la chose. C\u2019est fort possible !<\/p>\n<p>Mais, n\u2019est-il pas plus sage de soumettre son projet \u00e0 plus ample auditoire afin de se concerter sur la probl\u00e9matique dans ses plus infimes d\u00e9tails ? Le maintien ou la suppression de l\u2019heure estivale concerne aussi et surtout tous les acteurs de la vie active, en particulier les intervenants de l\u2019\u00e9ducation nationale. On se serait pass\u00e9 de jeter les populations dans de faux-probl\u00e8mes pouvant g\u00e9n\u00e9rer des incidents pr\u00e9judiciables. Le gouvernement a d\u2019autres chats \u00e0 fouetter beaucoup plus prioritaires. La panne sociale est trop aga\u00e7ante, \u00e0 plus d\u2019un titre, pour aller s\u2019aventurer dans une question aussi anodine que p\u00e9rilleuse dont les retomb\u00e9es s\u2019annoncent d\u00e9j\u00e0 mal.<\/p>\n","protected":false},"excerpt":{"rendered":"<p>Saoudi El Amalki Quelle mouche a bien pu piquer l\u2019ex\u00e9cutif pour gaffer, encore une fois si brutalement ? Cette nouvelle bavure, certainement prise dans la pr\u00e9cipitation, vient de d\u00e9clencher, ipso facto, un si large toll\u00e9 au sein de la soci\u00e9t\u00e9 ? Sans doute, le gouvernement est-il en possession de son argumentaire fiable pour balancer, \u00e0 [&hellip;]<\/p>\n","protected":false},"author":1,"featured_media":6822,"comment_status":"open","ping_status":"open","sticky":false,"template":"","format":"standard","meta":{"footnotes":""},"categories":[18],"tags":[],"class_list":["post-7646","post","type-post","status-publish","format-standard","has-post-thumbnail","hentry","category-point-de-vue"],"_links":{"self":[{"href":"https:\/\/pps.ma\/fr\/wp-json\/wp\/v2\/posts\/7646","targetHints":{"allow":["GET"]}}],"collection":[{"href":"https:\/\/pps.ma\/fr\/wp-json\/wp\/v2\/posts"}],"about":[{"href":"https:\/\/pps.ma\/fr\/wp-json\/wp\/v2\/types\/post"}],"author":[{"embeddable":true,"href":"https:\/\/pps.ma\/fr\/wp-json\/wp\/v2\/users\/1"}],"replies":[{"embeddable":true,"href":"https:\/\/pps.ma\/fr\/wp-json\/wp\/v2\/comments?post=7646"}],"version-history":[{"count":1,"href":"https:\/\/pps.ma\/fr\/wp-json\/wp\/v2\/posts\/7646\/revisions"}],"predecessor-version":[{"id":7647,"href":"https:\/\/pps.ma\/fr\/wp-json\/wp\/v2\/posts\/7646\/revisions\/7647"}],"wp:featuredmedia":[{"embeddable":true,"href":"https:\/\/pps.ma\/fr\/wp-json\/wp\/v2\/media\/6822"}],"wp:attachment":[{"href":"https:\/\/pps.ma\/fr\/wp-json\/wp\/v2\/media?parent=7646"}],"wp:term":[{"taxonomy":"category","embeddable":true,"href":"https:\/\/pps.ma\/fr\/wp-json\/wp\/v2\/categories?post=7646"},{"taxonomy":"post_tag","embeddable":true,"href":"https:\/\/pps.ma\/fr\/wp-json\/wp\/v2\/tags?post=7646"}],"curies":[{"name":"wp","href":"https:\/\/api.w.org\/{rel}","templated":true}]}}