{"id":7648,"date":"2018-10-30T09:31:11","date_gmt":"2018-10-30T09:31:11","guid":{"rendered":"http:\/\/ppsmaroc.com\/fr\/?p=7648"},"modified":"2018-10-30T09:31:11","modified_gmt":"2018-10-30T09:31:11","slug":"le-modele-du-peuple","status":"publish","type":"post","link":"https:\/\/pps.ma\/fr\/7648\/","title":{"rendered":"Le mod\u00e8le du peuple !"},"content":{"rendered":"<p><img loading=\"lazy\" decoding=\"async\" class=\"aligncenter size-full wp-image-6822\" src=\"http:\/\/ppsmaroc.com\/fr\/wp-content\/uploads\/2015\/11\/Saoudi-El-Amalki.jpg\" alt=\"\" width=\"640\" height=\"430\" srcset=\"https:\/\/pps.ma\/fr\/wp-content\/uploads\/2015\/11\/Saoudi-El-Amalki.jpg 640w, https:\/\/pps.ma\/fr\/wp-content\/uploads\/2015\/11\/Saoudi-El-Amalki-300x202.jpg 300w, https:\/\/pps.ma\/fr\/wp-content\/uploads\/2015\/11\/Saoudi-El-Amalki-90x60.jpg 90w, https:\/\/pps.ma\/fr\/wp-content\/uploads\/2015\/11\/Saoudi-El-Amalki-180x120.jpg 180w, https:\/\/pps.ma\/fr\/wp-content\/uploads\/2015\/11\/Saoudi-El-Amalki-95x64.jpg 95w\" sizes=\"auto, (max-width: 640px) 100vw, 640px\" \/><\/p>\n<p><span style=\"color: #3366ff;\">Saoudi El Amalki<\/span><\/p>\n<p>Notre pays veut, \u00e0 tout prix, cr\u00e9er un nouveau mode de vie. Il en donne le signe clair, par la plus Haute Autorit\u00e9, dans les r\u00e9cents trois discours, l\u2019un apr\u00e8s l\u2019autre. On ne veut plus de l\u2019actuel mode, car il accuse, de plus en plus, des limites et surtout des multiples tares. Antonio Gramsci, le fameux penseur marxiste disait un jour : \u00ab Il y a crise, quand l\u2019ancien monde ne veut pas mourir et le nouveau monde ne veut pas na\u00eetre ! \u00bb. Cette citation du philosophe italien du si\u00e8cle \u00e9coul\u00e9, pourrait bien nous convenir, en ces moments de transition.<\/p>\n<p>L\u2019ent\u00eatement de l\u2019actuel mod\u00e8le \u00e0 vouloir subsister, en d\u00e9pit de ses grabuges, devient un r\u00e9el danger, non pas seulement \u00e0 l\u2019ensemble des gouvern\u00e9s, mais \u00e9galement \u00e0 la totalit\u00e9 des gouvernants. On ne peut \u00e9touffer les crises du peuple par la force, sans risquer la stabilit\u00e9 de la nation, du sommet \u00e0 la base ! Tout le monde convient donc que le pr\u00e9sent mod\u00e8le de d\u00e9veloppement est \u00e0 l\u2019agonie avant de tirer sa r\u00e9v\u00e9rence sur l\u2019autel de la d\u00e9faite. Tous en sont conscients, depuis que le malaise et le d\u00e9sarroi s\u2019installent dans les foyers et les rues.<\/p>\n<p>\u00ab Il faut avoir une parfaite conscience de ses limites, surtout quand on veut les \u00e9largir ! \u00bb, r\u00e9torquait le m\u00eame intellectuel organique sarde aux ent\u00eat\u00e9s du mod\u00e8le surann\u00e9. Le mod\u00e8le de vie que notre pays tente vainement de dilater davantage est d\u00e9j\u00e0 rompu en lambeaux. Inutile de raccommoder ses parties d\u00e9pec\u00e9es, c\u2019est bel et bien, la fin d\u2019un mythe erron\u00e9 ! On se rend compte, petit \u00e0 petit, que la v\u00e9tust\u00e9 du pr\u00e9sent mod\u00e8le fait face \u00e0 des r\u00e9alit\u00e9s atroces que les d\u00e9munis endurent au quotidien.<\/p>\n<p>Le Maroc est en qu\u00eate d\u2019un nouveau mod\u00e8le o\u00f9 la vie politique recouvre ses \u00e9tincelles, car on ne peut jamais pr\u00e9tendre au d\u00e9veloppement sans d\u00e9mocratie, sans libert\u00e9 et sans champ partisan sain, fort et autonome. On ne peut non plus se vanter de s\u2019\u00e9panouir sans justice sociale, sans \u00e9galit\u00e9s spatiales et sans c\u00f4toiement des deux sexes dans la parit\u00e9 et la communion. On ne peut enfin arguer un discours coh\u00e9rent sans combler les attentes, sans assurer les droits des pauvres et sans pr\u00e9server la dignit\u00e9 des populations, dans la d\u00e9cence&#8230;<\/p>\n<p>Le Maroc a grandement besoin de ce mod\u00e8le de vie qui lui fait d\u00e9faut, depuis que l\u2019actuel mod\u00e8le lui a confisqu\u00e9, sans vergogne, toutes les conditions de vivre les plus rudimentaires. Il en devient faible, amer et mis\u00e9reux ! Il perd ses valeurs qui ont toujours fait sa fiert\u00e9 et \u00e9gare ses rep\u00e8res dans les labyrinthes du monopole, de la mainmise et de la d\u00e9pravation. Certes, des lueurs de la d\u00e9livrance se profilent \u00e0 l\u2019horizon de ce Maroc auquel aspirent les larges couches d\u00e9sh\u00e9rit\u00e9s. Ce Maroc est toujours possible !<\/p>\n","protected":false},"excerpt":{"rendered":"<p>Saoudi El Amalki Notre pays veut, \u00e0 tout prix, cr\u00e9er un nouveau mode de vie. Il en donne le signe clair, par la plus Haute Autorit\u00e9, dans les r\u00e9cents trois discours, l\u2019un apr\u00e8s l\u2019autre. On ne veut plus de l\u2019actuel mode, car il accuse, de plus en plus, des limites et surtout des multiples tares. [&hellip;]<\/p>\n","protected":false},"author":1,"featured_media":6822,"comment_status":"open","ping_status":"open","sticky":false,"template":"","format":"standard","meta":{"footnotes":""},"categories":[18],"tags":[],"class_list":["post-7648","post","type-post","status-publish","format-standard","has-post-thumbnail","hentry","category-point-de-vue"],"_links":{"self":[{"href":"https:\/\/pps.ma\/fr\/wp-json\/wp\/v2\/posts\/7648","targetHints":{"allow":["GET"]}}],"collection":[{"href":"https:\/\/pps.ma\/fr\/wp-json\/wp\/v2\/posts"}],"about":[{"href":"https:\/\/pps.ma\/fr\/wp-json\/wp\/v2\/types\/post"}],"author":[{"embeddable":true,"href":"https:\/\/pps.ma\/fr\/wp-json\/wp\/v2\/users\/1"}],"replies":[{"embeddable":true,"href":"https:\/\/pps.ma\/fr\/wp-json\/wp\/v2\/comments?post=7648"}],"version-history":[{"count":1,"href":"https:\/\/pps.ma\/fr\/wp-json\/wp\/v2\/posts\/7648\/revisions"}],"predecessor-version":[{"id":7649,"href":"https:\/\/pps.ma\/fr\/wp-json\/wp\/v2\/posts\/7648\/revisions\/7649"}],"wp:featuredmedia":[{"embeddable":true,"href":"https:\/\/pps.ma\/fr\/wp-json\/wp\/v2\/media\/6822"}],"wp:attachment":[{"href":"https:\/\/pps.ma\/fr\/wp-json\/wp\/v2\/media?parent=7648"}],"wp:term":[{"taxonomy":"category","embeddable":true,"href":"https:\/\/pps.ma\/fr\/wp-json\/wp\/v2\/categories?post=7648"},{"taxonomy":"post_tag","embeddable":true,"href":"https:\/\/pps.ma\/fr\/wp-json\/wp\/v2\/tags?post=7648"}],"curies":[{"name":"wp","href":"https:\/\/api.w.org\/{rel}","templated":true}]}}