{"id":7669,"date":"2018-11-11T16:52:21","date_gmt":"2018-11-11T16:52:21","guid":{"rendered":"http:\/\/ppsmaroc.com\/fr\/?p=7669"},"modified":"2018-11-11T16:52:21","modified_gmt":"2018-11-11T16:52:21","slug":"lhoraire-scolaire-la-tourmente","status":"publish","type":"post","link":"https:\/\/pps.ma\/fr\/7669\/","title":{"rendered":"L\u2019horaire scolaire, la tourmente !"},"content":{"rendered":"<p><img loading=\"lazy\" decoding=\"async\" class=\"aligncenter size-full wp-image-6822\" src=\"http:\/\/ppsmaroc.com\/fr\/wp-content\/uploads\/2015\/11\/Saoudi-El-Amalki.jpg\" alt=\"\" width=\"640\" height=\"430\" srcset=\"https:\/\/pps.ma\/fr\/wp-content\/uploads\/2015\/11\/Saoudi-El-Amalki.jpg 640w, https:\/\/pps.ma\/fr\/wp-content\/uploads\/2015\/11\/Saoudi-El-Amalki-300x202.jpg 300w, https:\/\/pps.ma\/fr\/wp-content\/uploads\/2015\/11\/Saoudi-El-Amalki-90x60.jpg 90w, https:\/\/pps.ma\/fr\/wp-content\/uploads\/2015\/11\/Saoudi-El-Amalki-180x120.jpg 180w, https:\/\/pps.ma\/fr\/wp-content\/uploads\/2015\/11\/Saoudi-El-Amalki-95x64.jpg 95w\" sizes=\"auto, (max-width: 640px) 100vw, 640px\" \/><br \/>\n<span style=\"color: #3366ff;\">Saoudi El Amalki<\/span><\/p>\n<p>A l\u2019instar de nombre de r\u00e9gions du pays, la capitale du Souss a v\u00e9cu, samedi dernier, le d\u00e9ferlement d\u2019une mar\u00e9e d\u2019\u00e9l\u00e8ves sur la rue pour former un imposant sitting devant la Wilaya d\u2019Agadir. Ce sont des milliers de gamins d\u00e9chain\u00e9s et fort bruyants, venus de plusieurs \u00e9tablissements scolaires, y compris de la p\u00e9riph\u00e9rie, tel Anza et Aourir qui ont pr\u00e9cipitamment pris d\u2019assaut les principales art\u00e8res de l\u00e0 villes pour vocif\u00e9rer leurs slogans et arborer leurs \u00e9tendards. A l\u2019instant m\u00eame, se tenait tout pr\u00e8s, \u00e0 la salle de la b\u00e2tisse pr\u00e9cit\u00e9e, une conf\u00e9rence de presse, anim\u00e9e par le directeur de l\u2019acad\u00e9mie, en compagnie du directeur provincial et le pr\u00e9sident de la f\u00e9d\u00e9ration des associations des parents d\u2019\u00e9l\u00e8ves, afin de faire part aux journalistes des mesures prises, relatives \u00e0 la r\u00e9partition de la plage temporelle des \u00e9tudes consenties aux apprenants, aussi bien du primaire que du secondaire.<\/p>\n<p>Ces petits \u00e9meutiers qui sillonnent les avenues de la cit\u00e9 et s\u2019ing\u00e9nient \u00e0 se manifester en public, face aux agents du service d\u2019ordre lourdement \u00e9quip\u00e9s jusqu\u2019aux dents et pr\u00eats \u00e0 tabasser les manifestants au moindre signal des sup\u00e9rieurs, sont certainement victimes d\u2019une manipulation ext\u00e9rieure qui cherchent \u00e0 attiser davantage une situation surchauff\u00e9e. A voir ces garnements arborer des fanions et prof\u00e9rer des propos hostiles, dans un sch\u00e9ma \u00e9volutif savamment trac\u00e9, on est plut\u00f4t tendance \u00e0 deviner que ces mioches sont quasiment aux abois, cern\u00e9s par des commanditaires \u00e0 l\u2019aff\u00fbt. Pendant ce temps, les forces de s\u00e9curit\u00e9 ne se hasardent gu\u00e8re \u00e0 riposter et se contentent \u00e0 accompagner la horde des marcheurs en grande \u00e9bullition. Bien \u00e9videmment, on ne peut s\u2019en prendre \u00e0 des chenapans r\u00e9volt\u00e9s, tant qu\u2019il n\u2019y a pas de d\u00e9g\u00e2ts au passage ni agressions aux passants. Mais, le d\u00e9clic du d\u00e9rapage est attendu \u00e0 tout moment !<\/p>\n<p>La probl\u00e9matique de la question de l\u2019horaire scolaire est en passe donc de jeter la soci\u00e9t\u00e9 dans une v\u00e9ritable tourmente. Incontestablement, cet \u00e9tat peu rassurant dans lequel est jet\u00e9 le secteur de l\u2019enseignement est d\u00fb, en particulier \u00e0 l\u2019absence de concertation sur ce sujet, en amont. Le caract\u00e8re h\u00e2tif et exp\u00e9ditif dont avait fait preuve le gouvernement ne peut qu\u2019engendrer la confusion et la col\u00e8re, parmi les familles marocaines, prise au d\u00e9pourvu. Actuellement, on se mobilise pour rem\u00e9dier \u00e0 cette b\u00e9vue, en aval. Il y va maintenant de la stabilit\u00e9 de toute une nation qui se devrait, chacun de son c\u00f4t\u00e9, de colmater les br\u00e8ches des gouvernants en d\u00e9tresse. Il n\u2019est pas question d\u2019hypoth\u00e9quer la vie scolaire de ces galopins ni d\u2019alimenter les malveillances des extr\u00e9mistes !<\/p>\n","protected":false},"excerpt":{"rendered":"<p>Saoudi El Amalki A l\u2019instar de nombre de r\u00e9gions du pays, la capitale du Souss a v\u00e9cu, samedi dernier, le d\u00e9ferlement d\u2019une mar\u00e9e d\u2019\u00e9l\u00e8ves sur la rue pour former un imposant sitting devant la Wilaya d\u2019Agadir. Ce sont des milliers de gamins d\u00e9chain\u00e9s et fort bruyants, venus de plusieurs \u00e9tablissements scolaires, y compris de la [&hellip;]<\/p>\n","protected":false},"author":1,"featured_media":6822,"comment_status":"open","ping_status":"open","sticky":false,"template":"","format":"standard","meta":{"footnotes":""},"categories":[18],"tags":[],"class_list":["post-7669","post","type-post","status-publish","format-standard","has-post-thumbnail","hentry","category-point-de-vue"],"_links":{"self":[{"href":"https:\/\/pps.ma\/fr\/wp-json\/wp\/v2\/posts\/7669","targetHints":{"allow":["GET"]}}],"collection":[{"href":"https:\/\/pps.ma\/fr\/wp-json\/wp\/v2\/posts"}],"about":[{"href":"https:\/\/pps.ma\/fr\/wp-json\/wp\/v2\/types\/post"}],"author":[{"embeddable":true,"href":"https:\/\/pps.ma\/fr\/wp-json\/wp\/v2\/users\/1"}],"replies":[{"embeddable":true,"href":"https:\/\/pps.ma\/fr\/wp-json\/wp\/v2\/comments?post=7669"}],"version-history":[{"count":1,"href":"https:\/\/pps.ma\/fr\/wp-json\/wp\/v2\/posts\/7669\/revisions"}],"predecessor-version":[{"id":7670,"href":"https:\/\/pps.ma\/fr\/wp-json\/wp\/v2\/posts\/7669\/revisions\/7670"}],"wp:featuredmedia":[{"embeddable":true,"href":"https:\/\/pps.ma\/fr\/wp-json\/wp\/v2\/media\/6822"}],"wp:attachment":[{"href":"https:\/\/pps.ma\/fr\/wp-json\/wp\/v2\/media?parent=7669"}],"wp:term":[{"taxonomy":"category","embeddable":true,"href":"https:\/\/pps.ma\/fr\/wp-json\/wp\/v2\/categories?post=7669"},{"taxonomy":"post_tag","embeddable":true,"href":"https:\/\/pps.ma\/fr\/wp-json\/wp\/v2\/tags?post=7669"}],"curies":[{"name":"wp","href":"https:\/\/api.w.org\/{rel}","templated":true}]}}