{"id":7674,"date":"2018-11-21T19:52:06","date_gmt":"2018-11-21T19:52:06","guid":{"rendered":"http:\/\/ppsmaroc.com\/fr\/?p=7674"},"modified":"2018-11-21T19:52:06","modified_gmt":"2018-11-21T19:52:06","slug":"conceptualisation","status":"publish","type":"post","link":"https:\/\/pps.ma\/fr\/7674\/","title":{"rendered":"Conceptualisation"},"content":{"rendered":"<p><img loading=\"lazy\" decoding=\"async\" class=\"aligncenter size-full wp-image-7337\" src=\"http:\/\/ppsmaroc.com\/fr\/wp-content\/uploads\/2017\/11\/Abdeslam-Seddiki.png\" alt=\"\" width=\"669\" height=\"447\" srcset=\"https:\/\/pps.ma\/fr\/wp-content\/uploads\/2017\/11\/Abdeslam-Seddiki.png 669w, https:\/\/pps.ma\/fr\/wp-content\/uploads\/2017\/11\/Abdeslam-Seddiki-300x200.png 300w, https:\/\/pps.ma\/fr\/wp-content\/uploads\/2017\/11\/Abdeslam-Seddiki-90x60.png 90w, https:\/\/pps.ma\/fr\/wp-content\/uploads\/2017\/11\/Abdeslam-Seddiki-180x120.png 180w, https:\/\/pps.ma\/fr\/wp-content\/uploads\/2017\/11\/Abdeslam-Seddiki-95x64.png 95w\" sizes=\"auto, (max-width: 669px) 100vw, 669px\" \/><\/p>\n<p><span style=\"color: #3366ff;\">Par\u00a0 Abdeslam Seddiki<\/span><\/p>\n<p><span style=\"font-weight: 400;\">A l\u2019heure o\u00f9 il est question de mettre en place un \u00ab\u00a0nouveau mod\u00e8le de d\u00e9veloppement\u00a0\u00bb, nous pensons qu\u2019il serait utile de clarifier les choses pour savoir au juste de quoi \u00a0on parle et cadrer le d\u00e9bat sur le plan conceptuel. Car les termes et les concepts ont bien un sens et une port\u00e9e. Et c\u2019est en respectant le sens des termes utilis\u00e9s qu\u2019on arrive \u00e0 communiquer et \u00e0 s\u2019entendre. Dans le cas contraire, on vire vers un \u00ab\u00a0\u00a0dialogue de sourds\u00a0\u00bb si ce n\u2019est \u00a0vers un monologue\u00a0!<\/span><\/p>\n<p><span style=\"font-weight: 400;\">En effet, un mod\u00e8le de d\u00e9veloppement ne peut se r\u00e9duire ni \u00e0 un mod\u00e8le de croissance, ni \u00e0 un programme gouvernemental \u00a0(ou plan d\u2019action). Le d\u00e9veloppement est un concept beaucoup plus large que la notion de croissance. Alors que celle-ci se mesure par l\u2019\u00e9volution du seul agr\u00e9gat du Produit Int\u00e9rieur \u00a0Brut (PIB), le d\u00e9veloppement, par contre, int\u00e8gre d\u2019autres variables relatives \u00e0 la r\u00e9partition de la richesse produite, \u00e0 l\u2019am\u00e9lioration des conditions de vie de la population, aux modifications de structures qu\u2019il induit\u2026.On dira avec Aziz Belal que le d\u00e9veloppement \u00a0est \u00ab<\/span><i><span style=\"font-weight: 400;\">un processus cumulatif socialement ma\u00eetris\u00e9 et continu de croissance des forces productives, englobant l&rsquo;ensemble de l&rsquo;\u00e9conomie et de la population, \u00e0 la suite de mutations structurelles profondes permettant la mise \u00e0 jour de forces et de m\u00e9canismes internes d&rsquo;accumulation et de progr\u00e8s<\/span><\/i><span style=\"font-weight: 400;\">\u00a0\u00bb. D\u2019une fa\u00e7on plus concr\u00e8te, le PNUD, en \u00e9laborant son indice de d\u00e9veloppement humain, consid\u00e8re que le d\u00e9veloppement est compos\u00e9 de trois param\u00e8tres\u00a0: une vie longue et saine, une \u00e9ducation utile et un niveau de vie digne. <\/span><\/p>\n<p><span style=\"font-weight: 400;\"> On le voit, un pays peut enregistrer des taux de croissance les plus \u00e9lev\u00e9s au monde sans r\u00e9aliser pour autant son d\u00e9veloppement. \u00a0Ce qui nous laisse croire que le Maroc, n\u2019a pas connu depuis l\u2019ind\u00e9pendance de \u00ab\u00a0mod\u00e8le de d\u00e9veloppement\u00a0\u00bb stricto sensu, du moins dans sa forme \u00e9labor\u00e9e. Les diff\u00e9rents\u00a0 \u00ab\u00a0plans de d\u00e9veloppement\u00a0\u00bb qui se sont succ\u00e9d\u00e9 depuis l\u2019ind\u00e9pendance \u00a0(plan biennal 1958-1959\u00a0; plan 1960-1964\u00a0; plan triennal 1965-1967\u00a0; plan 1968-1972\u00a0; plan 1973-1977\u00a0; plan triennal 1978-198O et plan 1981-1985) ne traduisaient pas une conception donn\u00e9e de d\u00e9veloppement et ne s\u2019ins\u00e9raient pas dans un mod\u00e8le de d\u00e9veloppement. Ils rassemblaient un catalogue de mesures \u00e9labor\u00e9es par des technocrates \u00a0sans aucune prise sur la r\u00e9alit\u00e9. Leur \u00e9chec \u00e9tait garanti d\u2019avance\u00a0! D\u2019ailleurs, le plan 1981-1985 fut abandonn\u00e9 au milieu du parcours suite aux fourches caudines du FMI. Malheureusement, le plan de d\u00e9veloppement pr\u00e9par\u00e9 par le gouvernement d\u2019alternance, couvrant la p\u00e9riode 2000-2004 et qui a fait l\u2019objet d\u2019un v\u00e9ritable d\u00e9bat national est rest\u00e9 \u00e0 son tour lettre morte pour des raisons qui demeurent jusqu\u2019\u00e0 pr\u00e9sent obscures. On lui a pr\u00e9f\u00e9r\u00e9 des programmes sectoriels sans convergence et sans \u00e2me\u00a0! <\/span><\/p>\n<p><span style=\"font-weight: 400;\">Le mod\u00e8le de d\u00e9veloppement ne peut \u00eatre envisag\u00e9 plus qu\u2019une vision sur la soci\u00e9t\u00e9 de demain, un choix pour b\u00e2tir un type de soci\u00e9t\u00e9, une philosophie d\u2019avenir. Bref, un cadre de r\u00e9f\u00e9rence pour \u00e9laborer les politiques publiques d\u2019un pays. \u00a0A ce titre, il peut exister une multitude de mod\u00e8les \u00e0 tel point que chaque pays peut se targuer de disposer de son \u00ab\u00a0propre mod\u00e8le\u00a0\u00bb. Ne parle-t-on pas d\u2019ailleurs de \u00ab\u00a0mod\u00e8le chinois\u00a0\u00bb, de \u00ab\u00a0mod\u00e8le fran\u00e7ais\u00a0\u00bb de \u00ab\u00a0mod\u00e8le russe\u00a0\u00bb, de \u00ab\u00a0mod\u00e8le ivoirien\u00a0\u00bb et que sais-je encore\u00a0? On peut multiplier les exemples \u00e0 volont\u00e9. Ce qui revient \u00e0 dire que nous devons mettre en place notre propre mod\u00e8le de d\u00e9veloppement, celui qui convient le mieux \u00e0 notre peuple, qui r\u00e9pond le plus \u00e0 ses attentes l\u00e9gitimes, qui prend en consid\u00e9ration nos sp\u00e9cificit\u00e9s culturelles \u00a0et historiques, qui utilise au mieux les ressources disponibles et potentielles, qui cimente notre unit\u00e9 nationale et notre sentiment d\u2019appartenance \u00e0 cette maison commune qu\u2019est la patrie.<\/span><\/p>\n<p><span style=\"font-weight: 400;\">Nous sommes donc appel\u00e9s \u00e0 r\u00e9pondre aux questions fondamentales suivantes\u00a0: Quelle (s) finalit\u00e9(s) du processus de d\u00e9veloppement et quelle place accorder au citoyen marocain\u00a0? Quels r\u00f4les pour les diff\u00e9rents acteurs\u00a0: Etat, secteur priv\u00e9, soci\u00e9t\u00e9 civile\u00a0? Quel syst\u00e8me de production, \u00a0quelles priorit\u00e9s sectorielles et quel type d\u2019organisation du travail\u00a0? Quel mode de r\u00e9gulation et quelles formes de gouvernance \u00e0 mettre en place\u00a0? Comment int\u00e9grer les facteurs non-\u00e9conomiques (culture, valeurs nationales, \u2026) dans le d\u00e9veloppement\u00a0? Quelle articulation entre d\u00e9mocratie et d\u00e9veloppement\u00a0? Quelles formes d\u2019int\u00e9gration dans le syst\u00e8me mondial \u00a0et la nouvelle division internationale du travail\u00a0?<\/span><\/p>\n<p><span style=\"font-weight: 400;\">Les r\u00e9ponses consensuelles \u00e0 ces questions constitueront le socle du \u00ab\u00a0nouveau mod\u00e8le de d\u00e9veloppement\u00a0\u00bb dans ses multiples dimensions\u00a0: politique, \u00e9conomique, sociale, culturelle voire \u00e9cologique, \u00a0et la quintessence d\u2019un nouveau compromis historique en phase avec l\u2019esprit de la constitution 2011. Pour le reste, la concurrence restera ouverte entre les principaux acteurs et les forces politiques. \u00a0Les r\u00e8gles du jeu seront d\u00e9sormais claires et accept\u00e9es par tous. Que le meilleur gagne\u00a0! En derni\u00e8re instance c\u2019est le pays dans son ensemble qui gagnera. C\u2019est la d\u00e9mocratie qui s\u2019en sortira renforc\u00e9e.<\/span><\/p>\n<p><span style=\"font-weight: 400; color: #3366ff;\">Al Bayane du jeudi 22 novembre 2018<\/span><\/p>\n<p>&nbsp;<\/p>\n","protected":false},"excerpt":{"rendered":"<p>Par\u00a0 Abdeslam Seddiki A l\u2019heure o\u00f9 il est question de mettre en place un \u00ab\u00a0nouveau mod\u00e8le de d\u00e9veloppement\u00a0\u00bb, nous pensons qu\u2019il serait utile de clarifier les choses pour savoir au juste de quoi \u00a0on parle et cadrer le d\u00e9bat sur le plan conceptuel. Car les termes et les concepts ont bien un sens et une [&hellip;]<\/p>\n","protected":false},"author":1,"featured_media":7337,"comment_status":"open","ping_status":"open","sticky":false,"template":"","format":"standard","meta":{"footnotes":""},"categories":[18],"tags":[],"class_list":["post-7674","post","type-post","status-publish","format-standard","has-post-thumbnail","hentry","category-point-de-vue"],"_links":{"self":[{"href":"https:\/\/pps.ma\/fr\/wp-json\/wp\/v2\/posts\/7674","targetHints":{"allow":["GET"]}}],"collection":[{"href":"https:\/\/pps.ma\/fr\/wp-json\/wp\/v2\/posts"}],"about":[{"href":"https:\/\/pps.ma\/fr\/wp-json\/wp\/v2\/types\/post"}],"author":[{"embeddable":true,"href":"https:\/\/pps.ma\/fr\/wp-json\/wp\/v2\/users\/1"}],"replies":[{"embeddable":true,"href":"https:\/\/pps.ma\/fr\/wp-json\/wp\/v2\/comments?post=7674"}],"version-history":[{"count":1,"href":"https:\/\/pps.ma\/fr\/wp-json\/wp\/v2\/posts\/7674\/revisions"}],"predecessor-version":[{"id":7675,"href":"https:\/\/pps.ma\/fr\/wp-json\/wp\/v2\/posts\/7674\/revisions\/7675"}],"wp:featuredmedia":[{"embeddable":true,"href":"https:\/\/pps.ma\/fr\/wp-json\/wp\/v2\/media\/7337"}],"wp:attachment":[{"href":"https:\/\/pps.ma\/fr\/wp-json\/wp\/v2\/media?parent=7674"}],"wp:term":[{"taxonomy":"category","embeddable":true,"href":"https:\/\/pps.ma\/fr\/wp-json\/wp\/v2\/categories?post=7674"},{"taxonomy":"post_tag","embeddable":true,"href":"https:\/\/pps.ma\/fr\/wp-json\/wp\/v2\/tags?post=7674"}],"curies":[{"name":"wp","href":"https:\/\/api.w.org\/{rel}","templated":true}]}}