{"id":7676,"date":"2018-11-22T12:26:10","date_gmt":"2018-11-22T12:26:10","guid":{"rendered":"http:\/\/ppsmaroc.com\/fr\/?p=7676"},"modified":"2018-11-22T12:28:41","modified_gmt":"2018-11-22T12:28:41","slug":"le-batiment-et-la-cohabitation","status":"publish","type":"post","link":"https:\/\/pps.ma\/fr\/7676\/","title":{"rendered":"Le b\u00e2timent et la cohabitation !"},"content":{"rendered":"<p><img loading=\"lazy\" decoding=\"async\" class=\"aligncenter size-full wp-image-7678\" src=\"http:\/\/ppsmaroc.com\/fr\/wp-content\/uploads\/2018\/11\/Screenshot_2.png\" alt=\"\" width=\"923\" height=\"366\" srcset=\"https:\/\/pps.ma\/fr\/wp-content\/uploads\/2018\/11\/Screenshot_2.png 923w, https:\/\/pps.ma\/fr\/wp-content\/uploads\/2018\/11\/Screenshot_2-300x119.png 300w, https:\/\/pps.ma\/fr\/wp-content\/uploads\/2018\/11\/Screenshot_2-768x305.png 768w\" sizes=\"auto, (max-width: 923px) 100vw, 923px\" \/><\/p>\n<p><span style=\"color: #3366ff;\">Saoudi El Amalki<\/span><\/p>\n<p>L\u2019actuel salon du b\u00e2timent qui se tient \u00e0 la foire internationale de Casablanca est, en fait, porteur de maints enseignements aussi viables que prometteurs de l\u2019un des secteurs les plus n\u00e9vralgiques dans notre pays. Cette 17\u00e8me manche suscite, tout particuli\u00e8rement, l\u2019int\u00e9r\u00eat, en ces moments sensibles de concilier l\u2019acte de b\u00e2tir avec le cadre de vie. Au-del\u00e0 de l\u2019exposition du produit et de ses nouveaut\u00e9s de plus de 800 entreprises, de 58 pays dont 12 africains, il ressort de cette activit\u00e9 d\u2019envergure, la volont\u00e9 manifeste d\u2019harmoniser les projets de construction avec la n\u00e9cessit\u00e9 de vivre ensemble, sous un toit fiable et avenant. La r\u00e9cente strat\u00e9gie multi-services, initi\u00e9e par le d\u00e9partement de tutelle, il y a juste quelques jours, se veut r\u00e9solument d\u00e9tentrice de cette conception citoyenne, en plus de sa mission vitale de l\u2019habitation. Une vision fond\u00e9e sur des piliers fondateurs en mati\u00e8re de l\u2019offre, de la performance, de l\u2019accessibilit\u00e9, de la diversification et de la rentabilit\u00e9. En effet, urbaniser le territoire, c\u2019est aussi s\u00e9curiser la construction pour une vie d\u00e9cente !<\/p>\n<p>Il est bien certain que le secteur du b\u00e2timent est plus que jamais, en qu\u00eate d\u2019un nouveau souffle de structuration, de d\u00e9mocratisation et surtout d\u2019assainissement. Quand il se porte mal, c\u2019est toute la nomenclature de l\u2019arsenal des domaines y aff\u00e9rent qui en p\u00e2tit, puisqu\u2019il y est ins\u00e9parablement li\u00e9. Les pratiques illicites de la malfa\u00e7on, de la triche, de la d\u00e9robade ou encore de la sp\u00e9culation sont syst\u00e9matiquement \u00e0 bannir, \u00e0 travers la conjugaison des efforts de toutes les composantes du secteur et la rigueur des r\u00e8glementations, avec, n\u00e9anmoins, tout ce que l\u2019\u00e9bauche exige, dans bien des cas, de souplesse proc\u00e9duri\u00e8re. Cette vision novatrice semble bien se faire valoir, \u00e0 partir des \u00e9chantillons du pr\u00e9sent salon tenu sous le mot d\u2019ordre : \u00ab Construisons pour une meilleure vie commune ! \u00bb et r\u00e9parti sur plusieurs p\u00f4les d\u2019int\u00e9r\u00eat commun. Notamment, le volet scientifique que les initiateurs ont tenu d\u2019asseoir dans le cr\u00e9neau pour motiver la recherche et la novation.<\/p>\n<p>Sans doute, on retiendra cet espace de formation, mis en place \u00e0 l\u2019adresse de la qualification des professionnels, en mati\u00e8re d\u2019innovation de l\u2019offre, de p\u00e9rennit\u00e9 de la mati\u00e8re et d\u2019efficacit\u00e9 de l\u2019\u00e9nergie. De m\u00eame, il est bien question de cette capacit\u00e9 consid\u00e9rable du secteur en termes d\u2019emploi de main d\u2019\u0153uvre et de recrutement d\u2019experts et de cadres, toutes sp\u00e9cialit\u00e9s confondues. D\u2019autre part, on se focalisera \u00e9galement de cet ardent d\u00e9sir de s\u2019ouvrir sur l\u2019expertise mondiale en la mati\u00e8re, assurant, de ce fait, un large \u00e9change, plus sp\u00e9cialement avec des pays hupp\u00e9s dans le domaine. Dans le prolongement de la dynamique constante du rapprochement sud-sud, le salon s\u2019est, en particulier, pench\u00e9 sur le continent africain dont la C\u00f4te d\u2019Ivoire s\u2019\u00e9rige, cette ann\u00e9e, en statut honorifique d\u2019invit\u00e9 d\u2019honneur. Ce traitement sp\u00e9cial est d\u2019autant plus symbolique qu\u2019il approfondit davantage les liens d\u2019amiti\u00e9 et de coop\u00e9ration que notre pays ne cesse de consolider avec les pays africains.<\/p>\n<p>&nbsp;<\/p>\n","protected":false},"excerpt":{"rendered":"<p>Saoudi El Amalki L\u2019actuel salon du b\u00e2timent qui se tient \u00e0 la foire internationale de Casablanca est, en fait, porteur de maints enseignements aussi viables que prometteurs de l\u2019un des secteurs les plus n\u00e9vralgiques dans notre pays. Cette 17\u00e8me manche suscite, tout particuli\u00e8rement, l\u2019int\u00e9r\u00eat, en ces moments sensibles de concilier l\u2019acte de b\u00e2tir avec le [&hellip;]<\/p>\n","protected":false},"author":1,"featured_media":7678,"comment_status":"open","ping_status":"open","sticky":false,"template":"","format":"standard","meta":{"footnotes":""},"categories":[18],"tags":[],"class_list":["post-7676","post","type-post","status-publish","format-standard","has-post-thumbnail","hentry","category-point-de-vue"],"_links":{"self":[{"href":"https:\/\/pps.ma\/fr\/wp-json\/wp\/v2\/posts\/7676","targetHints":{"allow":["GET"]}}],"collection":[{"href":"https:\/\/pps.ma\/fr\/wp-json\/wp\/v2\/posts"}],"about":[{"href":"https:\/\/pps.ma\/fr\/wp-json\/wp\/v2\/types\/post"}],"author":[{"embeddable":true,"href":"https:\/\/pps.ma\/fr\/wp-json\/wp\/v2\/users\/1"}],"replies":[{"embeddable":true,"href":"https:\/\/pps.ma\/fr\/wp-json\/wp\/v2\/comments?post=7676"}],"version-history":[{"count":3,"href":"https:\/\/pps.ma\/fr\/wp-json\/wp\/v2\/posts\/7676\/revisions"}],"predecessor-version":[{"id":7680,"href":"https:\/\/pps.ma\/fr\/wp-json\/wp\/v2\/posts\/7676\/revisions\/7680"}],"wp:featuredmedia":[{"embeddable":true,"href":"https:\/\/pps.ma\/fr\/wp-json\/wp\/v2\/media\/7678"}],"wp:attachment":[{"href":"https:\/\/pps.ma\/fr\/wp-json\/wp\/v2\/media?parent=7676"}],"wp:term":[{"taxonomy":"category","embeddable":true,"href":"https:\/\/pps.ma\/fr\/wp-json\/wp\/v2\/categories?post=7676"},{"taxonomy":"post_tag","embeddable":true,"href":"https:\/\/pps.ma\/fr\/wp-json\/wp\/v2\/tags?post=7676"}],"curies":[{"name":"wp","href":"https:\/\/api.w.org\/{rel}","templated":true}]}}