{"id":7688,"date":"2018-12-19T11:25:00","date_gmt":"2018-12-19T11:25:00","guid":{"rendered":"http:\/\/ppsmaroc.com\/fr\/?p=7688"},"modified":"2018-12-19T11:25:00","modified_gmt":"2018-12-19T11:25:00","slug":"lafrique","status":"publish","type":"post","link":"https:\/\/pps.ma\/fr\/7688\/","title":{"rendered":"L\u2019Afrique"},"content":{"rendered":"<p><img loading=\"lazy\" decoding=\"async\" class=\"aligncenter size-full wp-image-7666\" src=\"http:\/\/ppsmaroc.com\/fr\/wp-content\/uploads\/2018\/11\/Seddiki-Abdeslam.jpg\" alt=\"\" width=\"508\" height=\"312\" srcset=\"https:\/\/pps.ma\/fr\/wp-content\/uploads\/2018\/11\/Seddiki-Abdeslam.jpg 508w, https:\/\/pps.ma\/fr\/wp-content\/uploads\/2018\/11\/Seddiki-Abdeslam-300x184.jpg 300w\" sizes=\"auto, (max-width: 508px) 100vw, 508px\" \/><\/p>\n<p><span style=\"color: #3366ff;\">Par\u00a0 Abdeslam Seddiki<\/span><\/p>\n<p>En paraphrasant Alain Peyrefitte qui \u00e9crivait son essai devenu un best-seller, il y a pr\u00e8s d\u2019un demi-si\u00e8cle (1973) \u00ab\u00a0Quand la Chine s&rsquo;\u00e9veillera\u2026 le monde tremblera\u00a0\u00bb on peut dire la m\u00eame chose \u00e0 propos de l\u2019Afrique\u00a0: \u00ab\u00a0quand l\u2019Afrique s\u2019\u00e9veillera, le monde tremblera\u00a0\u00bb.\u00a0 Tout indique, en effet, qu\u2019apr\u00e8s l\u2019\u00e9veil effectif de la Chine devenue deuxi\u00e8me puissance mondiale et va tout droit pour occuper le fauteuil de leader dans les deux prochaines d\u00e9cennies, c\u2019est le tour de l\u2019Afrique, longtemps oubli\u00e9e, de faire parler d\u2019elle dans la deuxi\u00e8me moiti\u00e9 de ce si\u00e8cle. C\u2019est du moins la conclusion qui se d\u00e9gage d\u2019un r\u00e9cent rapport que vient de publier\u00a0 l\u2019IRES, intitul\u00e9 \u00ab\u00a0Pour un d\u00e9veloppement autonome de l\u2019Afrique\u00a0\u00bb.(Rapport strat\u00e9gique 2018)<\/p>\n<p>Comme l\u2019\u00e9crivait pertinemment le DG de ce think-tank\u00a0: \u00ab\u00a0l\u2019autonomie ne signifie pas \u00eatre ind\u00e9pendant. Elle incarne la capacit\u00e9 pour l\u2019Afrique \u00e0 d\u00e9cider pour elle-m\u00eame et \u00e0 faire entendre sa voix dans le concert des nations\u00a0\u00bb. Et de pr\u00e9ciser\u00a0: \u00abL\u2019Afrique est en marche et elle a besoin, pour devenir autonome, d\u2019une nouvelle vision du monde qui soit panafricaine, en faveur d\u2019un projet africain\u00a0 plan\u00e9taire et civilisationnel\u2026\u00a0 l\u2019Afrique doit sauter les \u00e9tapes, en termes de d\u00e9veloppement pour emprunter un autre chemin vers la croissance\u00a0\u00bb. En empruntant\u00a0 une m\u00e9thodologie historique et prospective, le rapport a analys\u00e9 l\u2019Afrique en trois moments\u00a0: hier, aujourd\u2019hui et demain.<\/p>\n<p>Hier en remontant plusieurs si\u00e8cles en arri\u00e8re pour d\u00e9montrer que ce continent \u00e9tait loin d\u2019\u00eatre un no-mans land\u00a0: il fut \u00e0 la fois\u00a0 le berceau de l\u2019humanit\u00e9, le berceau des civilisations et le berceau de mondialit\u00e9. Ce qui fait que tous les vivants de cette plan\u00e8te ont quelque part une origine africaine\u00a0! Aujourd\u2019hui, et c\u2019est un lieu commun de le dire, le Continent\u00a0 se d\u00e9bat dans une s\u00e9rie de probl\u00e8mes et traverse des moments difficiles dont il commence \u00e0 peine \u00e0 se relever\u00a0: guerres civiles, s\u00e9cheresses r\u00e9p\u00e9titives dues aux changements climatiques,\u00a0 pauvret\u00e9 end\u00e9mique, migrations humaines en masse,\u00a0 une situation sanitaire d\u00e9grad\u00e9e\u2026pour ne citer que ces exemples.\u00a0 Le continent se pr\u00e9pare, tant bien que mal, \u00e0 la transition\u00a0 en trouvant des solutions idoines \u00e0 trois \u00ab\u00a0grands n\u0153uds du futur\u00a0\u00bb pour reprendre les termes dudit rapport \u00a0: la pouss\u00e9e urbaine (accueillir 1 milliard de citadins d\u2019ici 20 ans sachant que la population globale du continent fera plus que doubler entre 2015 et 2050)\u00a0; la transformation rurale (pour alimenter convenablement la population et combattre la sous-alimentation qui touche actuellement pr\u00e8s de 20% des habitants)\u00a0; le double enjeu de la s\u00e9curit\u00e9 et de la gouvernance (conditions sine qua non pour le d\u00e9veloppement).<\/p>\n<p>Pour gagner cette bataille, l\u2019Afrique n\u2019est pas d\u00e9sarm\u00e9e. Elle a des atouts\u00a0: richesses naturelles consid\u00e9rables, une jeunesse laborieuse, une culture de solidarit\u00e9 et de tol\u00e9rance,\u00a0 une diaspora attach\u00e9e \u00e0 ses origines, une volont\u00e9 r\u00e9elle d\u2019\u00e9pouser les valeurs universelles de d\u00e9mocratie et des droits humains\u2026 Ce n\u2019est pas un hasard que l\u2019Afrique est convoit\u00e9e de toutes parts et les grandes puissances se bousculent au portillon car c\u2019est l\u00e0 o\u00f9 les opportunit\u00e9s d\u2019investissement s\u2019annoncent extr\u00eamement fructueuses. Mais l\u2019Afrique, pour avoir v\u00e9cu la colonisation dans sa chaire, restera attach\u00e9e \u00e0 son ind\u00e9pendance. Le rapport d\u00e9c\u00e8le trois orientations strat\u00e9giques pour acqu\u00e9rir cette autonomie\u00a0: la prise en compte de son capital humain dans son enti\u00e8ret\u00e9 (migrants, femmes et jeunes)\u00a0; \u00a0le d\u00e9veloppement de l<em>\u2019ubuntu <\/em>qui g\u00e9n\u00e8re de nouveaux mod\u00e8les de progr\u00e8s humain \u00e0 travers l\u2019\u00e9ducation, l\u2019innovation ou la mobilit\u00e9 (l\u2019ubuntu est une doctrine africaine qui pr\u00f4ne l\u2019amour de son prochain)\u00a0; la r\u00e9conciliation de l\u2019africain avec lui-m\u00eame\u00a0 pour maximiser ses ressources culturelles et naturelles.<\/p>\n<p>Et le Maroc dans tout cela\u00a0? Il faut rappeler que notre pays prend toute sa part dans cette dynamique. Il apporte sa contribution \u00e0 quatre niveaux\u00a0: celui la gouvernance du continent \u00e0 travers le maintien de la paix, le renforcement de l\u2019unit\u00e9 africaine et une gestion intelligente et solidaire de la question migratoire\u00a0; le d\u00e9veloppement humain en renfor\u00e7ant les comp\u00e9tences africaines et en accueillant des milliers d\u2019\u00e9tudiants dans ses universit\u00e9s\u00a0; la transition \u00e9conomique dont le projet du gazoduc atlantique Maroc-Nig\u00e9ria et la Casa Finance City en tant que hub financier vers l\u2019Afrique sont des exemples patents\u00a0; l\u2019\u00e9co\u00ad-transition \u00e0 travers le passage \u00e0 un mod\u00e8le \u00e9conomique plus soutenable, inclusif et respectueux de l\u2019environnement. Le Maroc, parce qu\u2019il est \u00a0\u00a0authentiquement africain, croit en l\u2019Afrique, plaide toujours en sa faveur et tend sa main \u00e0 tous les Africains. SM le Roi n\u2019a eu de cesse de le dire et de le faire savoir \u00e0 tous Ses interlocuteurs \u00e0 l\u2019occasion de Ses multiples d\u00e9placements africains qui l\u2019ont \u00a0conduit, depuis son accession au tr\u00f4ne,\u00a0 dans 27 pays. Derri\u00e8re cette coop\u00e9ration tout azimut, il y a une vision clairement d\u00e9clin\u00e9e\u00a0:<\/p>\n<p>\u00ab\u00a0Ma vision de la coop\u00e9ration Sud-Sud est claire et constante : Mon pays partage ce qu\u2019il a, sans ostentation. Dans le cadre d\u2019une collaboration \u00e9clair\u00e9e, le Maroc, acteur \u00e9conomique de premier plan en Afrique, deviendra un moteur de l\u2019expansion commune\u2026<\/p>\n<p>Certains avancent que, par cet engagement, le Maroc viserait \u00e0 acqu\u00e9rir le leadership en Afrique. Je leur r\u00e9ponds que c\u2019est \u00e0 l\u2019Afrique que le Royaume cherche \u00e0 donner le leadership\u2026<\/p>\n<p>Mon pays opte pour le partage et le transfert de son savoir-faire ; il propose de b\u00e2tir concr\u00e8tement un avenir solidaire et s\u00fbr\u2026\u00a0\u00bb (Extrait du Discours Royal prononc\u00e9 devant le 28\u00e8me Sommet de l&rsquo;Union africaine, le 31 octobre 2017)<\/p>\n<p><span style=\"color: #3366ff;\">Al Bayane\u00a0 du mercredi 19 d\u00e9cembre 2018<\/span><\/p>\n","protected":false},"excerpt":{"rendered":"<p>Par\u00a0 Abdeslam Seddiki En paraphrasant Alain Peyrefitte qui \u00e9crivait son essai devenu un best-seller, il y a pr\u00e8s d\u2019un demi-si\u00e8cle (1973) \u00ab\u00a0Quand la Chine s&rsquo;\u00e9veillera\u2026 le monde tremblera\u00a0\u00bb on peut dire la m\u00eame chose \u00e0 propos de l\u2019Afrique\u00a0: \u00ab\u00a0quand l\u2019Afrique s\u2019\u00e9veillera, le monde tremblera\u00a0\u00bb.\u00a0 Tout indique, en effet, qu\u2019apr\u00e8s l\u2019\u00e9veil effectif de la Chine devenue [&hellip;]<\/p>\n","protected":false},"author":1,"featured_media":7666,"comment_status":"open","ping_status":"open","sticky":false,"template":"","format":"standard","meta":{"footnotes":""},"categories":[18],"tags":[],"class_list":["post-7688","post","type-post","status-publish","format-standard","has-post-thumbnail","hentry","category-point-de-vue"],"_links":{"self":[{"href":"https:\/\/pps.ma\/fr\/wp-json\/wp\/v2\/posts\/7688","targetHints":{"allow":["GET"]}}],"collection":[{"href":"https:\/\/pps.ma\/fr\/wp-json\/wp\/v2\/posts"}],"about":[{"href":"https:\/\/pps.ma\/fr\/wp-json\/wp\/v2\/types\/post"}],"author":[{"embeddable":true,"href":"https:\/\/pps.ma\/fr\/wp-json\/wp\/v2\/users\/1"}],"replies":[{"embeddable":true,"href":"https:\/\/pps.ma\/fr\/wp-json\/wp\/v2\/comments?post=7688"}],"version-history":[{"count":1,"href":"https:\/\/pps.ma\/fr\/wp-json\/wp\/v2\/posts\/7688\/revisions"}],"predecessor-version":[{"id":7689,"href":"https:\/\/pps.ma\/fr\/wp-json\/wp\/v2\/posts\/7688\/revisions\/7689"}],"wp:featuredmedia":[{"embeddable":true,"href":"https:\/\/pps.ma\/fr\/wp-json\/wp\/v2\/media\/7666"}],"wp:attachment":[{"href":"https:\/\/pps.ma\/fr\/wp-json\/wp\/v2\/media?parent=7688"}],"wp:term":[{"taxonomy":"category","embeddable":true,"href":"https:\/\/pps.ma\/fr\/wp-json\/wp\/v2\/categories?post=7688"},{"taxonomy":"post_tag","embeddable":true,"href":"https:\/\/pps.ma\/fr\/wp-json\/wp\/v2\/tags?post=7688"}],"curies":[{"name":"wp","href":"https:\/\/api.w.org\/{rel}","templated":true}]}}