{"id":7690,"date":"2018-12-21T15:51:15","date_gmt":"2018-12-21T15:51:15","guid":{"rendered":"http:\/\/ppsmaroc.com\/fr\/?p=7690"},"modified":"2018-12-21T16:11:51","modified_gmt":"2018-12-21T16:11:51","slug":"un-desequilibre-a-bannir","status":"publish","type":"post","link":"https:\/\/pps.ma\/fr\/7690\/","title":{"rendered":"Un d\u00e9s\u00e9quilibre \u00e0 bannir !"},"content":{"rendered":"<p>&nbsp;<\/p>\n<p><img loading=\"lazy\" decoding=\"async\" class=\"aligncenter size-full wp-image-7692\" src=\"http:\/\/ppsmaroc.com\/fr\/wp-content\/uploads\/2018\/12\/a-vrais-dire.png\" alt=\"\" width=\"610\" height=\"318\" srcset=\"https:\/\/pps.ma\/fr\/wp-content\/uploads\/2018\/12\/a-vrais-dire.png 610w, https:\/\/pps.ma\/fr\/wp-content\/uploads\/2018\/12\/a-vrais-dire-300x156.png 300w\" sizes=\"auto, (max-width: 610px) 100vw, 610px\" \/><\/p>\n<p><span style=\"color: #3366ff;\">Saoudi El Amalki<\/span><\/p>\n<p>Le crime barbare dont furent victimes les jeunes nordiques, flamboyantes de vie et de vitalit\u00e9, r\u00e9anime le d\u00e9bat sur l\u2019acte terroriste dans notre pays. On en parle un peu partout, \u00e0 longueur de journ\u00e9e, du petit matin au cr\u00e9puscule, l\u00e0 o\u00f9 les \u00e9changes refont surface autour de ce ph\u00e9nom\u00e8ne subit, depuis que le v\u00e9cu des citoyens \u00e0 \u00e9t\u00e9 soumis, petit \u00e0 petit, \u00e0 de profondes mutations dans son propre culte et rituel import\u00e9 du maudit Orient, il y a juste quelques ann\u00e9es. Il est bien vrai que la question religieuse \u00e9tait, de tout temps, pratiqu\u00e9e chez nous, dans la mod\u00e9ration la plus convenante aux pr\u00e9ceptes th\u00e9ologiques.<\/p>\n<p>De m\u00eame, depuis bien des lustres, notre pays entretenait des rapports de respect et de cohabitation avec les autres religions monoth\u00e9istes, notamment le juda\u00efsme, au moment m\u00eame o\u00f9 le conflit s\u2019enflammait au Golf. Ayant longtemps forg\u00e9 cette culture de tol\u00e9rance, notre pays s\u2019\u00e9rige en nation pionni\u00e8re en mati\u00e8re de la pratique saine et abstinente de l\u2019Islam. Il se paie m\u00eame le luxe de former nombre de pays africains, en particulier, en termes de pr\u00eaches religieuses. Aussi, faut-il le rappeler, cette question fut l\u2019objet de refonte et de qualification, \u00e0 travers des mesures de ma\u00eetrise de la chose religieuse au sommet de la pyramide, en vue d\u2019endiguer tout d\u00e9rapage<\/p>\n<p>Ceci \u00e9tant, on retiendra non sans un certain satisfecit, les prouesses de haute qualit\u00e9 des services s\u00e9curitaires, en mati\u00e8re de d\u00e9mant\u00e8lement des cellules terroristes qui empestent les quartiers les plus veules du royaume. Par-ci, par-l\u00e0, ces efforts, empreints de haut civisme, sont souvent r\u00e9compens\u00e9s par des arrestations in extremis, \u00e9pargnant la vie des \u00e2mes innocentes&#8230;C\u2019est autant dire que notre pays n\u2019a jamais \u00e9t\u00e9 fait pour produire ni h\u00e9berger des traditions de violence et de f\u00e9rocit\u00e9 qui lui \u00e9taient litt\u00e9ralement \u00e9trang\u00e8res.<\/p>\n<p>Cependant, on d\u00e9plorera les signes de rel\u00e2chement et de laxisme en ce sens que la profusion abusive de la vie religieuse, souvent li\u00e9e \u00e0 des usages burlesques qui nous viennent d\u2019ailleurs, envahit des lieux saints, des zaouias et m\u00eames des espaces vagues. De surcro\u00eet, ces attitudes loufoques qui s\u2019emparent des pratiquants \u00ab fanatis\u00e9s \u00bb tendent \u00e0 d\u00e9naturer les aspects corporel, comportemental et vestimentaire, \u00e0 mesure qu\u2019il mord \u00e0 l\u2019endoctrinement fatal. Ce laisser-aller excessif \u00e0 l\u2019\u00e9gard de la vie religieuse au d\u00e9triment de la vie civile, dans tous les recoins du quotidien, finit par dogmatiser le croyant et, \u00e0 des doses avanc\u00e9es, le d\u00e9raisonner et l\u2019exposer in\u00e9vitablement au diktat de la radicalit\u00e9.<\/p>\n<p>Dans un patelin du sud-est marocain, plus pr\u00e9cis\u00e9ment Boumalne Dad\u00e8s, \u00e0 titre d\u2019exemple, tout au long de plus de 25 kilom\u00e8tres de faubourg o\u00f9 les b\u00e2tisses s\u2019\u00e9l\u00e8vent de part et d\u2019autre de la route, on comptera une nu\u00e9e de mosqu\u00e9es juxtapos\u00e9es les unes pr\u00e8s des autres, \u00e0 seulement quelques m\u00e8tres d\u2019intervalle. On est tent\u00e9 donc de se demander si autant d\u2019\u00e9coles, de dispensaires, d\u2019aires de jeu, de foyers de femmes, de maisons de culture\u2026sont \u00e9galement plant\u00e9s sur cet interminable parcours citadin. Une aberration des plus insolites ! A propos, on croit savoir que plus de 60 000 mosqu\u00e9es sont \u00e9difi\u00e9es dans notre pays. Sur des millions de fid\u00e8les qui les fr\u00e9quentent, cinq fois par jours au moins, on pourra deviner, sans doute, le taux de contamin\u00e9s aux id\u00e9es hi\u00e9ratiques, sans r\u00e9flexion ni analyse. L\u2019espace n\u2019a jamais \u00e9t\u00e9 une primaut\u00e9 favorite pour d\u00e9terminer le degr\u00e9 de croyance !<\/p>\n","protected":false},"excerpt":{"rendered":"<p>&nbsp; Saoudi El Amalki Le crime barbare dont furent victimes les jeunes nordiques, flamboyantes de vie et de vitalit\u00e9, r\u00e9anime le d\u00e9bat sur l\u2019acte terroriste dans notre pays. On en parle un peu partout, \u00e0 longueur de journ\u00e9e, du petit matin au cr\u00e9puscule, l\u00e0 o\u00f9 les \u00e9changes refont surface autour de ce ph\u00e9nom\u00e8ne subit, depuis [&hellip;]<\/p>\n","protected":false},"author":1,"featured_media":7692,"comment_status":"open","ping_status":"open","sticky":false,"template":"","format":"standard","meta":{"footnotes":""},"categories":[18],"tags":[],"class_list":["post-7690","post","type-post","status-publish","format-standard","has-post-thumbnail","hentry","category-point-de-vue"],"_links":{"self":[{"href":"https:\/\/pps.ma\/fr\/wp-json\/wp\/v2\/posts\/7690","targetHints":{"allow":["GET"]}}],"collection":[{"href":"https:\/\/pps.ma\/fr\/wp-json\/wp\/v2\/posts"}],"about":[{"href":"https:\/\/pps.ma\/fr\/wp-json\/wp\/v2\/types\/post"}],"author":[{"embeddable":true,"href":"https:\/\/pps.ma\/fr\/wp-json\/wp\/v2\/users\/1"}],"replies":[{"embeddable":true,"href":"https:\/\/pps.ma\/fr\/wp-json\/wp\/v2\/comments?post=7690"}],"version-history":[{"count":2,"href":"https:\/\/pps.ma\/fr\/wp-json\/wp\/v2\/posts\/7690\/revisions"}],"predecessor-version":[{"id":7693,"href":"https:\/\/pps.ma\/fr\/wp-json\/wp\/v2\/posts\/7690\/revisions\/7693"}],"wp:featuredmedia":[{"embeddable":true,"href":"https:\/\/pps.ma\/fr\/wp-json\/wp\/v2\/media\/7692"}],"wp:attachment":[{"href":"https:\/\/pps.ma\/fr\/wp-json\/wp\/v2\/media?parent=7690"}],"wp:term":[{"taxonomy":"category","embeddable":true,"href":"https:\/\/pps.ma\/fr\/wp-json\/wp\/v2\/categories?post=7690"},{"taxonomy":"post_tag","embeddable":true,"href":"https:\/\/pps.ma\/fr\/wp-json\/wp\/v2\/tags?post=7690"}],"curies":[{"name":"wp","href":"https:\/\/api.w.org\/{rel}","templated":true}]}}